{"id":165586,"date":"2020-07-11T19:25:55","date_gmt":"2020-07-11T22:25:55","guid":{"rendered":"https:\/\/aconteceunovale.com.br\/portal\/?p=165586"},"modified":"2020-07-11T19:55:49","modified_gmt":"2020-07-11T22:55:49","slug":"recuperados-da-covid-19-nas-microrregioes-de-capelinha-e-diamantina-representam-mais-de-60-dos-casos-positivos","status":"publish","type":"post","link":"https:\/\/aconteceunovale.com.br\/portal\/?p=165586","title":{"rendered":"Recuperados da Covid-19 nas microrregi\u00f5es de Capelinha e Diamantina representam mais de 60% dos casos positivos"},"content":{"rendered":"\n<p>Os 22 munic\u00edpios das microrregi\u00f5es de Capelinha e Diamantina somam 148 moradores diagnosticados com a Covid-19 (doen\u00e7a causada pelo novo coronav\u00edrus). Levantamento realizado pelo Aconteceu no Vale, no in\u00edcio da noite deste s\u00e1bado (11\/7\/2020), indica que 90 pacientes est\u00e3o recuperados, dois morreram e 56 permanecem em acompanhamento.<\/p>\n\n\n\n<p>O n\u00famero de pacientes recuperados (curados) nas duas microrregi\u00f5es representa 60,8% dos infectados. Outra informa\u00e7\u00e3o positiva \u00e9 que 12 dos 22 munic\u00edpios n\u00e3o possuem nenhum caso ativo da Covid-19.<\/p>\n\n\n\n<h4 class=\"wp-block-heading\"><strong>Situa\u00e7\u00e3o epidemiol\u00f3gica da Covid-19 nas microrregi\u00f5es de Capelinha e Diamantina \u2013 11\/7\/2020 \u2013 18h10:<\/strong><\/h4>\n\n\n\n<figure class=\"wp-block-table\"><table><tbody><tr><td><strong>Munic\u00edpio<\/strong><\/td><td class=\"has-text-align-center\" data-align=\"center\"><strong>Casos<\/strong><\/td><td class=\"has-text-align-center\" data-align=\"center\"><strong>\u00d3bitos<\/strong><\/td><td class=\"has-text-align-center\" data-align=\"center\"><strong>Curados<\/strong><\/td><td class=\"has-text-align-center\" data-align=\"center\"><strong>Ativos<\/strong><\/td><\/tr><tr><td>Diamantina<\/td><td class=\"has-text-align-center\" data-align=\"center\">32<\/td><td class=\"has-text-align-center\" data-align=\"center\">1<\/td><td class=\"has-text-align-center\" data-align=\"center\">29 (90,6%)<\/td><td class=\"has-text-align-center\" data-align=\"center\">2<\/td><\/tr><tr><td>Datas<\/td><td class=\"has-text-align-center\" data-align=\"center\">26<\/td><td class=\"has-text-align-center\" data-align=\"center\">0<\/td><td class=\"has-text-align-center\" data-align=\"center\">5 (19,2%)<\/td><td class=\"has-text-align-center\" data-align=\"center\">21<\/td><\/tr><tr><td>Gouveia<\/td><td class=\"has-text-align-center\" data-align=\"center\">26<\/td><td class=\"has-text-align-center\" data-align=\"center\">0<\/td><td class=\"has-text-align-center\" data-align=\"center\">7 (26,9%)<\/td><td class=\"has-text-align-center\" data-align=\"center\">19<\/td><\/tr><tr><td>Itamarandiba<\/td><td class=\"has-text-align-center\" data-align=\"center\">15<\/td><td class=\"has-text-align-center\" data-align=\"center\">0<\/td><td class=\"has-text-align-center\" data-align=\"center\">14 (93,3%)<\/td><td class=\"has-text-align-center\" data-align=\"center\">1<\/td><\/tr><tr><td>Capelinha<\/td><td class=\"has-text-align-center\" data-align=\"center\">10<\/td><td class=\"has-text-align-center\" data-align=\"center\">0<\/td><td class=\"has-text-align-center\" data-align=\"center\">6 (60%)<\/td><td class=\"has-text-align-center\" data-align=\"center\">4<\/td><\/tr><tr><td>Turmalina<\/td><td class=\"has-text-align-center\" data-align=\"center\">10<\/td><td class=\"has-text-align-center\" data-align=\"center\">0<\/td><td class=\"has-text-align-center\" data-align=\"center\">9 (90%)<\/td><td class=\"has-text-align-center\" data-align=\"center\">1<\/td><\/tr><tr><td>Minas Novas<\/td><td class=\"has-text-align-center\" data-align=\"center\">6<\/td><td class=\"has-text-align-center\" data-align=\"center\">0<\/td><td class=\"has-text-align-center\" data-align=\"center\">4 (66,7%)<\/td><td class=\"has-text-align-center\" data-align=\"center\">2<\/td><\/tr><tr><td>Berilo<\/td><td class=\"has-text-align-center\" data-align=\"center\">5<\/td><td class=\"has-text-align-center\" data-align=\"center\">0<\/td><td class=\"has-text-align-center\" data-align=\"center\">2 (40%)<\/td><td class=\"has-text-align-center\" data-align=\"center\">3<\/td><\/tr><tr><td>Carbonita<\/td><td class=\"has-text-align-center\" data-align=\"center\">4<\/td><td class=\"has-text-align-center\" data-align=\"center\">0<\/td><td class=\"has-text-align-center\" data-align=\"center\">3 (75%)<\/td><td class=\"has-text-align-center\" data-align=\"center\">1<\/td><\/tr><tr><td>Couto de Magalh\u00e3es de Minas<\/td><td class=\"has-text-align-center\" data-align=\"center\">4<\/td><td class=\"has-text-align-center\" data-align=\"center\">0<\/td><td class=\"has-text-align-center\" data-align=\"center\">4 (100%)<\/td><td class=\"has-text-align-center\" data-align=\"center\">0<\/td><\/tr><tr><td>Presidente Kubitschek<\/td><td class=\"has-text-align-center\" data-align=\"center\">4<\/td><td class=\"has-text-align-center\" data-align=\"center\">0<\/td><td class=\"has-text-align-center\" data-align=\"center\">2 (50%)<\/td><td class=\"has-text-align-center\" data-align=\"center\">2<\/td><\/tr><tr><td>Aricanduva<\/td><td class=\"has-text-align-center\" data-align=\"center\">1<\/td><td class=\"has-text-align-center\" data-align=\"center\">0<\/td><td class=\"has-text-align-center\" data-align=\"center\">1 (100%)<\/td><td class=\"has-text-align-center\" data-align=\"center\">0<\/td><\/tr><tr><td>Francisco Badar\u00f3<\/td><td class=\"has-text-align-center\" data-align=\"center\">1<\/td><td class=\"has-text-align-center\" data-align=\"center\">0<\/td><td class=\"has-text-align-center\" data-align=\"center\">1 (100%)<\/td><td class=\"has-text-align-center\" data-align=\"center\">0<\/td><\/tr><tr><td>Jenipapo de Minas<\/td><td class=\"has-text-align-center\" data-align=\"center\">1<\/td><td class=\"has-text-align-center\" data-align=\"center\">0<\/td><td class=\"has-text-align-center\" data-align=\"center\">1 (100%)<\/td><td class=\"has-text-align-center\" data-align=\"center\">0<\/td><\/tr><tr><td>Jos\u00e9 Gon\u00e7alves de Minas<\/td><td class=\"has-text-align-center\" data-align=\"center\">1<\/td><td class=\"has-text-align-center\" data-align=\"center\">0<\/td><td class=\"has-text-align-center\" data-align=\"center\">1 (100%)<\/td><td class=\"has-text-align-center\" data-align=\"center\">0<\/td><\/tr><tr><td>S\u00e3o Gon\u00e7alo do Rio Preto<\/td><td class=\"has-text-align-center\" data-align=\"center\">1<\/td><td class=\"has-text-align-center\" data-align=\"center\">0<\/td><td class=\"has-text-align-center\" data-align=\"center\">1 (100%)<\/td><td class=\"has-text-align-center\" data-align=\"center\">0<\/td><\/tr><tr><td>Senador Modestino Gon\u00e7alves<\/td><td class=\"has-text-align-center\" data-align=\"center\">1<\/td><td class=\"has-text-align-center\" data-align=\"center\">1<\/td><td class=\"has-text-align-center\" data-align=\"center\">0 (0%)<\/td><td class=\"has-text-align-center\" data-align=\"center\">0<\/td><\/tr><tr><td>Angel\u00e2ndia<\/td><td class=\"has-text-align-center\" data-align=\"center\">0<\/td><td class=\"has-text-align-center\" data-align=\"center\">0<\/td><td class=\"has-text-align-center\" data-align=\"center\">0 (0%)<\/td><td class=\"has-text-align-center\" data-align=\"center\">0<\/td><\/tr><tr><td>Chapada do Norte<\/td><td class=\"has-text-align-center\" data-align=\"center\">0<\/td><td class=\"has-text-align-center\" data-align=\"center\">0<\/td><td class=\"has-text-align-center\" data-align=\"center\">0 (0%)<\/td><td class=\"has-text-align-center\" data-align=\"center\">0<\/td><\/tr><tr><td>Fel\u00edcio dos Santos<\/td><td class=\"has-text-align-center\" data-align=\"center\">0<\/td><td class=\"has-text-align-center\" data-align=\"center\">0<\/td><td class=\"has-text-align-center\" data-align=\"center\">0 (0%)<\/td><td class=\"has-text-align-center\" data-align=\"center\">0<\/td><\/tr><tr><td>Leme do Prado<\/td><td class=\"has-text-align-center\" data-align=\"center\">0<\/td><td class=\"has-text-align-center\" data-align=\"center\">0<\/td><td class=\"has-text-align-center\" data-align=\"center\">0 (0%)<\/td><td class=\"has-text-align-center\" data-align=\"center\">0<\/td><\/tr><tr><td>Veredinha<\/td><td class=\"has-text-align-center\" data-align=\"center\">0<\/td><td class=\"has-text-align-center\" data-align=\"center\">0<\/td><td class=\"has-text-align-center\" data-align=\"center\">0 (0%)<\/td><td class=\"has-text-align-center\" data-align=\"center\">0<\/td><\/tr><tr><td>&nbsp;<\/td><td class=\"has-text-align-center\" data-align=\"center\">&nbsp;<\/td><td class=\"has-text-align-center\" data-align=\"center\">&nbsp;<\/td><td class=\"has-text-align-center\" data-align=\"center\">&nbsp;<\/td><td class=\"has-text-align-center\" data-align=\"center\">&nbsp;<\/td><\/tr><tr><td>TOTAL<\/td><td class=\"has-text-align-center\" data-align=\"center\">148<\/td><td class=\"has-text-align-center\" data-align=\"center\">2<\/td><td class=\"has-text-align-center\" data-align=\"center\">90 (60,8%)<\/td><td class=\"has-text-align-center\" data-align=\"center\">56<\/td><\/tr><\/tbody><\/table><\/figure>\n\n\n\n<h2 class=\"wp-block-heading\"><strong>\u00daltimos boletins epidemiol\u00f3gicos<\/strong><\/h2>\n\n\n\n<figure class=\"wp-block-image size-large\"><img decoding=\"async\" src=\"https:\/\/aconteceu.info\/boletins\/corona_cap_dtna_11julho_1.png\" alt=\"\"\/><\/figure>\n\n\n\n<figure class=\"wp-block-image size-large\"><img decoding=\"async\" src=\"https:\/\/aconteceu.info\/boletins\/corona_cap_dtna_11julho_2.jpg\" alt=\"\"\/><\/figure>\n\n\n\n<figure class=\"wp-block-image size-large\"><img decoding=\"async\" src=\"https:\/\/aconteceu.info\/boletins\/corona_cap_dtna_11julho_3.jpg\" alt=\"\"\/><\/figure>\n\n\n\n<figure class=\"wp-block-image size-large\"><img decoding=\"async\" src=\"https:\/\/aconteceu.info\/boletins\/corona_cap_dtna_11julho_4.jpg\" alt=\"\"\/><\/figure>\n\n\n\n<figure class=\"wp-block-image size-large\"><img decoding=\"async\" src=\"https:\/\/aconteceu.info\/boletins\/corona_cap_dtna_11julho_5.png\" alt=\"\"\/><\/figure>\n\n\n\n<figure class=\"wp-block-image size-large\"><img decoding=\"async\" src=\"https:\/\/aconteceu.info\/boletins\/corona_cap_dtna_11julho_6.jpg\" alt=\"\"\/><\/figure>\n\n\n\n<figure class=\"wp-block-image size-large\"><img decoding=\"async\" src=\"https:\/\/aconteceu.info\/boletins\/corona_cap_dtna_11julho_7.jpg\" alt=\"\"\/><\/figure>\n\n\n\n<p class=\"has-background has-very-light-gray-background-color\">Quer saber as not\u00edcias do <strong>Aconteceu no Vale<\/strong> em primeira m\u00e3o? Siga-nos no Facebook <a rel=\"noreferrer noopener\" href=\"http:\/\/facebook.com\/aconteceunovale\" target=\"_blank\">@aconteceunovale<\/a>, Twitter <a rel=\"noreferrer noopener\" href=\"https:\/\/twitter.com\/noticiadosvales\" target=\"_blank\">@noticiadosvales<\/a> e Instagram <a rel=\"noreferrer noopener\" href=\"https:\/\/www.instagram.com\/aconteceunovale\" target=\"_blank\">@aconteceunovale<\/a>.<\/p>\n","protected":false},"excerpt":{"rendered":"<p>Os 22 munic\u00edpios das microrregi\u00f5es de Capelinha e Diamantina somam 148 moradores diagnosticados com a Covid-19 (doen\u00e7a causada pelo novo coronav\u00edrus). Levantamento realizado pelo Aconteceu no Vale, no in\u00edcio da noite deste s\u00e1bado (11\/7\/2020), indica que 90 pacientes est\u00e3o recuperados, dois morreram e 56 permanecem em acompanhamento. O n\u00famero de pacientes recuperados (curados) nas duas [&hellip;]<\/p>\n","protected":false},"author":1,"featured_media":165587,"comment_status":"open","ping_status":"closed","sticky":false,"template":"","format":"standard","meta":{"amp_status":"","footnotes":""},"categories":[40242,120],"tags":[132,224754,221709,223061,218007,221708,221616,223062,221398,221707,221615,223063,221710,223064,224309,224310,223916,224311,223915,224312,224224,224313,218179,221711,221622,223065,218765,224314,225006,1018,198,221784,224677,221712,221713,222693,221716,224739,149,221919,223071,224738,221714,223072,65998,224633,224348,223380,222429,221715,223077,68996,223073,223074,223060,154,223066,223067,223068,223069,223070,225067,224720,221920,223075,222599,223076],"class_list":["post-165586","post","type-post","status-publish","format-standard","has-post-thumbnail","hentry","category-saude-2","category-jequi","tag-capelinha","tag-capelinha-registra-mais-dois-casos-de-coronavirus","tag-caso-confirmado-de-coronavirus-em-diamantina","tag-caso-confirmado-de-coronavirus-em-serro","tag-caso-de-coronavirus-em-capelinha","tag-caso-de-coronavirus-em-diamantina","tag-caso-de-coronavirus-em-itamarandiba","tag-caso-de-coronavirus-em-serro","tag-caso-de-covid-19-em-capelinha","tag-caso-de-covid-19-em-diamantina","tag-caso-de-covid-19-em-itamarandiba","tag-caso-de-covid-19-em-serro","tag-confirmado-o-primeiro-caso-de-coronavirus-em-diamantina","tag-confirmado-o-primeiro-caso-de-coronavirus-em-serro","tag-confirmado-o-quarto-caso-de-covid-19-em-capelinha","tag-confirmado-o-quarto-caso-de-covid-19-em-itamarandiba","tag-confirmado-o-segundo-caso-de-coronavirus-em-capelinha","tag-confirmado-o-segundo-caso-de-coronavirus-em-itamarandiba","tag-confirmado-o-segundo-caso-de-covid-19-em-capelinha","tag-confirmado-o-segundo-caso-de-covid-19-em-itamarandiba","tag-confirmado-o-terceiro-caso-de-covid-19-em-capelinha","tag-confirmado-o-terceiro-caso-de-covid-19-em-itamarandiba","tag-coronavirus-em-capelinha","tag-coronavirus-em-diamantina","tag-coronavirus-em-itamarandiba","tag-coronavirus-em-serro","tag-covid-19-em-capelinha","tag-covid-19-em-itamarandiba","tag-curados-da-covid-19-em-diamantina-representam-81-dos-casos-positivos","tag-destaque","tag-diamantina","tag-diamantina-confirma-mais-quatro-casos-de-covid-19","tag-diamantina-confirma-obito-de-crianca-por-covid-19","tag-diamantina-coronavirus","tag-diamantina-covid-19","tag-diamantina-tem-cinco-pacientes-recuperados-da-covid-19","tag-diamantina-tem-primeiro-caso-confirmado-de-coronavirus","tag-funcionamento-do-comercio-de-capelinha","tag-itamarandiba","tag-novas-medidas-obrigatorias-para-os-supermercados-de-diamantina","tag-novas-medidas-obrigatorias-para-os-supermercados-de-serro","tag-novas-regras-para-o-comercio-de-capelinha-passam-a-valer-neste-sabado","tag-paciente-com-coronavirus-em-diamantina","tag-paciente-com-coronavirus-em-serro","tag-prefeitura-de-capelinha","tag-prefeitura-de-capelinha-confirma-dois-novos-casos-de-covid-19","tag-prefeitura-de-capelinha-confirma-quinto-caso-de-covid-19","tag-prefeitura-de-diamantina-confirma-dois-novos-casos-de-covid-19","tag-prefeitura-de-diamantina-confirma-mais-um-caso-de-coronavirus","tag-prefeitura-de-diamantina-confirma-primeiro-caso-de-coronavirus","tag-prefeitura-de-diamantina-confirma-primeiro-obito-por-covid-19","tag-prefeitura-de-itamarandiba","tag-prefeitura-de-serro-confirma-mais-um-caso-de-coronavirus","tag-prefeitura-de-serro-confirma-primeiro-caso-de-coronavirus","tag-prefeitura-de-serro-confirma-primeiro-obito-por-covid-19","tag-serro","tag-serro-confirma-mais-quatro-casos-de-covid-19","tag-serro-coronavirus","tag-serro-covid-19","tag-serro-tem-cinco-pacientes-recuperados-da-covid-19","tag-serro-tem-primeiro-caso-confirmado-de-coronavirus","tag-sobe-para-10-o-numero-de-casos-confirmados-de-covid-19-em-capelinha-seis-pacientes-estao-recuperados","tag-sobe-para-13-o-numero-de-casos-confirmados-de-coronavirus-em-itamarandiba","tag-sobe-para-7-o-numero-de-casos-confirmados-de-covid-19-em-diamantina","tag-sobe-para-7-o-numero-de-casos-confirmados-de-covid-19-em-serro","tag-sobe-para-9-o-numero-de-casos-confirmados-de-covid-19-em-diamantina","tag-sobe-para-9-o-numero-de-casos-confirmados-de-covid-19-em-serro"],"_links":{"self":[{"href":"https:\/\/aconteceunovale.com.br\/portal\/index.php?rest_route=\/wp\/v2\/posts\/165586","targetHints":{"allow":["GET"]}}],"collection":[{"href":"https:\/\/aconteceunovale.com.br\/portal\/index.php?rest_route=\/wp\/v2\/posts"}],"about":[{"href":"https:\/\/aconteceunovale.com.br\/portal\/index.php?rest_route=\/wp\/v2\/types\/post"}],"author":[{"embeddable":true,"href":"https:\/\/aconteceunovale.com.br\/portal\/index.php?rest_route=\/wp\/v2\/users\/1"}],"replies":[{"embeddable":true,"href":"https:\/\/aconteceunovale.com.br\/portal\/index.php?rest_route=%2Fwp%2Fv2%2Fcomments&post=165586"}],"version-history":[{"count":3,"href":"https:\/\/aconteceunovale.com.br\/portal\/index.php?rest_route=\/wp\/v2\/posts\/165586\/revisions"}],"predecessor-version":[{"id":165591,"href":"https:\/\/aconteceunovale.com.br\/portal\/index.php?rest_route=\/wp\/v2\/posts\/165586\/revisions\/165591"}],"wp:featuredmedia":[{"embeddable":true,"href":"https:\/\/aconteceunovale.com.br\/portal\/index.php?rest_route=\/wp\/v2\/media\/165587"}],"wp:attachment":[{"href":"https:\/\/aconteceunovale.com.br\/portal\/index.php?rest_route=%2Fwp%2Fv2%2Fmedia&parent=165586"}],"wp:term":[{"taxonomy":"category","embeddable":true,"href":"https:\/\/aconteceunovale.com.br\/portal\/index.php?rest_route=%2Fwp%2Fv2%2Fcategories&post=165586"},{"taxonomy":"post_tag","embeddable":true,"href":"https:\/\/aconteceunovale.com.br\/portal\/index.php?rest_route=%2Fwp%2Fv2%2Ftags&post=165586"}],"curies":[{"name":"wp","href":"https:\/\/api.w.org\/{rel}","templated":true}]}}