{"id":165583,"date":"2020-07-11T18:31:49","date_gmt":"2020-07-11T21:31:49","guid":{"rendered":"https:\/\/aconteceunovale.com.br\/portal\/?p=165583"},"modified":"2020-07-11T18:32:28","modified_gmt":"2020-07-11T21:32:28","slug":"michelle-bolsonaro-diz-que-testou-negativo-para-covid-19","status":"publish","type":"post","link":"https:\/\/aconteceunovale.com.br\/portal\/?p=165583","title":{"rendered":"Michelle Bolsonaro diz que testou negativo para Covid-19"},"content":{"rendered":"\n<p>A primeira-dama Michelle Bolsonaro afirmou neste s\u00e1bado (11\/7\/2020), por meio de sua conta no Instagram, que ela e suas duas filhas testaram negativo nos exames para covid-19. As tr\u00eas se submeteram ao exame ap\u00f3s o presidente\u00a0Jair Bolsonaro ter anunciado que contraiu a doen\u00e7a\u00a0provocada pelo novo coronav\u00edrus.\u00a0<img decoding=\"async\" src=\"https:\/\/agenciabrasil.ebc.com.br\/ebc.png?id=1311362&amp;o=node\"><\/p>\n\n\n\n<p>De acordo com a imagem postada na rede social, o exame realizado por Michelle e suas filhas foi o tipo RT \u2013 PCR, realizado em pacientes considerados com quadro suspeito ou prov\u00e1vel da doen\u00e7a, de acordo com a indica\u00e7\u00e3o m\u00e9dica. De acordo com os crit\u00e9rios da Organiza\u00e7\u00e3o Mundial da Sa\u00fade (OMS), s\u00e3o esses testes que determinam de forma mais confi\u00e1vel se a pessoa tem ou n\u00e3o covid-19.<\/p>\n\n\n\n<p>Jair Bolsonaro est\u00e1 sendo acompanhado pela equipe m\u00e9dica da Presid\u00eancia da Rep\u00fablica. Desde que recebeu o resultado positivo para covid-19 na ter\u00e7a-feira (7), o presidente mant\u00e9m isolamento no Pal\u00e1cio do Alvorada, resid\u00eancia oficial, e tem despachado com ministros e outros auxiliares por meio de videoconfer\u00eancia. O presidente tamb\u00e9m cancelou viagens que estavam previstas esta semana para a Bahia e para Minas Gerais.\u00a0<\/p>\n\n\n\n<figure class=\"wp-block-gallery columns-1 is-cropped wp-block-gallery-1 is-layout-flex wp-block-gallery-is-layout-flex\"><ul class=\"blocks-gallery-grid\"><li class=\"blocks-gallery-item\"><figure><img loading=\"lazy\" decoding=\"async\" width=\"678\" height=\"406\" src=\"https:\/\/aconteceunovale.com.br\/portal\/wp-content\/uploads\/2020\/07\/michelle_bolsonaro.jpg\" alt=\"\" data-id=\"165584\" data-full-url=\"https:\/\/aconteceunovale.com.br\/portal\/wp-content\/uploads\/2020\/07\/michelle_bolsonaro.jpg\" data-link=\"https:\/\/aconteceunovale.com.br\/portal\/?attachment_id=165584\" class=\"wp-image-165584\" srcset=\"https:\/\/aconteceunovale.com.br\/portal\/wp-content\/uploads\/2020\/07\/michelle_bolsonaro.jpg 678w, https:\/\/aconteceunovale.com.br\/portal\/wp-content\/uploads\/2020\/07\/michelle_bolsonaro-300x180.jpg 300w\" sizes=\"auto, (max-width: 678px) 100vw, 678px\" \/><figcaption class=\"blocks-gallery-item__caption\"><em>Michelle Bolsonaro &#8211; Foto: Marcelo Camargo \/ Ag\u00eancia Brasil<\/em><\/figcaption><\/figure><\/li><\/ul><\/figure>\n\n\n\n<p class=\"has-background has-very-light-gray-background-color\">Quer saber as not\u00edcias do <strong>Aconteceu no Vale<\/strong> em primeira m\u00e3o? Siga-nos no Facebook <a rel=\"noreferrer noopener\" href=\"http:\/\/facebook.com\/aconteceunovale\" target=\"_blank\">@aconteceunovale<\/a>, Twitter <a rel=\"noreferrer noopener\" href=\"https:\/\/twitter.com\/noticiadosvales\" target=\"_blank\">@noticiadosvales<\/a> e Instagram <a rel=\"noreferrer noopener\" href=\"https:\/\/www.instagram.com\/aconteceunovale\" target=\"_blank\">@aconteceunovale<\/a>.<\/p>\n","protected":false},"excerpt":{"rendered":"<p>A primeira-dama Michelle Bolsonaro afirmou neste s\u00e1bado (11\/7\/2020), por meio de sua conta no Instagram, que ela e suas duas filhas testaram negativo nos exames para covid-19. As tr\u00eas se submeteram ao exame ap\u00f3s o presidente\u00a0Jair Bolsonaro ter anunciado que contraiu a doen\u00e7a\u00a0provocada pelo novo coronav\u00edrus.\u00a0 De acordo com a imagem postada na rede social, [&hellip;]<\/p>\n","protected":false},"author":1,"featured_media":165584,"comment_status":"open","ping_status":"closed","sticky":false,"template":"","format":"standard","meta":{"amp_status":"","footnotes":""},"categories":[6,40242],"tags":[4785,220477,220660,219520,218049,218205,214884,217997,215394,216498,217998,218043,1018,224944,224945,224943,224942,225311,19326,220349,218044,218045,215653,218206,219105,219104,218876,219519,140166,217692,220478,220479,220944,220945],"class_list":["post-165583","post","type-post","status-publish","format-standard","has-post-thumbnail","hentry","category-br","category-saude-2","tag-brasil","tag-brasil-bate-recorde-de-obitos-e-casos-confirmados-em-um-dia","tag-brasil-ultrapassa-marca-de-4-mil-obitos-por-covid-19","tag-casos-confirmados-e-obitos-no-brasil","tag-casos-de-coronavirus-no-brasil","tag-casos-de-covid-19-no-brasil","tag-coronavirus","tag-coronavirus-bolsonaro","tag-coronavirus-no-brasil","tag-covid-19","tag-covid-19-bolsonaro","tag-covid-19-no-brasil","tag-destaque","tag-exame-bolsonaro","tag-exame-coronavirus-bolsonaro","tag-exame-covid-19-bolsonaro","tag-jair-bolsonaro-faz-exame-de-covid-19","tag-michelle-bolsonaro-diz-que-testou-negativo-para-covid-19","tag-ministerio-da-saude","tag-ministerio-da-saude-atualiza-numeros-do-coronavirus-no-brasil","tag-mortes-por-coronavirus-no-brasil","tag-mortes-por-covid-19-no-brasil","tag-novo-coronavirus","tag-numero-de-casos-de-covid-19-confirmados-no-brasil","tag-numeros-da-covid-19-no-brasil","tag-numeros-do-coronavirus-no-brasil","tag-obitos-por-coronavirus-no-brasil","tag-obitos-por-covid-19-no-brasil","tag-pandemia","tag-pandemia-de-coronavirus","tag-recorde-de-obitos-por-coronavirus-no-brasil","tag-recorde-de-obitos-por-covid-19-no-brasil","tag-virus-vai-atingir-70-da-populacao","tag-virus-vai-atingir-70-da-populacao-diz-jair-bolsonaro"],"_links":{"self":[{"href":"https:\/\/aconteceunovale.com.br\/portal\/index.php?rest_route=\/wp\/v2\/posts\/165583","targetHints":{"allow":["GET"]}}],"collection":[{"href":"https:\/\/aconteceunovale.com.br\/portal\/index.php?rest_route=\/wp\/v2\/posts"}],"about":[{"href":"https:\/\/aconteceunovale.com.br\/portal\/index.php?rest_route=\/wp\/v2\/types\/post"}],"author":[{"embeddable":true,"href":"https:\/\/aconteceunovale.com.br\/portal\/index.php?rest_route=\/wp\/v2\/users\/1"}],"replies":[{"embeddable":true,"href":"https:\/\/aconteceunovale.com.br\/portal\/index.php?rest_route=%2Fwp%2Fv2%2Fcomments&post=165583"}],"version-history":[{"count":1,"href":"https:\/\/aconteceunovale.com.br\/portal\/index.php?rest_route=\/wp\/v2\/posts\/165583\/revisions"}],"predecessor-version":[{"id":165585,"href":"https:\/\/aconteceunovale.com.br\/portal\/index.php?rest_route=\/wp\/v2\/posts\/165583\/revisions\/165585"}],"wp:featuredmedia":[{"embeddable":true,"href":"https:\/\/aconteceunovale.com.br\/portal\/index.php?rest_route=\/wp\/v2\/media\/165584"}],"wp:attachment":[{"href":"https:\/\/aconteceunovale.com.br\/portal\/index.php?rest_route=%2Fwp%2Fv2%2Fmedia&parent=165583"}],"wp:term":[{"taxonomy":"category","embeddable":true,"href":"https:\/\/aconteceunovale.com.br\/portal\/index.php?rest_route=%2Fwp%2Fv2%2Fcategories&post=165583"},{"taxonomy":"post_tag","embeddable":true,"href":"https:\/\/aconteceunovale.com.br\/portal\/index.php?rest_route=%2Fwp%2Fv2%2Ftags&post=165583"}],"curies":[{"name":"wp","href":"https:\/\/api.w.org\/{rel}","templated":true}]}}