{"id":165542,"date":"2020-07-10T16:19:13","date_gmt":"2020-07-10T19:19:13","guid":{"rendered":"https:\/\/aconteceunovale.com.br\/portal\/?p=165542"},"modified":"2020-07-10T16:19:46","modified_gmt":"2020-07-10T19:19:46","slug":"cooperativismo-movimenta-mais-de-r-60-bilhoes-por-ano-em-minas-gerais","status":"publish","type":"post","link":"https:\/\/aconteceunovale.com.br\/portal\/?p=165542","title":{"rendered":"Cooperativismo movimenta mais de R$ 60 bilh\u00f5es por ano em Minas Gerais"},"content":{"rendered":"\n<p>O\u00a0Governo de Minas\u00a0reativou o Conselho Estadual de Cooperativismo (Cecoop). A a\u00e7\u00e3o \u00e9 uma das estrat\u00e9gias de apoio ao segmento, respons\u00e1vel por 9,6% no Produto Interno Bruto (PIB) mineiro com a movimenta\u00e7\u00e3o de cerca de R$ 60,8 bilh\u00f5es por ano.<\/p>\n\n\n\n<p>A iniciativa, realizada\u00a0por meio da\u00a0Secretaria de Estado de Desenvolvimento Econ\u00f4mico (Sede)\u00a0desde o m\u00eas de fevereiro, tem por objetivo\u00a0fornecer subs\u00eddios para as pol\u00edticas p\u00fablicas de desenvolvimento das cooperativas do estado, e ocorre ap\u00f3s um intervalo de seis anos &#8211; per\u00edodo\u00a0em que o conselho n\u00e3o teve atua\u00e7\u00e3o.<\/p>\n\n\n\n<p>Representantes do setor destacaram a a\u00e7\u00e3o do governo. &#8220;As diretrizes da Sede est\u00e3o em conson\u00e2ncia com a pol\u00edtica estadual de apoio ao cooperativismo, o que facilita a atua\u00e7\u00e3o do conselho. Nossa meta \u00e9 fortalecer este sistema, focando na atra\u00e7\u00e3o de investimentos&#8221;, afirma o subsecret\u00e1rio de Desenvolvimento Regional da Sede e presidente do Cecoop, Douglas Cabido.<\/p>\n\n\n\n<figure class=\"wp-block-gallery columns-1 is-cropped wp-block-gallery-1 is-layout-flex wp-block-gallery-is-layout-flex\"><ul class=\"blocks-gallery-grid\"><li class=\"blocks-gallery-item\"><figure><img loading=\"lazy\" decoding=\"async\" width=\"675\" height=\"450\" src=\"https:\/\/aconteceunovale.com.br\/portal\/wp-content\/uploads\/2020\/07\/cooperativismo2.png\" alt=\"\" data-id=\"165544\" data-full-url=\"https:\/\/aconteceunovale.com.br\/portal\/wp-content\/uploads\/2020\/07\/cooperativismo2.png\" data-link=\"https:\/\/aconteceunovale.com.br\/portal\/?attachment_id=165544\" class=\"wp-image-165544\" srcset=\"https:\/\/aconteceunovale.com.br\/portal\/wp-content\/uploads\/2020\/07\/cooperativismo2.png 675w, https:\/\/aconteceunovale.com.br\/portal\/wp-content\/uploads\/2020\/07\/cooperativismo2-300x200.png 300w, https:\/\/aconteceunovale.com.br\/portal\/wp-content\/uploads\/2020\/07\/cooperativismo2-630x420.png 630w\" sizes=\"auto, (max-width: 675px) 100vw, 675px\" \/><figcaption class=\"blocks-gallery-item__caption\"><em>Cooperativismo movimenta economia de MG (Foto: Matheus Fonseca\/Sede)<\/em><\/figcaption><\/figure><\/li><\/ul><\/figure>\n\n\n\n<p><strong>Aproxima\u00e7\u00e3o<\/strong><\/p>\n\n\n\n<p>Outra meta da Secretaria de Desenvolvimento Econ\u00f4mico, por meio do programa\u00a0<a rel=\"noreferrer noopener\" href=\"http:\/\/www.minasdigital.mg.gov.br\/application\/projetos\/projeto\/1065\" target=\"_blank\">Circuito Mineiro de Oportunidades e Neg\u00f3cios<\/a>, \u00e9 aproximar cooperativas e pequenos produtores de empresas \u00e2ncoras e setores estrat\u00e9gicos da economia mineira, a fim de promover a realiza\u00e7\u00e3o de novos neg\u00f3cios.<\/p>\n\n\n\n<p>O programa \u00e9 voltado para microempreendedores individuais (MEI), microempresas, empresas de pequeno porte, cooperativas e agricultores familiares. Em 2019, dez edi\u00e7\u00f5es do programa foram realizadas por todo o estado e resultaram na capacita\u00e7\u00e3o de 539 pessoas e de 272 empresas, al\u00e9m de terem gerado mais de R$ 12 milh\u00f5es em novos neg\u00f3cios.<\/p>\n\n\n\n<p><strong>Parcerias<\/strong><\/p>\n\n\n\n<p>O cooperativismo tamb\u00e9m \u00e9 fortalecido pelo\u00a0<a rel=\"noreferrer noopener\" href=\"http:\/\/www.desenvolvimento.mg.gov.br\/application\/projetos\/projeto\/1062\" target=\"_blank\">Minas Livre para Crescer<\/a>, programa do governo que promove a competitividade e o empreendedorismo por meio do apoio de entidades de classe e da simplifica\u00e7\u00e3o e redu\u00e7\u00e3o de entraves burocr\u00e1ticos no desenvolvimento de novos neg\u00f3cios.<\/p>\n\n\n\n<p>Uma das institui\u00e7\u00f5es que t\u00eam grande representatividade no Minas Livre para Crescer \u00e9 o Sindicato e Organiza\u00e7\u00e3o das Cooperativas do Estado de Minas Gerais e Servi\u00e7o Nacional de Aprendizagem do Cooperativismo de Minas Gerais (Sistema Ocemg \/ Sescoop)\u00a0que, at\u00e9 o momento, contribuiu com 15 proposi\u00e7\u00f5es.<\/p>\n\n\n\n<p>Para o assessor Institucional da Ocemg e membro do Conselho Deliberativo do Fopemimpe, Geraldo Magela, o programa desenvolve solu\u00e7\u00f5es para eliminar gargalos e reduzir as dificuldades que as cooperativas enfrentam para desenvolver atividades.<\/p>\n\n\n\n<p>\u201cO canal e a parceria com a Sede t\u00eam sido important\u00edssimos, pois contam com a participa\u00e7\u00e3o do empreendedor, que apresenta proposi\u00e7\u00f5es e sugest\u00f5es para a solu\u00e7\u00e3o de problemas que, muitas vezes, s\u00e3o entraves ao desenvolvimento\u201d, afirma Magela.<\/p>\n\n\n\n<p>Ainda segundo ele, o Minas Livre pra Crescer vai levar o estado a um novo patamar, em que o ambiente de neg\u00f3cios ser\u00e1 muito mais din\u00e2mico e facilitado. &#8220;Toda a comunidade mineira ganha com a\u00e7\u00f5es que tornam o estado mais competente, \u00e1gil e capaz de gerar trabalho, emprego e renda&#8221;.<\/p>\n\n\n\n<p>Em pouco mais de seis meses de atua\u00e7\u00e3o, a Sede, por meio da pol\u00edtica de desburocratiza\u00e7\u00e3o, recebeu 203 proposi\u00e7\u00f5es que descrevem os desafios e os impasses enfrentados pelos empreendedores mineiros.<\/p>\n\n\n\n<p class=\"has-background has-very-light-gray-background-color\">Quer saber as not\u00edcias do <strong>Aconteceu no Vale<\/strong> em primeira m\u00e3o? Siga-nos no Facebook <a rel=\"noreferrer noopener\" href=\"http:\/\/facebook.com\/aconteceunovale\" target=\"_blank\">@aconteceunovale<\/a>, Twitter <a rel=\"noreferrer noopener\" href=\"https:\/\/twitter.com\/noticiadosvales\" target=\"_blank\">@noticiadosvales<\/a> e Instagram <a rel=\"noreferrer noopener\" href=\"https:\/\/www.instagram.com\/aconteceunovale\" target=\"_blank\">@aconteceunovale<\/a>.<\/p>\n","protected":false},"excerpt":{"rendered":"<p>O\u00a0Governo de Minas\u00a0reativou o Conselho Estadual de Cooperativismo (Cecoop). A a\u00e7\u00e3o \u00e9 uma das estrat\u00e9gias de apoio ao segmento, respons\u00e1vel por 9,6% no Produto Interno Bruto (PIB) mineiro com a movimenta\u00e7\u00e3o de cerca de R$ 60,8 bilh\u00f5es por ano. A iniciativa, realizada\u00a0por meio da\u00a0Secretaria de Estado de Desenvolvimento Econ\u00f4mico (Sede)\u00a0desde o m\u00eas de fevereiro, tem [&hellip;]<\/p>\n","protected":false},"author":1,"featured_media":165544,"comment_status":"open","ping_status":"closed","sticky":false,"template":"","format":"standard","meta":{"amp_status":"","footnotes":""},"categories":[123],"tags":[225272,225271,225276,225270,155275,225273,225279,225280,225281,225275,1018,204326,50610,51600,225277,225274,68157,225278],"class_list":["post-165542","post","type-post","status-publish","format-standard","has-post-thumbnail","hentry","category-gerais","tag-cecoop","tag-cecoop-minas","tag-circuito-mineiro-de-oportunidades-e-negocios","tag-conselho-estadual-de-cooperativismo","tag-cooperativismo","tag-cooperativismo-em-minas-gerais","tag-cooperativismo-movimenta-economia-de-mg","tag-cooperativismo-movimenta-economia-de-minas-gerais","tag-cooperativismo-movimenta-mais-de-r-60-bilhoes-por-ano-em-minas-gerais","tag-desenvolvimento-regional-da-sede-e-presidente-do-cecoop","tag-destaque","tag-douglas-cabido","tag-fopemimpe","tag-geraldo-magela","tag-minas-livre-para-crescer","tag-sede-minas-gerais","tag-sescoop","tag-sistema-ocemg"],"_links":{"self":[{"href":"https:\/\/aconteceunovale.com.br\/portal\/index.php?rest_route=\/wp\/v2\/posts\/165542","targetHints":{"allow":["GET"]}}],"collection":[{"href":"https:\/\/aconteceunovale.com.br\/portal\/index.php?rest_route=\/wp\/v2\/posts"}],"about":[{"href":"https:\/\/aconteceunovale.com.br\/portal\/index.php?rest_route=\/wp\/v2\/types\/post"}],"author":[{"embeddable":true,"href":"https:\/\/aconteceunovale.com.br\/portal\/index.php?rest_route=\/wp\/v2\/users\/1"}],"replies":[{"embeddable":true,"href":"https:\/\/aconteceunovale.com.br\/portal\/index.php?rest_route=%2Fwp%2Fv2%2Fcomments&post=165542"}],"version-history":[{"count":1,"href":"https:\/\/aconteceunovale.com.br\/portal\/index.php?rest_route=\/wp\/v2\/posts\/165542\/revisions"}],"predecessor-version":[{"id":165545,"href":"https:\/\/aconteceunovale.com.br\/portal\/index.php?rest_route=\/wp\/v2\/posts\/165542\/revisions\/165545"}],"wp:featuredmedia":[{"embeddable":true,"href":"https:\/\/aconteceunovale.com.br\/portal\/index.php?rest_route=\/wp\/v2\/media\/165544"}],"wp:attachment":[{"href":"https:\/\/aconteceunovale.com.br\/portal\/index.php?rest_route=%2Fwp%2Fv2%2Fmedia&parent=165542"}],"wp:term":[{"taxonomy":"category","embeddable":true,"href":"https:\/\/aconteceunovale.com.br\/portal\/index.php?rest_route=%2Fwp%2Fv2%2Fcategories&post=165542"},{"taxonomy":"post_tag","embeddable":true,"href":"https:\/\/aconteceunovale.com.br\/portal\/index.php?rest_route=%2Fwp%2Fv2%2Ftags&post=165542"}],"curies":[{"name":"wp","href":"https:\/\/api.w.org\/{rel}","templated":true}]}}