{"id":16554,"date":"2013-12-23T16:08:12","date_gmt":"2013-12-23T18:08:12","guid":{"rendered":"http:\/\/aconteceunovale.com.br\/portal\/?p=16554"},"modified":"2013-12-23T16:08:13","modified_gmt":"2013-12-23T18:08:13","slug":"santa-rita-do-itueto-chuva-destruiu-acessos-a-cidade-e-algumas-localidades-estao-sem-energia-eletrica","status":"publish","type":"post","link":"https:\/\/aconteceunovale.com.br\/portal\/?p=16554","title":{"rendered":"SANTA RITA DO ITU\u00caTO: Chuva destruiu acessos \u00e0 cidade e algumas localidades est\u00e3o sem energia el\u00e9trica"},"content":{"rendered":"<p>As chuvas que caem sobre toda a regi\u00e3o leste de Minas Gerais, tamb\u00e9m est\u00e3o causando estragos em Santa Rita do Itu\u00eato, munic\u00edpio da regi\u00e3o de Aimor\u00e9s no Vale do Rio Doce. <\/p>\n<p>A internauta Mirelli Torrezani enviou fotos de alguns pontos do munic\u00edpio, e nos informou que as estradas que ligam os distritos de S\u00e3o Jos\u00e9 do Itu\u00eato, Chapada do Bueno a Santa Rita do Itu\u00eato e Santa Rita do Itu\u00eato a Conselheiro Pena e a BR-259 est\u00e3o comprometidos. <\/p>\n<p>Segundo ela, as pontes foram destru\u00eddas na enchente do dia 19 de dezembro e at\u00e9 o momento n\u00e3o foram recuperadas. Tamb\u00e9m h\u00e1 localidades sem energia el\u00e9trica, pois com a destrui\u00e7\u00e3o das estradas n\u00e3o \u00e9 poss\u00edvel \u00e0 chegada da CEMIG para realizar o trabalho de manuten\u00e7\u00e3o na rede el\u00e9trica. <\/p>\n<p>Ocorreram tamb\u00e9m deslizamentos de terra, deixando 4 pessoas da mesma fam\u00edlia feridas, felizmente sem gravidade.<\/p>\n<p>FOTOS:<br \/>\n<em>(Mirelli Torrezani)<\/em><\/p>\n<p><img decoding=\"async\" src=\"http:\/\/aconteceunovale.com.br\/portal\/wp-content\/uploads\/2013\/12\/pontes_destruidas_s_r_i_1.jpg\" alt=\"\" \/><\/p>\n<p><img decoding=\"async\" src=\"http:\/\/aconteceunovale.com.br\/portal\/wp-content\/uploads\/2013\/12\/pontes_destruidas_s_r_i_2.jpg\" alt=\"\" \/><\/p>\n<p><img decoding=\"async\" src=\"http:\/\/aconteceunovale.com.br\/portal\/wp-content\/uploads\/2013\/12\/pontes_destruidas_s_r_i_3.jpg\" alt=\"\" \/><\/p>\n","protected":false},"excerpt":{"rendered":"<p>As chuvas que caem sobre toda a regi\u00e3o leste de Minas Gerais, tamb\u00e9m est\u00e3o causando estragos em Santa Rita do Itu\u00eato, munic\u00edpio da regi\u00e3o de Aimor\u00e9s no Vale do Rio Doce. A internauta Mirelli Torrezani enviou fotos de alguns pontos do munic\u00edpio, e nos informou que as estradas que ligam os distritos de S\u00e3o Jos\u00e9 [&hellip;]<\/p>\n","protected":false},"author":1,"featured_media":0,"comment_status":"open","ping_status":"closed","sticky":false,"template":"","format":"standard","meta":{"amp_status":"","footnotes":""},"categories":[121],"tags":[2060,2061,314],"class_list":["post-16554","post","type-post","status-publish","format-standard","hentry","category-leste","tag-chuva-destruiu-acessos-a-santa-rita-do-itueto","tag-chuvas-em-santa-rita-do-itueto","tag-santa-rita-do-itueto"],"yoast_head":"<!-- This site is optimized with the Yoast SEO plugin v28.3 - https:\/\/yoast.com\/product\/yoast-seo-wordpress\/ -->\n<title>SANTA RITA DO ITU\u00caTO: Chuva destruiu acessos \u00e0 cidade e algumas localidades est\u00e3o sem energia el\u00e9trica - Aconteceu no Vale<\/title>\n<meta name=\"robots\" content=\"index, follow, max-snippet:-1, max-image-preview:large, max-video-preview:-1\" \/>\n<link rel=\"canonical\" href=\"https:\/\/aconteceunovale.com.br\/portal\/?p=16554\" \/>\n<meta property=\"og:locale\" content=\"pt_BR\" \/>\n<meta property=\"og:type\" content=\"article\" \/>\n<meta property=\"og:title\" content=\"SANTA RITA DO ITU\u00caTO: Chuva destruiu acessos \u00e0 cidade e algumas localidades est\u00e3o sem energia el\u00e9trica - Aconteceu no Vale\" \/>\n<meta property=\"og:description\" content=\"As chuvas que caem sobre toda a regi\u00e3o leste de Minas Gerais, tamb\u00e9m est\u00e3o causando estragos em Santa Rita do Itu\u00eato, munic\u00edpio da regi\u00e3o de Aimor\u00e9s no Vale do Rio Doce. A internauta Mirelli Torrezani enviou fotos de alguns pontos do munic\u00edpio, e nos informou que as estradas que ligam os distritos de S\u00e3o Jos\u00e9 [&hellip;]\" \/>\n<meta property=\"og:url\" content=\"https:\/\/aconteceunovale.com.br\/portal\/?p=16554\" \/>\n<meta property=\"og:site_name\" content=\"Aconteceu no Vale\" \/>\n<meta property=\"article:publisher\" content=\"https:\/\/www.facebook.com\/aconteceunovale\/\" \/>\n<meta property=\"article:published_time\" content=\"2013-12-23T18:08:12+00:00\" \/>\n<meta property=\"article:modified_time\" content=\"2013-12-23T18:08:13+00:00\" \/>\n<meta property=\"og:image\" content=\"http:\/\/aconteceunovale.com.br\/portal\/wp-content\/uploads\/2013\/12\/pontes_destruidas_s_r_i_1.jpg\" \/>\n<meta name=\"author\" content=\"Aconteceu no Vale\" \/>\n<meta name=\"twitter:card\" content=\"summary_large_image\" \/>\n<meta name=\"twitter:creator\" content=\"@noticiadosvales\" \/>\n<meta name=\"twitter:site\" content=\"@noticiadosvales\" \/>\n<meta name=\"twitter:label1\" content=\"Escrito por\" \/>\n\t<meta name=\"twitter:data1\" content=\"Aconteceu no Vale\" \/>\n\t<meta name=\"twitter:label2\" content=\"Est. tempo de leitura\" \/>\n\t<meta name=\"twitter:data2\" content=\"1 minuto\" \/>\n<script type=\"application\/ld+json\" class=\"yoast-schema-graph\">{\"@context\":\"https:\\\/\\\/schema.org\",\"@graph\":[{\"@type\":\"Article\",\"@id\":\"https:\\\/\\\/aconteceunovale.com.br\\\/portal\\\/?p=16554#article\",\"isPartOf\":{\"@id\":\"https:\\\/\\\/aconteceunovale.com.br\\\/portal\\\/?p=16554\"},\"author\":{\"name\":\"Aconteceu no Vale\",\"@id\":\"https:\\\/\\\/aconteceunovale.com.br\\\/portal\\\/#\\\/schema\\\/person\\\/633529146f2c94272bef50ac2953d589\"},\"headline\":\"SANTA RITA DO ITU\u00caTO: Chuva destruiu acessos \u00e0 cidade e algumas localidades est\u00e3o sem energia el\u00e9trica\",\"datePublished\":\"2013-12-23T18:08:12+00:00\",\"dateModified\":\"2013-12-23T18:08:13+00:00\",\"mainEntityOfPage\":{\"@id\":\"https:\\\/\\\/aconteceunovale.com.br\\\/portal\\\/?p=16554\"},\"wordCount\":182,\"commentCount\":0,\"image\":{\"@id\":\"https:\\\/\\\/aconteceunovale.com.br\\\/portal\\\/?p=16554#primaryimage\"},\"thumbnailUrl\":\"http:\\\/\\\/aconteceunovale.com.br\\\/portal\\\/wp-content\\\/uploads\\\/2013\\\/12\\\/pontes_destruidas_s_r_i_1.jpg\",\"keywords\":[\"Chuva destruiu acessos \u00e0 santa rita do itueto\",\"chuvas em santa rita do itueto\",\"Santa Rita do Itueto\"],\"articleSection\":[\"Leste de Minas\"],\"inLanguage\":\"pt-BR\",\"potentialAction\":[{\"@type\":\"CommentAction\",\"name\":\"Comment\",\"target\":[\"https:\\\/\\\/aconteceunovale.com.br\\\/portal\\\/?p=16554#respond\"]}]},{\"@type\":\"WebPage\",\"@id\":\"https:\\\/\\\/aconteceunovale.com.br\\\/portal\\\/?p=16554\",\"url\":\"https:\\\/\\\/aconteceunovale.com.br\\\/portal\\\/?p=16554\",\"name\":\"SANTA RITA DO ITU\u00caTO: Chuva destruiu acessos \u00e0 cidade e algumas localidades est\u00e3o sem energia el\u00e9trica - Aconteceu no Vale\",\"isPartOf\":{\"@id\":\"https:\\\/\\\/aconteceunovale.com.br\\\/portal\\\/#website\"},\"primaryImageOfPage\":{\"@id\":\"https:\\\/\\\/aconteceunovale.com.br\\\/portal\\\/?p=16554#primaryimage\"},\"image\":{\"@id\":\"https:\\\/\\\/aconteceunovale.com.br\\\/portal\\\/?p=16554#primaryimage\"},\"thumbnailUrl\":\"http:\\\/\\\/aconteceunovale.com.br\\\/portal\\\/wp-content\\\/uploads\\\/2013\\\/12\\\/pontes_destruidas_s_r_i_1.jpg\",\"datePublished\":\"2013-12-23T18:08:12+00:00\",\"dateModified\":\"2013-12-23T18:08:13+00:00\",\"author\":{\"@id\":\"https:\\\/\\\/aconteceunovale.com.br\\\/portal\\\/#\\\/schema\\\/person\\\/633529146f2c94272bef50ac2953d589\"},\"breadcrumb\":{\"@id\":\"https:\\\/\\\/aconteceunovale.com.br\\\/portal\\\/?p=16554#breadcrumb\"},\"inLanguage\":\"pt-BR\",\"potentialAction\":[{\"@type\":\"ReadAction\",\"target\":[\"https:\\\/\\\/aconteceunovale.com.br\\\/portal\\\/?p=16554\"]}]},{\"@type\":\"ImageObject\",\"inLanguage\":\"pt-BR\",\"@id\":\"https:\\\/\\\/aconteceunovale.com.br\\\/portal\\\/?p=16554#primaryimage\",\"url\":\"http:\\\/\\\/aconteceunovale.com.br\\\/portal\\\/wp-content\\\/uploads\\\/2013\\\/12\\\/pontes_destruidas_s_r_i_1.jpg\",\"contentUrl\":\"http:\\\/\\\/aconteceunovale.com.br\\\/portal\\\/wp-content\\\/uploads\\\/2013\\\/12\\\/pontes_destruidas_s_r_i_1.jpg\"},{\"@type\":\"BreadcrumbList\",\"@id\":\"https:\\\/\\\/aconteceunovale.com.br\\\/portal\\\/?p=16554#breadcrumb\",\"itemListElement\":[{\"@type\":\"ListItem\",\"position\":1,\"name\":\"In\u00edcio\",\"item\":\"https:\\\/\\\/aconteceunovale.com.br\\\/portal\\\/\"},{\"@type\":\"ListItem\",\"position\":2,\"name\":\"SANTA RITA DO ITU\u00caTO: Chuva destruiu acessos \u00e0 cidade e algumas localidades est\u00e3o sem energia el\u00e9trica\"}]},{\"@type\":\"WebSite\",\"@id\":\"https:\\\/\\\/aconteceunovale.com.br\\\/portal\\\/#website\",\"url\":\"https:\\\/\\\/aconteceunovale.com.br\\\/portal\\\/\",\"name\":\"Aconteceu no Vale\",\"description\":\"Portal de Not\u00edcias\",\"potentialAction\":[{\"@type\":\"SearchAction\",\"target\":{\"@type\":\"EntryPoint\",\"urlTemplate\":\"https:\\\/\\\/aconteceunovale.com.br\\\/portal\\\/?s={search_term_string}\"},\"query-input\":{\"@type\":\"PropertyValueSpecification\",\"valueRequired\":true,\"valueName\":\"search_term_string\"}}],\"inLanguage\":\"pt-BR\"},{\"@type\":\"Person\",\"@id\":\"https:\\\/\\\/aconteceunovale.com.br\\\/portal\\\/#\\\/schema\\\/person\\\/633529146f2c94272bef50ac2953d589\",\"name\":\"Aconteceu no Vale\",\"description\":\"Equipe de reportagem do Aconteceu no Vale, portal de not\u00edcias do Vale do Jequitinhonha, em Minas Gerais. Cobrimos as 51 cidades do Vale desde 2013. Sugest\u00f5es de pauta e pedidos de corre\u00e7\u00e3o: contato@aconteceunovale.com.br\",\"sameAs\":[\"http:\\\/\\\/www.aconteceunovale.com.br\"],\"url\":\"https:\\\/\\\/aconteceunovale.com.br\\\/portal\\\/?author=1\"}]}<\/script>\n<!-- \/ Yoast SEO plugin. -->","yoast_head_json":{"title":"SANTA RITA DO ITU\u00caTO: Chuva destruiu acessos \u00e0 cidade e algumas localidades est\u00e3o sem energia el\u00e9trica - Aconteceu no Vale","robots":{"index":"index","follow":"follow","max-snippet":"max-snippet:-1","max-image-preview":"max-image-preview:large","max-video-preview":"max-video-preview:-1"},"canonical":"https:\/\/aconteceunovale.com.br\/portal\/?p=16554","og_locale":"pt_BR","og_type":"article","og_title":"SANTA RITA DO ITU\u00caTO: Chuva destruiu acessos \u00e0 cidade e algumas localidades est\u00e3o sem energia el\u00e9trica - Aconteceu no Vale","og_description":"As chuvas que caem sobre toda a regi\u00e3o leste de Minas Gerais, tamb\u00e9m est\u00e3o causando estragos em Santa Rita do Itu\u00eato, munic\u00edpio da regi\u00e3o de Aimor\u00e9s no Vale do Rio Doce. A internauta Mirelli Torrezani enviou fotos de alguns pontos do munic\u00edpio, e nos informou que as estradas que ligam os distritos de S\u00e3o Jos\u00e9 [&hellip;]","og_url":"https:\/\/aconteceunovale.com.br\/portal\/?p=16554","og_site_name":"Aconteceu no Vale","article_publisher":"https:\/\/www.facebook.com\/aconteceunovale\/","article_published_time":"2013-12-23T18:08:12+00:00","article_modified_time":"2013-12-23T18:08:13+00:00","og_image":[{"url":"http:\/\/aconteceunovale.com.br\/portal\/wp-content\/uploads\/2013\/12\/pontes_destruidas_s_r_i_1.jpg","type":"","width":"","height":""}],"author":"Aconteceu no Vale","twitter_card":"summary_large_image","twitter_creator":"@noticiadosvales","twitter_site":"@noticiadosvales","twitter_misc":{"Escrito por":"Aconteceu no Vale","Est. tempo de leitura":"1 minuto"},"schema":{"@context":"https:\/\/schema.org","@graph":[{"@type":"Article","@id":"https:\/\/aconteceunovale.com.br\/portal\/?p=16554#article","isPartOf":{"@id":"https:\/\/aconteceunovale.com.br\/portal\/?p=16554"},"author":{"name":"Aconteceu no Vale","@id":"https:\/\/aconteceunovale.com.br\/portal\/#\/schema\/person\/633529146f2c94272bef50ac2953d589"},"headline":"SANTA RITA DO ITU\u00caTO: Chuva destruiu acessos \u00e0 cidade e algumas localidades est\u00e3o sem energia el\u00e9trica","datePublished":"2013-12-23T18:08:12+00:00","dateModified":"2013-12-23T18:08:13+00:00","mainEntityOfPage":{"@id":"https:\/\/aconteceunovale.com.br\/portal\/?p=16554"},"wordCount":182,"commentCount":0,"image":{"@id":"https:\/\/aconteceunovale.com.br\/portal\/?p=16554#primaryimage"},"thumbnailUrl":"http:\/\/aconteceunovale.com.br\/portal\/wp-content\/uploads\/2013\/12\/pontes_destruidas_s_r_i_1.jpg","keywords":["Chuva destruiu acessos \u00e0 santa rita do itueto","chuvas em santa rita do itueto","Santa Rita do Itueto"],"articleSection":["Leste de Minas"],"inLanguage":"pt-BR","potentialAction":[{"@type":"CommentAction","name":"Comment","target":["https:\/\/aconteceunovale.com.br\/portal\/?p=16554#respond"]}]},{"@type":"WebPage","@id":"https:\/\/aconteceunovale.com.br\/portal\/?p=16554","url":"https:\/\/aconteceunovale.com.br\/portal\/?p=16554","name":"SANTA RITA DO ITU\u00caTO: Chuva destruiu acessos \u00e0 cidade e algumas localidades est\u00e3o sem energia el\u00e9trica - Aconteceu no Vale","isPartOf":{"@id":"https:\/\/aconteceunovale.com.br\/portal\/#website"},"primaryImageOfPage":{"@id":"https:\/\/aconteceunovale.com.br\/portal\/?p=16554#primaryimage"},"image":{"@id":"https:\/\/aconteceunovale.com.br\/portal\/?p=16554#primaryimage"},"thumbnailUrl":"http:\/\/aconteceunovale.com.br\/portal\/wp-content\/uploads\/2013\/12\/pontes_destruidas_s_r_i_1.jpg","datePublished":"2013-12-23T18:08:12+00:00","dateModified":"2013-12-23T18:08:13+00:00","author":{"@id":"https:\/\/aconteceunovale.com.br\/portal\/#\/schema\/person\/633529146f2c94272bef50ac2953d589"},"breadcrumb":{"@id":"https:\/\/aconteceunovale.com.br\/portal\/?p=16554#breadcrumb"},"inLanguage":"pt-BR","potentialAction":[{"@type":"ReadAction","target":["https:\/\/aconteceunovale.com.br\/portal\/?p=16554"]}]},{"@type":"ImageObject","inLanguage":"pt-BR","@id":"https:\/\/aconteceunovale.com.br\/portal\/?p=16554#primaryimage","url":"http:\/\/aconteceunovale.com.br\/portal\/wp-content\/uploads\/2013\/12\/pontes_destruidas_s_r_i_1.jpg","contentUrl":"http:\/\/aconteceunovale.com.br\/portal\/wp-content\/uploads\/2013\/12\/pontes_destruidas_s_r_i_1.jpg"},{"@type":"BreadcrumbList","@id":"https:\/\/aconteceunovale.com.br\/portal\/?p=16554#breadcrumb","itemListElement":[{"@type":"ListItem","position":1,"name":"In\u00edcio","item":"https:\/\/aconteceunovale.com.br\/portal\/"},{"@type":"ListItem","position":2,"name":"SANTA RITA DO ITU\u00caTO: Chuva destruiu acessos \u00e0 cidade e algumas localidades est\u00e3o sem energia el\u00e9trica"}]},{"@type":"WebSite","@id":"https:\/\/aconteceunovale.com.br\/portal\/#website","url":"https:\/\/aconteceunovale.com.br\/portal\/","name":"Aconteceu no Vale","description":"Portal de Not\u00edcias","potentialAction":[{"@type":"SearchAction","target":{"@type":"EntryPoint","urlTemplate":"https:\/\/aconteceunovale.com.br\/portal\/?s={search_term_string}"},"query-input":{"@type":"PropertyValueSpecification","valueRequired":true,"valueName":"search_term_string"}}],"inLanguage":"pt-BR"},{"@type":"Person","@id":"https:\/\/aconteceunovale.com.br\/portal\/#\/schema\/person\/633529146f2c94272bef50ac2953d589","name":"Aconteceu no Vale","description":"Equipe de reportagem do Aconteceu no Vale, portal de not\u00edcias do Vale do Jequitinhonha, em Minas Gerais. Cobrimos as 51 cidades do Vale desde 2013. Sugest\u00f5es de pauta e pedidos de corre\u00e7\u00e3o: contato@aconteceunovale.com.br","sameAs":["http:\/\/www.aconteceunovale.com.br"],"url":"https:\/\/aconteceunovale.com.br\/portal\/?author=1"}]}},"_links":{"self":[{"href":"https:\/\/aconteceunovale.com.br\/portal\/index.php?rest_route=\/wp\/v2\/posts\/16554","targetHints":{"allow":["GET"]}}],"collection":[{"href":"https:\/\/aconteceunovale.com.br\/portal\/index.php?rest_route=\/wp\/v2\/posts"}],"about":[{"href":"https:\/\/aconteceunovale.com.br\/portal\/index.php?rest_route=\/wp\/v2\/types\/post"}],"author":[{"embeddable":true,"href":"https:\/\/aconteceunovale.com.br\/portal\/index.php?rest_route=\/wp\/v2\/users\/1"}],"replies":[{"embeddable":true,"href":"https:\/\/aconteceunovale.com.br\/portal\/index.php?rest_route=%2Fwp%2Fv2%2Fcomments&post=16554"}],"version-history":[{"count":0,"href":"https:\/\/aconteceunovale.com.br\/portal\/index.php?rest_route=\/wp\/v2\/posts\/16554\/revisions"}],"wp:attachment":[{"href":"https:\/\/aconteceunovale.com.br\/portal\/index.php?rest_route=%2Fwp%2Fv2%2Fmedia&parent=16554"}],"wp:term":[{"taxonomy":"category","embeddable":true,"href":"https:\/\/aconteceunovale.com.br\/portal\/index.php?rest_route=%2Fwp%2Fv2%2Fcategories&post=16554"},{"taxonomy":"post_tag","embeddable":true,"href":"https:\/\/aconteceunovale.com.br\/portal\/index.php?rest_route=%2Fwp%2Fv2%2Ftags&post=16554"}],"curies":[{"name":"wp","href":"https:\/\/api.w.org\/{rel}","templated":true}]}}