{"id":165536,"date":"2020-07-10T12:35:17","date_gmt":"2020-07-10T15:35:17","guid":{"rendered":"https:\/\/aconteceunovale.com.br\/portal\/?p=165536"},"modified":"2020-07-10T12:35:49","modified_gmt":"2020-07-10T15:35:49","slug":"laudo-de-autismo-tera-validade-por-prazo-indeterminado-em-minas-gerais","status":"publish","type":"post","link":"https:\/\/aconteceunovale.com.br\/portal\/?p=165536","title":{"rendered":"Laudo de autismo ter\u00e1 validade por prazo indeterminado em Minas Gerais"},"content":{"rendered":"\n<p>Passam a ter\u00a0validade por prazo indeterminado per\u00edcias e laudos que atestam o transtorno do espectro do autismo (TEA) emitidos por m\u00e9dicos no Estado. \u00c9 o que determina a\u00a0<a rel=\"noreferrer noopener\" href=\"https:\/\/www.almg.gov.br\/consulte\/legislacao\/completa\/completa.html?tipo=LEI&amp;num=23676&amp;comp=&amp;ano=2020\" target=\"_blank\">Lei 23.676<\/a>, de 2020, sancionada pelo governador Romeu Zema e publicada no\u00a0<a rel=\"noreferrer noopener\" href=\"http:\/\/www.jornalminasgerais.mg.gov.br\/?dataJornal=2020-07-10\" target=\"_blank\">Minas Gerais, Di\u00e1rio Oficial do Estado<\/a>,\u00a0desta sexta-feira (10\/7\/2020). A nova norma tem origem em projeto aprovado na Assembleia Legislativa de Minas Gerais (ALMG), em 18 de junho deste ano.<\/p>\n\n\n\n<p>A lei estabelece que o laudo poder\u00e1 ser emitido por\u00a0profissional da rede de sa\u00fade p\u00fablica ou privada, observados os demais requisitos para a sua emiss\u00e3o, estabelecidos na legisla\u00e7\u00e3o pertinente.<\/p>\n\n\n\n<p>Tamb\u00e9m determina que o laudo poder\u00e1 ser apresentado \u00e0s autoridades competentes por meio de\u00a0c\u00f3pia simples, desde que acompanhada do seu original, observado o disposto na\u00a0<a rel=\"noreferrer noopener\" href=\"http:\/\/www.planalto.gov.br\/ccivil_03\/_ato2015-2018\/2018\/lei\/L13726.htm#:~:text=LEI%20N%C2%BA%2013.726%2C%20DE%208%20DE%20OUTUBRO%20DE%202018.&amp;text=Racionaliza%20atos%20e%20procedimentos%20administrativos,Selo%20de%20Desburocratiza%C3%A7%C3%A3o%20e%20Simplifica%C3%A7%C3%A3o.\" target=\"_blank\">Lei Federal 13.726, de 2018<\/a>. E ainda prev\u00ea que a apresenta\u00e7\u00e3o do laudo n\u00e3o exclui o cumprimento dos demais requisitos para a obten\u00e7\u00e3o dos benef\u00edcios.<\/p>\n\n\n\n<p>A Lei 23.676 \u00e9 oriunda do\u00a0<a href=\"https:\/\/www.almg.gov.br\/atividade_parlamentar\/tramitacao_projetos\/interna.html?a=2020&amp;n=1968&amp;t=PL\" target=\"_blank\" rel=\"noreferrer noopener\">Projeto de Lei 1.968\/20<\/a>, de autoria do deputado Ulysses Gomes (PT). Na sua justificativa para a apresenta\u00e7\u00e3o do projeto, ele destacou que,\u00a0no contexto da pandemia de Covid-19, as dificuldades para obter o laudo aumentam, com o distanciamento social\u00a0e a sobrecarga dos servi\u00e7os de sa\u00fade pelo atendimento a infectados.<\/p>\n\n\n\n<p><strong>Gestantes<\/strong>\u00a0&#8211; Tamb\u00e9m foi sancionada e publicada no Di\u00e1rio Oficial a\u00a0<a href=\"https:\/\/www.almg.gov.br\/consulte\/legislacao\/completa\/completa.html?tipo=LEI&amp;num=23677&amp;comp=&amp;ano=2020\" target=\"_blank\" rel=\"noreferrer noopener\">Lei 23.677<\/a>, que altera a\u00a0<a href=\"https:\/\/www.almg.gov.br\/consulte\/legislacao\/completa\/completa.html?tipo=LEI&amp;num=23631&amp;comp=&amp;ano=2020\" target=\"_blank\" rel=\"noreferrer noopener\">Lei 23.631, de 2020<\/a>, a qual disp\u00f5e sobre a ado\u00e7\u00e3o de medidas para o\u00a0enfrentamento do estado de calamidade p\u00fablica decorrente da pandemia de Covid-19.<\/p>\n\n\n\n<p>O texto acrescenta na referida lei a\u00a0previs\u00e3o do uso de plataformas virtuais e de telemedicina para garantir \u00e0s gestantes, pu\u00e9rperas e demais usu\u00e1rios acesso aos servi\u00e7os e a\u00e7\u00f5es de sa\u00fade, observadas normas do Minist\u00e9rio da Sa\u00fade.<\/p>\n\n\n\n<p>Tamb\u00e9m acrescenta na Lei 23.631 a determina\u00e7\u00e3o de que as unidades de sa\u00fade p\u00fablicas e privadas que realizem consultas de pr\u00e9-natal disponibilizar\u00e3o, quando poss\u00edvel e quando n\u00e3o houver contraindica\u00e7\u00e3o m\u00e9dica,\u00a0servi\u00e7o remoto de acolhimento e aconselhamento para gestantes e pu\u00e9rperas.<\/p>\n\n\n\n<p>A lei \u00e9 oriunda do\u00a0<a href=\"https:\/\/www.almg.gov.br\/atividade_parlamentar\/tramitacao_projetos\/interna.html?a=2020&amp;n=2004&amp;t=PL\" target=\"_blank\" rel=\"noreferrer noopener\">PL 2.004\/20<\/a>, de autoria da deputada Mar\u00edlia Campos (PT), aprovado pelo Plen\u00e1rio da ALMG tamb\u00e9m em 18 de junho.<\/p>\n\n\n\n<p class=\"has-background has-very-light-gray-background-color\">Quer saber as not\u00edcias do <strong>Aconteceu no Vale<\/strong> em primeira m\u00e3o? Siga-nos no Facebook <a rel=\"noreferrer noopener\" href=\"http:\/\/facebook.com\/aconteceunovale\" target=\"_blank\">@aconteceunovale<\/a>, Twitter <a rel=\"noreferrer noopener\" href=\"https:\/\/twitter.com\/noticiadosvales\" target=\"_blank\">@noticiadosvales<\/a> e Instagram <a rel=\"noreferrer noopener\" href=\"https:\/\/www.instagram.com\/aconteceunovale\" target=\"_blank\">@aconteceunovale<\/a>.<\/p>\n","protected":false},"excerpt":{"rendered":"<p>Passam a ter\u00a0validade por prazo indeterminado per\u00edcias e laudos que atestam o transtorno do espectro do autismo (TEA) emitidos por m\u00e9dicos no Estado. \u00c9 o que determina a\u00a0Lei 23.676, de 2020, sancionada pelo governador Romeu Zema e publicada no\u00a0Minas Gerais, Di\u00e1rio Oficial do Estado,\u00a0desta sexta-feira (10\/7\/2020). A nova norma tem origem em projeto aprovado na [&hellip;]<\/p>\n","protected":false},"author":1,"featured_media":165537,"comment_status":"open","ping_status":"closed","sticky":false,"template":"","format":"standard","meta":{"amp_status":"","footnotes":""},"categories":[123,40242],"tags":[752,225257,225259,225256,225258],"class_list":["post-165536","post","type-post","status-publish","format-standard","has-post-thumbnail","hentry","category-gerais","category-saude-2","tag-almg","tag-laudo-de-autismo","tag-laudo-de-autismo-em-minas-gerais","tag-laudo-de-autismo-tera-validade-por-prazo-indeterminado-em-minas-gerais","tag-validade-de-laudo-de-autismo"],"_links":{"self":[{"href":"https:\/\/aconteceunovale.com.br\/portal\/index.php?rest_route=\/wp\/v2\/posts\/165536","targetHints":{"allow":["GET"]}}],"collection":[{"href":"https:\/\/aconteceunovale.com.br\/portal\/index.php?rest_route=\/wp\/v2\/posts"}],"about":[{"href":"https:\/\/aconteceunovale.com.br\/portal\/index.php?rest_route=\/wp\/v2\/types\/post"}],"author":[{"embeddable":true,"href":"https:\/\/aconteceunovale.com.br\/portal\/index.php?rest_route=\/wp\/v2\/users\/1"}],"replies":[{"embeddable":true,"href":"https:\/\/aconteceunovale.com.br\/portal\/index.php?rest_route=%2Fwp%2Fv2%2Fcomments&post=165536"}],"version-history":[{"count":1,"href":"https:\/\/aconteceunovale.com.br\/portal\/index.php?rest_route=\/wp\/v2\/posts\/165536\/revisions"}],"predecessor-version":[{"id":165538,"href":"https:\/\/aconteceunovale.com.br\/portal\/index.php?rest_route=\/wp\/v2\/posts\/165536\/revisions\/165538"}],"wp:featuredmedia":[{"embeddable":true,"href":"https:\/\/aconteceunovale.com.br\/portal\/index.php?rest_route=\/wp\/v2\/media\/165537"}],"wp:attachment":[{"href":"https:\/\/aconteceunovale.com.br\/portal\/index.php?rest_route=%2Fwp%2Fv2%2Fmedia&parent=165536"}],"wp:term":[{"taxonomy":"category","embeddable":true,"href":"https:\/\/aconteceunovale.com.br\/portal\/index.php?rest_route=%2Fwp%2Fv2%2Fcategories&post=165536"},{"taxonomy":"post_tag","embeddable":true,"href":"https:\/\/aconteceunovale.com.br\/portal\/index.php?rest_route=%2Fwp%2Fv2%2Ftags&post=165536"}],"curies":[{"name":"wp","href":"https:\/\/api.w.org\/{rel}","templated":true}]}}