{"id":165369,"date":"2020-07-08T17:14:15","date_gmt":"2020-07-08T20:14:15","guid":{"rendered":"https:\/\/aconteceunovale.com.br\/portal\/?p=165369"},"modified":"2020-07-08T17:14:29","modified_gmt":"2020-07-08T20:14:29","slug":"policia-civil-soluciona-100-dos-homicidios-ocorridos-em-mato-verde","status":"publish","type":"post","link":"https:\/\/aconteceunovale.com.br\/portal\/?p=165369","title":{"rendered":"Pol\u00edcia Civil soluciona 100% dos homic\u00eddios ocorridos em Mato Verde"},"content":{"rendered":"\n<p>Com a pris\u00e3o realizada no in\u00edcio desta semana, a Pol\u00edcia Civil de Minas Gerais (PCMG) solucionou tr\u00eas homic\u00eddios \u2013 um consumado e dois tentados \u2013 ocorridos entre os meses de abril e junho na cidade de Mato Verde, no Norte do estado. No \u00e2mbito dos respectivos inqu\u00e9ritos policiais, quatro pessoas foram presas. O trabalho investigativo representa a elucida\u00e7\u00e3o da totalidade dos casos registrados.<\/p>\n\n\n\n<p>Segundo o Delegado Jo\u00e3o Paulo Ladeira Soares, o resultado se deve ao empenho e comprometimento dos policiais civis em apura\u00e7\u00f5es qualificadas. \u201cApesar de os homic\u00eddios, a princ\u00edpio, terem motiva\u00e7\u00e3o passional, os quais s\u00e3o de dif\u00edcil preven\u00e7\u00e3o, estamos dando um recado claro \u00e0 popula\u00e7\u00e3o matoverdense, com 100% de elucida\u00e7\u00e3o e pris\u00e3o dos envolvidos. Isso mostra que os autores de crimes dessa natureza n\u00e3o ficar\u00e3o impunes\u201d, ressalta.<\/p>\n\n\n\n<p>O delegado reitera que a resposta investigativa foi c\u00e9lere, possibilitando a representa\u00e7\u00e3o pelas medidas judiciais pertinentes em cada caso. Os inqu\u00e9ritos policiais est\u00e3o em fase em conclus\u00e3o e devem ser remetidos \u00e0 Justi\u00e7a nos pr\u00f3ximos dias.<\/p>\n\n\n\n<p><strong>Sobre os crimes<\/strong><\/p>\n\n\n\n<p>Em rela\u00e7\u00e3o ao mandado de pris\u00e3o preventiva cumprido na \u00faltima segunda-feira (6), na cidade de Jana\u00faba, que fica a cerca de 80 quil\u00f4metro do local do crime, o homem preso, de 37 anos, \u00e9 suspeito de tentar matar a golpes de fac\u00e3o a v\u00edtima, de 54 anos. O crime ocorreu em 18 de junho e, a princ\u00edpio, estaria relacionado a uma discuss\u00e3o por motivo f\u00fatil.<\/p>\n\n\n\n<p>Antes, em 31 de maio, uma briga de tr\u00e2nsito teria sido a motiva\u00e7\u00e3o do homic\u00eddio que vitimou um homem, de 29 anos. O suspeito, de 35, foi preso cerca de um m\u00eas ap\u00f3s o crime, no munic\u00edpio de Porteirinha, a 45 quil\u00f4metros de Mato Verde.<\/p>\n\n\n\n<p>Outra investiga\u00e7\u00e3o conclu\u00edda \u00e9 referente a uma tentativa de homic\u00eddio ocorrida no dia 14 de abril. A v\u00edtima, de 22 anos, foi atingida por disparos de arma de fogo. Um homem, tamb\u00e9m de 22 anos, e uma mulher, de 25, foram presos no m\u00eas de maio. A motiva\u00e7\u00e3o seria um poss\u00edvel envolvimento da v\u00edtima com a namorada do investigado.<\/p>\n\n\n\n<p class=\"has-background has-very-light-gray-background-color\">Quer saber as not\u00edcias do <strong>Aconteceu no Vale<\/strong> em primeira m\u00e3o? Siga-nos no Facebook <a rel=\"noreferrer noopener\" href=\"http:\/\/facebook.com\/aconteceunovale\" target=\"_blank\">@aconteceunovale<\/a>, Twitter <a rel=\"noreferrer noopener\" href=\"https:\/\/twitter.com\/noticiadosvales\" target=\"_blank\">@noticiadosvales<\/a> e Instagram <a rel=\"noreferrer noopener\" href=\"https:\/\/www.instagram.com\/aconteceunovale\" target=\"_blank\">@aconteceunovale<\/a>.<\/p>\n","protected":false},"excerpt":{"rendered":"<p>Com a pris\u00e3o realizada no in\u00edcio desta semana, a Pol\u00edcia Civil de Minas Gerais (PCMG) solucionou tr\u00eas homic\u00eddios \u2013 um consumado e dois tentados \u2013 ocorridos entre os meses de abril e junho na cidade de Mato Verde, no Norte do estado. No \u00e2mbito dos respectivos inqu\u00e9ritos policiais, quatro pessoas foram presas. O trabalho investigativo [&hellip;]<\/p>\n","protected":false},"author":1,"featured_media":151866,"comment_status":"open","ping_status":"closed","sticky":false,"template":"","format":"standard","meta":{"amp_status":"","footnotes":""},"categories":[1236],"tags":[216116,126578,204,216118,1195,604,225059,44644,225058,1194],"class_list":["post-165369","post","type-post","status-publish","format-standard","has-post-thumbnail","hentry","category-norte_de_minas","tag-delegado-joao-paulo-ladeira-soares","tag-homicidio-em-mato-verde","tag-janauba","tag-joao-paulo-ladeira-soares","tag-mato-verde","tag-pcmg","tag-policia-civil-de-mato-verde","tag-policia-civil-de-minas-gerais","tag-policia-civil-soluciona-100-dos-homicidios-ocorridos-em-mato-verde","tag-porteirinha"],"_links":{"self":[{"href":"https:\/\/aconteceunovale.com.br\/portal\/index.php?rest_route=\/wp\/v2\/posts\/165369","targetHints":{"allow":["GET"]}}],"collection":[{"href":"https:\/\/aconteceunovale.com.br\/portal\/index.php?rest_route=\/wp\/v2\/posts"}],"about":[{"href":"https:\/\/aconteceunovale.com.br\/portal\/index.php?rest_route=\/wp\/v2\/types\/post"}],"author":[{"embeddable":true,"href":"https:\/\/aconteceunovale.com.br\/portal\/index.php?rest_route=\/wp\/v2\/users\/1"}],"replies":[{"embeddable":true,"href":"https:\/\/aconteceunovale.com.br\/portal\/index.php?rest_route=%2Fwp%2Fv2%2Fcomments&post=165369"}],"version-history":[{"count":1,"href":"https:\/\/aconteceunovale.com.br\/portal\/index.php?rest_route=\/wp\/v2\/posts\/165369\/revisions"}],"predecessor-version":[{"id":165370,"href":"https:\/\/aconteceunovale.com.br\/portal\/index.php?rest_route=\/wp\/v2\/posts\/165369\/revisions\/165370"}],"wp:featuredmedia":[{"embeddable":true,"href":"https:\/\/aconteceunovale.com.br\/portal\/index.php?rest_route=\/wp\/v2\/media\/151866"}],"wp:attachment":[{"href":"https:\/\/aconteceunovale.com.br\/portal\/index.php?rest_route=%2Fwp%2Fv2%2Fmedia&parent=165369"}],"wp:term":[{"taxonomy":"category","embeddable":true,"href":"https:\/\/aconteceunovale.com.br\/portal\/index.php?rest_route=%2Fwp%2Fv2%2Fcategories&post=165369"},{"taxonomy":"post_tag","embeddable":true,"href":"https:\/\/aconteceunovale.com.br\/portal\/index.php?rest_route=%2Fwp%2Fv2%2Ftags&post=165369"}],"curies":[{"name":"wp","href":"https:\/\/api.w.org\/{rel}","templated":true}]}}