{"id":165366,"date":"2020-07-08T17:08:47","date_gmt":"2020-07-08T20:08:47","guid":{"rendered":"https:\/\/aconteceunovale.com.br\/portal\/?p=165366"},"modified":"2020-07-08T17:09:03","modified_gmt":"2020-07-08T20:09:03","slug":"policia-civil-prende-suspeito-de-dois-homicidios-tentados-em-januaria","status":"publish","type":"post","link":"https:\/\/aconteceunovale.com.br\/portal\/?p=165366","title":{"rendered":"Pol\u00edcia Civil prende suspeito de dois homic\u00eddios tentados em Janu\u00e1ria"},"content":{"rendered":"\n<p>A Pol\u00edcia Civil de Minas Gerais (PCMG) cumpriu, nessa ter\u00e7a-feira (7\/7\/2020), mandado de pris\u00e3o preventiva em desfavor de um homem, de 35 anos, suspeito de envolvimento em dois homic\u00eddios tentados em Janu\u00e1ria. Os fatos teriam sido motivados por desaven\u00e7as pessoais, no primeiro caso, e por ci\u00fames de uma mulher, na segunda ocorr\u00eancia.<\/p>\n\n\n\n<p>O caso mais recente aconteceu em mar\u00e7o deste ano. Na ocasi\u00e3o, a v\u00edtima, de 28 anos, estava com a esposa e o sogro por uma rua do bairro Moradeiras, quando foi surpreendida pelo investigado. O rapaz foi atingido com um disparo de arma de fogo na regi\u00e3o do t\u00f3rax.<\/p>\n\n\n\n<p>J\u00e1 no registro anterior, em junho de 2019, no mesmo bairro, o suspeito teria chegado ao bar em que a v\u00edtima, de 46 anos, estava e atirou contra ela. Frequentadores do estabelecimento interferiram e conseguiram desarmar o investigado. Em seguida, ele fugiu do local.<\/p>\n\n\n\n<p>Conforme levantado, o investigado j\u00e1 possui registros policiais por outros crimes e, atualmente, estaria no comando do tr\u00e1fico de drogas em um ponto da cidade. Durante as buscas realizadas em dois im\u00f3veis do suspeito, foram apreendidos v\u00e1rios aparelhos celulares e mais de R$ 200 em esp\u00e9cie.<\/p>\n\n\n\n<p>Para o cumprimento das medidas judiciais, a equipe respons\u00e1vel pela investiga\u00e7\u00e3o de crimes contra a vida contou com o apoio operacional de policiais civis que apuram crimes contra o patrim\u00f4nio e da Ag\u00eancia de Intelig\u00eancia de Delegacia Regional em Janu\u00e1ria.<\/p>\n\n\n\n<p>O suspeito foi encaminhado ao Pres\u00eddio Local e encontra-se \u00e0 disposi\u00e7\u00e3o da Justi\u00e7a.<\/p>\n\n\n\n<figure class=\"wp-block-gallery columns-1 is-cropped wp-block-gallery-1 is-layout-flex wp-block-gallery-is-layout-flex\"><ul class=\"blocks-gallery-grid\"><li class=\"blocks-gallery-item\"><figure><img loading=\"lazy\" decoding=\"async\" width=\"587\" height=\"450\" src=\"https:\/\/aconteceunovale.com.br\/portal\/wp-content\/uploads\/2020\/07\/operacao_januaria.jpg\" alt=\"\" data-id=\"165367\" data-full-url=\"https:\/\/aconteceunovale.com.br\/portal\/wp-content\/uploads\/2020\/07\/operacao_januaria.jpg\" data-link=\"https:\/\/aconteceunovale.com.br\/portal\/?attachment_id=165367\" class=\"wp-image-165367\" srcset=\"https:\/\/aconteceunovale.com.br\/portal\/wp-content\/uploads\/2020\/07\/operacao_januaria.jpg 587w, https:\/\/aconteceunovale.com.br\/portal\/wp-content\/uploads\/2020\/07\/operacao_januaria-300x230.jpg 300w, https:\/\/aconteceunovale.com.br\/portal\/wp-content\/uploads\/2020\/07\/operacao_januaria-80x60.jpg 80w, https:\/\/aconteceunovale.com.br\/portal\/wp-content\/uploads\/2020\/07\/operacao_januaria-548x420.jpg 548w\" sizes=\"auto, (max-width: 587px) 100vw, 587px\" \/><figcaption class=\"blocks-gallery-item__caption\"><em>Foto: Divulga\u00e7\u00e3o\/PCMG<\/em><\/figcaption><\/figure><\/li><\/ul><\/figure>\n\n\n\n<p class=\"has-background has-very-light-gray-background-color\">Quer saber as not\u00edcias do <strong>Aconteceu no Vale<\/strong> em primeira m\u00e3o? Siga-nos no Facebook <a rel=\"noreferrer noopener\" href=\"http:\/\/facebook.com\/aconteceunovale\" target=\"_blank\">@aconteceunovale<\/a>, Twitter <a rel=\"noreferrer noopener\" href=\"https:\/\/twitter.com\/noticiadosvales\" target=\"_blank\">@noticiadosvales<\/a> e Instagram <a rel=\"noreferrer noopener\" href=\"https:\/\/www.instagram.com\/aconteceunovale\" target=\"_blank\">@aconteceunovale<\/a>.<\/p>\n","protected":false},"excerpt":{"rendered":"<p>A Pol\u00edcia Civil de Minas Gerais (PCMG) cumpriu, nessa ter\u00e7a-feira (7\/7\/2020), mandado de pris\u00e3o preventiva em desfavor de um homem, de 35 anos, suspeito de envolvimento em dois homic\u00eddios tentados em Janu\u00e1ria. Os fatos teriam sido motivados por desaven\u00e7as pessoais, no primeiro caso, e por ci\u00fames de uma mulher, na segunda ocorr\u00eancia. O caso mais [&hellip;]<\/p>\n","protected":false},"author":1,"featured_media":165367,"comment_status":"open","ping_status":"closed","sticky":false,"template":"","format":"standard","meta":{"amp_status":"","footnotes":""},"categories":[1236],"tags":[225057,205,114890,604,44644,225056,63449,97355],"class_list":["post-165366","post","type-post","status-publish","format-standard","has-post-thumbnail","hentry","category-norte_de_minas","tag-baleado-no-bairro-moradeiras-em-januaria","tag-januaria","tag-operacao-em-januaria","tag-pcmg","tag-policia-civil-de-minas-gerais","tag-policia-civil-prende-suspeito-de-dois-homicidios-tentados-em-januaria","tag-preso-em-januaria","tag-tentativa-de-homicidio-em-januaria"],"_links":{"self":[{"href":"https:\/\/aconteceunovale.com.br\/portal\/index.php?rest_route=\/wp\/v2\/posts\/165366","targetHints":{"allow":["GET"]}}],"collection":[{"href":"https:\/\/aconteceunovale.com.br\/portal\/index.php?rest_route=\/wp\/v2\/posts"}],"about":[{"href":"https:\/\/aconteceunovale.com.br\/portal\/index.php?rest_route=\/wp\/v2\/types\/post"}],"author":[{"embeddable":true,"href":"https:\/\/aconteceunovale.com.br\/portal\/index.php?rest_route=\/wp\/v2\/users\/1"}],"replies":[{"embeddable":true,"href":"https:\/\/aconteceunovale.com.br\/portal\/index.php?rest_route=%2Fwp%2Fv2%2Fcomments&post=165366"}],"version-history":[{"count":1,"href":"https:\/\/aconteceunovale.com.br\/portal\/index.php?rest_route=\/wp\/v2\/posts\/165366\/revisions"}],"predecessor-version":[{"id":165368,"href":"https:\/\/aconteceunovale.com.br\/portal\/index.php?rest_route=\/wp\/v2\/posts\/165366\/revisions\/165368"}],"wp:featuredmedia":[{"embeddable":true,"href":"https:\/\/aconteceunovale.com.br\/portal\/index.php?rest_route=\/wp\/v2\/media\/165367"}],"wp:attachment":[{"href":"https:\/\/aconteceunovale.com.br\/portal\/index.php?rest_route=%2Fwp%2Fv2%2Fmedia&parent=165366"}],"wp:term":[{"taxonomy":"category","embeddable":true,"href":"https:\/\/aconteceunovale.com.br\/portal\/index.php?rest_route=%2Fwp%2Fv2%2Fcategories&post=165366"},{"taxonomy":"post_tag","embeddable":true,"href":"https:\/\/aconteceunovale.com.br\/portal\/index.php?rest_route=%2Fwp%2Fv2%2Ftags&post=165366"}],"curies":[{"name":"wp","href":"https:\/\/api.w.org\/{rel}","templated":true}]}}