{"id":165354,"date":"2020-07-08T16:14:30","date_gmt":"2020-07-08T19:14:30","guid":{"rendered":"https:\/\/aconteceunovale.com.br\/portal\/?p=165354"},"modified":"2020-07-08T16:15:08","modified_gmt":"2020-07-08T19:15:08","slug":"prazo-para-declarar-vacinacao-contra-febre-aftosa-termina-nesta-sexta","status":"publish","type":"post","link":"https:\/\/aconteceunovale.com.br\/portal\/?p=165354","title":{"rendered":"Prazo para declarar vacina\u00e7\u00e3o contra febre aftosa termina nesta sexta"},"content":{"rendered":"\n<p>Pecuaristas de Minas Gerais t\u00eam at\u00e9 a pr\u00f3xima sexta-feira (10\/7) para comprovar a vacina\u00e7\u00e3o contra a febre aftosa de bovinos e bubalinos de todas as idades.\u00a0O<a rel=\"noreferrer noopener\" href=\"http:\/\/ima.mg.gov.br\/\" target=\"_blank\">\u00a0Instituto Mineiro de Agropecu\u00e1ria (IMA)<\/a>, vinculado \u00e0\u00a0Secretaria de Agricultura, Pecu\u00e1ria e Abastecimento (Seapa), continua recebendo as declara\u00e7\u00f5es exclusivamente de forma digital.<\/p>\n\n\n\n<p>O pecuarista pode comprovar a imuniza\u00e7\u00e3o dos animais pelo site&nbsp;<a href=\"http:\/\/www.ima.mg.gov.br\/\" target=\"_blank\" rel=\"noreferrer noopener\">www.ima.mg.gov.br<\/a>, usando o formato eletr\u00f4nico de declara\u00e7\u00e3o. Caso tenha cadastro, o envio do documento pode ser&nbsp;feito&nbsp;pelo Portal de Servi\u00e7os do Produtor.&nbsp;Outra op\u00e7\u00e3o \u00e9 o envio do documento para o e-mail da unidade do IMA que atenda \u00e0 regi\u00e3o.<\/p>\n\n\n\n<p>O diretor-geral do IMA, Thales Fernandes, destaca a parceria com o produtor rural mineiro, que reconhece a responsabilidade e cuidado com a imuniza\u00e7\u00e3o do rebanho, medida que preserva a sanidade dos animais e abre mercados para o estado. \u201cGostaria de contar com a aten\u00e7\u00e3o do pecuarista para o encerramento do prazo para comprovar a vacina\u00e7\u00e3o perante o IMA, na pr\u00f3xima sexta-feira. Refor\u00e7o nosso compromisso com a import\u00e2ncia da imuniza\u00e7\u00e3o nesse momento, para que o pr\u00f3ximo passo seja a retirada de vacina\u00e7\u00e3o contra a febre aftosa. Com isso, conseguiremos abrir novos mercados e valorizar ainda mais a pecu\u00e1ria mineira\u201d, lembra Fernandes.&nbsp;<\/p>\n\n\n\n<p>Ele ressalta\u00a0que a imuniza\u00e7\u00e3o dos animais \u00e9 fundamental para o estado manter o reconhecimento internacional de zona livre com vacina\u00e7\u00e3o, cen\u00e1rio que favorece o agroneg\u00f3cio, pois estimula o acesso a mercados internacionais, contribuindo para o Produto Interno Bruto (PIB).<\/p>\n\n\n\n<figure class=\"wp-block-gallery columns-1 is-cropped wp-block-gallery-1 is-layout-flex wp-block-gallery-is-layout-flex\"><ul class=\"blocks-gallery-grid\"><li class=\"blocks-gallery-item\"><figure><img loading=\"lazy\" decoding=\"async\" width=\"675\" height=\"450\" src=\"https:\/\/aconteceunovale.com.br\/portal\/wp-content\/uploads\/2020\/07\/rebanho_mg.jpg\" alt=\"\" data-id=\"165355\" data-full-url=\"https:\/\/aconteceunovale.com.br\/portal\/wp-content\/uploads\/2020\/07\/rebanho_mg.jpg\" data-link=\"https:\/\/aconteceunovale.com.br\/portal\/?attachment_id=165355\" class=\"wp-image-165355\" srcset=\"https:\/\/aconteceunovale.com.br\/portal\/wp-content\/uploads\/2020\/07\/rebanho_mg.jpg 675w, https:\/\/aconteceunovale.com.br\/portal\/wp-content\/uploads\/2020\/07\/rebanho_mg-300x200.jpg 300w, https:\/\/aconteceunovale.com.br\/portal\/wp-content\/uploads\/2020\/07\/rebanho_mg-630x420.jpg 630w\" sizes=\"auto, (max-width: 675px) 100vw, 675px\" \/><figcaption class=\"blocks-gallery-item__caption\"><em>Foto: Divulga\u00e7\u00e3o \/ IMA<\/em><\/figcaption><\/figure><\/li><\/ul><\/figure>\n\n\n\n<p><strong>Balan\u00e7o positivo&nbsp;<\/strong><\/p>\n\n\n\n<p>Dados apurados pela Ger\u00eancia de Defesa Sanit\u00e1ria Animal do IMA nesta quarta-feira (8\/7) mostram o balan\u00e7o positivo da campanha. A expectativa \u00e9 que o percentual de vacina\u00e7\u00e3o dos animais supere os 95%.&nbsp;Minas Gerais possui cerca de 23 milh\u00f5es de bovinos e bubalinos.<\/p>\n\n\n\n<p>Gerente de Defesa Sanit\u00e1ria Animal do IMA, o m\u00e9dico veterin\u00e1rio Guilherme Costa Negro Dias informa que a vacina\u00e7\u00e3o em todo o estado \u00e9 diariamente monitorada. \u201cA campanha foi bem-sucedida e ocorreu dentro do previsto, mesmo diante&nbsp;da&nbsp;covid-19. O resultado mostra a dedica\u00e7\u00e3o de nossos servidores, que se adaptaram para oferecer de forma on-line o melhor atendimento ao produtor rural\u201d, destaca.&nbsp;<\/p>\n\n\n\n<p><strong>Procedimentos digitais&nbsp;<\/strong><\/p>\n\n\n\n<p>Os novos procedimentos digitais incluem a pr\u00e1tica da fiscaliza\u00e7\u00e3o remota, que tem sido paulatinamente implantada nas ger\u00eancias t\u00e9cnicas, coordenadorias regionais e escrit\u00f3rios seccionais do IMA.&nbsp;<\/p>\n\n\n\n<p>A fiscaliza\u00e7\u00e3o remota foi regulamentada pela portaria do IMA n\u00ba 1977, de maio de 2020.&nbsp; Ela se d\u00e1 principalmente pela an\u00e1lise de documentos e dados dos sistemas oficiais e sua confronta\u00e7\u00e3o com as normas sanit\u00e1rias, visando apurar qualquer poss\u00edvel descumprimento por parte dos fiscalizados.<\/p>\n\n\n\n<p>O IMA lembra que, desde mar\u00e7o deste ano, o atendimento presencial nos escrit\u00f3rios em todo o estado est\u00e1 temporariamente suspenso, em virtude de medidas preventivas \u00e0 covid-19.\u00a0O site\u00a0<a rel=\"noreferrer noopener\" href=\"http:\/\/www.ima.mg.gov.br\/\" target=\"_blank\">www.ima.mg.gov.br<\/a>\u00a0cont\u00e9m informa\u00e7\u00f5es sobre as declara\u00e7\u00f5es e demais servi\u00e7os prestados pelo Ima.<\/p>\n\n\n\n<p class=\"has-background has-very-light-gray-background-color\">Quer saber as not\u00edcias do <strong>Aconteceu no Vale<\/strong> em primeira m\u00e3o? Siga-nos no Facebook <a rel=\"noreferrer noopener\" href=\"http:\/\/facebook.com\/aconteceunovale\" target=\"_blank\">@aconteceunovale<\/a>, Twitter <a rel=\"noreferrer noopener\" href=\"https:\/\/twitter.com\/noticiadosvales\" target=\"_blank\">@noticiadosvales<\/a> e Instagram <a rel=\"noreferrer noopener\" href=\"https:\/\/www.instagram.com\/aconteceunovale\" target=\"_blank\">@aconteceunovale<\/a>.<\/p>\n","protected":false},"excerpt":{"rendered":"<p>Pecuaristas de Minas Gerais t\u00eam at\u00e9 a pr\u00f3xima sexta-feira (10\/7) para comprovar a vacina\u00e7\u00e3o contra a febre aftosa de bovinos e bubalinos de todas as idades.\u00a0O\u00a0Instituto Mineiro de Agropecu\u00e1ria (IMA), vinculado \u00e0\u00a0Secretaria de Agricultura, Pecu\u00e1ria e Abastecimento (Seapa), continua recebendo as declara\u00e7\u00f5es exclusivamente de forma digital. O pecuarista pode comprovar a imuniza\u00e7\u00e3o dos animais pelo [&hellip;]<\/p>\n","protected":false},"author":1,"featured_media":165355,"comment_status":"open","ping_status":"closed","sticky":false,"template":"","format":"standard","meta":{"amp_status":"","footnotes":""},"categories":[6],"tags":[20951,90655,20955,225052,225051,208625,3641,220736],"class_list":["post-165354","post","type-post","status-publish","format-standard","has-post-thumbnail","hentry","category-br","tag-aftosa","tag-guilherme-costa-negro-dias","tag-ima","tag-prazo-para-declarar-vacinacao-contra-aftosa","tag-prazo-para-declarar-vacinacao-contra-febre-aftosa-termina-nesta-sexta","tag-thales-fernandes","tag-vacinacao-contra-aftosa","tag-vacinacao-do-gado-contra-aftosa"],"_links":{"self":[{"href":"https:\/\/aconteceunovale.com.br\/portal\/index.php?rest_route=\/wp\/v2\/posts\/165354","targetHints":{"allow":["GET"]}}],"collection":[{"href":"https:\/\/aconteceunovale.com.br\/portal\/index.php?rest_route=\/wp\/v2\/posts"}],"about":[{"href":"https:\/\/aconteceunovale.com.br\/portal\/index.php?rest_route=\/wp\/v2\/types\/post"}],"author":[{"embeddable":true,"href":"https:\/\/aconteceunovale.com.br\/portal\/index.php?rest_route=\/wp\/v2\/users\/1"}],"replies":[{"embeddable":true,"href":"https:\/\/aconteceunovale.com.br\/portal\/index.php?rest_route=%2Fwp%2Fv2%2Fcomments&post=165354"}],"version-history":[{"count":1,"href":"https:\/\/aconteceunovale.com.br\/portal\/index.php?rest_route=\/wp\/v2\/posts\/165354\/revisions"}],"predecessor-version":[{"id":165356,"href":"https:\/\/aconteceunovale.com.br\/portal\/index.php?rest_route=\/wp\/v2\/posts\/165354\/revisions\/165356"}],"wp:featuredmedia":[{"embeddable":true,"href":"https:\/\/aconteceunovale.com.br\/portal\/index.php?rest_route=\/wp\/v2\/media\/165355"}],"wp:attachment":[{"href":"https:\/\/aconteceunovale.com.br\/portal\/index.php?rest_route=%2Fwp%2Fv2%2Fmedia&parent=165354"}],"wp:term":[{"taxonomy":"category","embeddable":true,"href":"https:\/\/aconteceunovale.com.br\/portal\/index.php?rest_route=%2Fwp%2Fv2%2Fcategories&post=165354"},{"taxonomy":"post_tag","embeddable":true,"href":"https:\/\/aconteceunovale.com.br\/portal\/index.php?rest_route=%2Fwp%2Fv2%2Ftags&post=165354"}],"curies":[{"name":"wp","href":"https:\/\/api.w.org\/{rel}","templated":true}]}}