{"id":165351,"date":"2020-07-08T16:02:33","date_gmt":"2020-07-08T19:02:33","guid":{"rendered":"https:\/\/aconteceunovale.com.br\/portal\/?p=165351"},"modified":"2020-07-08T16:23:54","modified_gmt":"2020-07-08T19:23:54","slug":"operacao-leva-a-prisao-de-empresario-por-sonegacao-de-r-400-milhoes","status":"publish","type":"post","link":"https:\/\/aconteceunovale.com.br\/portal\/?p=165351","title":{"rendered":"Opera\u00e7\u00e3o leva \u00e0 pris\u00e3o de empres\u00e1rio por sonega\u00e7\u00e3o de R$ 400 milh\u00f5es"},"content":{"rendered":"\n<p>A&nbsp;<a href=\"http:\/\/www.policiacivil.mg.gov.br\/\" target=\"_blank\" rel=\"noreferrer noopener\">Pol\u00edcia Civil de Minas Gerais (PCMG)<\/a>, o Minist\u00e9rio P\u00fablico do Estado e a&nbsp;<a href=\"http:\/\/www.fazenda.mg.gov.br\/\" target=\"_blank\" rel=\"noreferrer noopener\">Secret\u00e1ria de Estado de Fazenda (SEF)<\/a>&nbsp;realizaram, na manh\u00e3 desta quarta-feira (8\/7), a opera\u00e7\u00e3o Direto com o Dono. A for\u00e7a tarefa teve como objetivo o cumprimento de tr\u00eas mandados de pris\u00e3o tempor\u00e1ria e 14 de busca e apreens\u00e3o nos munic\u00edpios de Belo Horizonte, Contagem, Nova Lima, S\u00e3o Paulo e Santo Andr\u00e9.<\/p>\n\n\n\n<p>Os alvos da opera\u00e7\u00e3o s\u00e3o empres\u00e1rios de uma das maiores redes varejistas do ramo de eletrodom\u00e9sticos e eletroeletr\u00f4nicos do pa\u00eds. O fundador da empresa, Ricardo Nunes, foi preso em S\u00e3o Paulo e, a filha dele, Laura Nunes, em Belo Horizonte. Um terceiro investigado n\u00e3o foi localizado e \u00e9 considerado foragido. Os suspeitos s\u00e3o investigados pelos crimes de sonega\u00e7\u00e3o fiscal e lavagem de dinheiro.<\/p>\n\n\n\n<p>Durante opera\u00e7\u00e3o, o seguran\u00e7a de uma das casas onde foi cumprido mandado de busca acabou sendo preso e encaminhado \u00e0 delegacia por dificultar a entrada dos agentes no local. Ele ir\u00e1 responder pelo crime de desobedi\u00eancia. &nbsp;<\/p>\n\n\n\n<p>Conforme apurado pela for\u00e7a tarefa, ao longo de cinco anos, aproximadamente R$ 400 milh\u00f5es em impostos n\u00e3o foram repassados aos cofres do Estado de Minas Gerais. Por solicita\u00e7\u00e3o da PCMG, a Justi\u00e7a determinou o sequestro de R$ 60 milh\u00f5es em bens im\u00f3veis do empres\u00e1rio, com o objetivo de ressarcir o er\u00e1rio.<\/p>\n\n\n\n<figure class=\"wp-block-gallery columns-1 is-cropped wp-block-gallery-1 is-layout-flex wp-block-gallery-is-layout-flex\"><ul class=\"blocks-gallery-grid\"><li class=\"blocks-gallery-item\"><figure><img loading=\"lazy\" decoding=\"async\" width=\"675\" height=\"450\" src=\"https:\/\/aconteceunovale.com.br\/portal\/wp-content\/uploads\/2020\/07\/operacao_direto_com_o_dono.jpg\" alt=\"\" data-id=\"165352\" data-full-url=\"https:\/\/aconteceunovale.com.br\/portal\/wp-content\/uploads\/2020\/07\/operacao_direto_com_o_dono.jpg\" data-link=\"https:\/\/aconteceunovale.com.br\/portal\/?attachment_id=165352\" class=\"wp-image-165352\" srcset=\"https:\/\/aconteceunovale.com.br\/portal\/wp-content\/uploads\/2020\/07\/operacao_direto_com_o_dono.jpg 675w, https:\/\/aconteceunovale.com.br\/portal\/wp-content\/uploads\/2020\/07\/operacao_direto_com_o_dono-300x200.jpg 300w, https:\/\/aconteceunovale.com.br\/portal\/wp-content\/uploads\/2020\/07\/operacao_direto_com_o_dono-630x420.jpg 630w\" sizes=\"auto, (max-width: 675px) 100vw, 675px\" \/><figcaption class=\"blocks-gallery-item__caption\"><em>Foto: PCMG \/ Divulga\u00e7\u00e3o<\/em><\/figcaption><\/figure><\/li><\/ul><\/figure>\n\n\n\n<p><strong>Investiga\u00e7\u00e3o<\/strong><\/p>\n\n\n\n<p>As investiga\u00e7\u00f5es ganharam for\u00e7a ap\u00f3s decis\u00e3o do Supremo Tribunal Federal (STF), em novembro de 2019, que definiu como crime a apropria\u00e7\u00e3o ind\u00e9bita tribut\u00e1ria. Ind\u00edcios apontam que a empresa, alvo da opera\u00e7\u00e3o, cobrava dos consumidores o ICMS, embutido no valor das mercadorias, e n\u00e3o repassava o valor aos cofres p\u00fablicos. A suspeita \u00e9 de que a rede tenha d\u00edvidas em outros estados do pa\u00eds onde tem unidades.<\/p>\n\n\n\n<p>\u201cAs investiga\u00e7\u00f5es iniciaram em 2018, por meio de inqu\u00e9rito policial, sendo verificado que o investigado mantinha conduta, de forma reiterada, para o omisso de pagamento, com apropria\u00e7\u00e3o do ICMS n\u00e3o recolhido. Em contrapartida, o seu patrim\u00f4nio, em nome da filha e da m\u00e3e, s\u00f3 crescia. A partir desse momento, de uma oculta\u00e7\u00e3o do dinheiro sonegado, representamos ao Poder Judici\u00e1rio pelo sequestro dos bens patrimoniais, sendo deferido o valor em torno de R$ 60 milh\u00f5es, visando ressarcir os cofres de Minas Gerais\u201d, ressalta o delegado Vitor Abdala, respons\u00e1vel pela condu\u00e7\u00e3o do inqu\u00e9rito policial.<\/p>\n\n\n\n<p>Atualmente, a empresa alvo da for\u00e7a tarefa est\u00e1 em situa\u00e7\u00e3o de recupera\u00e7\u00e3o extrajudicial com alguns credores, alegada a incapacidade de arcar com as d\u00edvidas tendo, inclusive, encerrado as atividades de diversas unidades e demitido v\u00e1rios funcion\u00e1rios. No entanto, o fundador da empresa disp\u00f5e de amplo patrim\u00f4nio composto por dezenas de im\u00f3veis e participa\u00e7\u00e3o em shoppings na Regi\u00e3o Metropolitana de Belo Horizonte. Esses im\u00f3veis e investimentos est\u00e3o registrados em nome de parentes do empres\u00e1rio.<\/p>\n\n\n\n<p>Ainda de acordo com as investiga\u00e7\u00f5es, o crescimento do patrim\u00f4nio individual do principal s\u00f3cio da empresa, no per\u00edodo em que os crimes tribut\u00e1rios foram cometidos, aponta para o crime de lavagem de dinheiro.<\/p>\n\n\n\n<p>A expectativa \u00e9 de que os presos nessa opera\u00e7\u00e3o prestem depoimento ainda essa semana. Outros suspeitos e demais testemunhas tamb\u00e9m ser\u00e3o ouvidos no curso das investiga\u00e7\u00f5es. Documentos recolhidos ser\u00e3o encaminhados \u00e0 Secretaria de Estado de Fazenda, que tem um prazo de 30 dias para emitir relat\u00f3rio preliminar e 180 para envio do relat\u00f3rio definitivo.<\/p>\n\n\n\n<p><strong>A\u00e7\u00e3o conjunta<\/strong><\/p>\n\n\n\n<p>Desde a decis\u00e3o do STF, a Secretaria de Estado de Fazenda vem realizando um trabalho detalhado sobre os repasses dessas tributa\u00e7\u00f5es e encaminhado casos com suspeitas de irregularidades ao Minist\u00e9rio P\u00fablico e \u00e0 Pol\u00edcia Civil para a devida investiga\u00e7\u00e3o criminal.<\/p>\n\n\n\n<p>A opera\u00e7\u00e3o \u201cDireto com o Dono\u201d \u00e9 a primeira a\u00e7\u00e3o conjunta, em Minas Gerais, ap\u00f3s decis\u00e3o do STF.&nbsp;A opera\u00e7\u00e3o contou com a participa\u00e7\u00e3o de 59 policiais civis, 60 auditores fiscais da Receita Estadual e tr\u00eas promotores de Justi\u00e7a.<\/p>\n\n\n\n<h2 class=\"wp-block-heading\">Ricardo Eletro<\/h2>\n\n\n\n<p>Em nota, a Ricardo Eletro informou que Ricardo Nunes e familiares n\u00e3o fazem parte do seu quadro de acionistas e nem mesmo da administra\u00e7\u00e3o da companhia desde 2019.&nbsp;<\/p>\n\n\n\n<p>\u201cA Ricardo Eletro pertence a um fundo de investimento em participa\u00e7\u00e3o, que vem trabalhando para superar as crises financeiras que assolam a companhia desde 2017, sendo inclusive objeto de recupera\u00e7\u00e3o extrajudicial devidamente homologada perante a Justi\u00e7a, em 2019\u201d, diz a nota.<\/p>\n\n\n\n<p>A Ricardo Eletro esclareceu que \u201ca opera\u00e7\u00e3o realizada hoje (8) pelo Minist\u00e9rio P\u00fablico de Minas Gerais (MPMG), pela Receita Estadual e pela Pol\u00edcia Civil, faz parte de processos anteriores a gest\u00e3o atual da companhia e dizem respeito a supostos atos praticados por Ricardo Nunes e familiares, n\u00e3o tendo liga\u00e7\u00e3o com a companhia\u201d.<\/p>\n\n\n\n<p>Em rela\u00e7\u00e3o \u00e0 d\u00edvida com o estado de Minas Gerais, a Ricardo Eletro disse que \u201creconhece parcialmente as d\u00edvidas e, antes da pandemia, estava em discuss\u00e3o avan\u00e7ada com o estado para pagamento dos tributos passados, em conson\u00e2ncia com as leis estaduais\u201d.<\/p>\n\n\n\n<p>A nota diz ainda que a Ricardo Eletro se coloca \u00e0 disposi\u00e7\u00e3o para colaborar integralmente com as investiga\u00e7\u00f5es.<\/p>\n\n\n\n<p class=\"has-background has-very-light-gray-background-color\">Quer saber as not\u00edcias do <strong>Aconteceu no Vale<\/strong> em primeira m\u00e3o? Siga-nos no Facebook <a rel=\"noreferrer noopener\" href=\"http:\/\/facebook.com\/aconteceunovale\" target=\"_blank\">@aconteceunovale<\/a>, Twitter <a rel=\"noreferrer noopener\" href=\"https:\/\/twitter.com\/noticiadosvales\" target=\"_blank\">@noticiadosvales<\/a> e Instagram <a rel=\"noreferrer noopener\" href=\"https:\/\/www.instagram.com\/aconteceunovale\" target=\"_blank\">@aconteceunovale<\/a>.<\/p>\n","protected":false},"excerpt":{"rendered":"<p>A&nbsp;Pol\u00edcia Civil de Minas Gerais (PCMG), o Minist\u00e9rio P\u00fablico do Estado e a&nbsp;Secret\u00e1ria de Estado de Fazenda (SEF)&nbsp;realizaram, na manh\u00e3 desta quarta-feira (8\/7), a opera\u00e7\u00e3o Direto com o Dono. A for\u00e7a tarefa teve como objetivo o cumprimento de tr\u00eas mandados de pris\u00e3o tempor\u00e1ria e 14 de busca e apreens\u00e3o nos munic\u00edpios de Belo Horizonte, Contagem, [&hellip;]<\/p>\n","protected":false},"author":1,"featured_media":165352,"comment_status":"open","ping_status":"closed","sticky":false,"template":"","format":"standard","meta":{"amp_status":"","footnotes":""},"categories":[6,123],"tags":[225050,194,956,1018,19675,1496,225044,225043,225042,225045,225046,604,225047,6496,225048,93703,225049,27713,2382,171807,157342,28511,160612],"class_list":["post-165351","post","type-post","status-publish","format-standard","has-post-thumbnail","hentry","category-br","category-gerais","tag-apropriacao-indebita-de-impostos","tag-belo-horizonte","tag-contagem","tag-destaque","tag-mpmg","tag-nova-lima","tag-operacao-direto-com-o-dono","tag-operacao-direto-com-o-dono-leva-a-prisao-de-empresario-por-sonegacao-de-r-400-milhoes","tag-operacao-leva-a-prisao-de-empresario-por-sonegacao-de-r-400-milhoes","tag-operacao-ricardo-eletro","tag-operacao-ricardo-nunes","tag-pcmg","tag-policia-civil-de-minas-ferais","tag-ricardo-eletro","tag-ricardo-eletro-sonegacao-fiscal","tag-ricardo-nunes","tag-ricardo-nunes-sonegacao-fiscal","tag-santo-andre","tag-sao-paulo","tag-sef-mg","tag-sonegacao-fiscal","tag-stf","tag-vitor-abdala"],"_links":{"self":[{"href":"https:\/\/aconteceunovale.com.br\/portal\/index.php?rest_route=\/wp\/v2\/posts\/165351","targetHints":{"allow":["GET"]}}],"collection":[{"href":"https:\/\/aconteceunovale.com.br\/portal\/index.php?rest_route=\/wp\/v2\/posts"}],"about":[{"href":"https:\/\/aconteceunovale.com.br\/portal\/index.php?rest_route=\/wp\/v2\/types\/post"}],"author":[{"embeddable":true,"href":"https:\/\/aconteceunovale.com.br\/portal\/index.php?rest_route=\/wp\/v2\/users\/1"}],"replies":[{"embeddable":true,"href":"https:\/\/aconteceunovale.com.br\/portal\/index.php?rest_route=%2Fwp%2Fv2%2Fcomments&post=165351"}],"version-history":[{"count":4,"href":"https:\/\/aconteceunovale.com.br\/portal\/index.php?rest_route=\/wp\/v2\/posts\/165351\/revisions"}],"predecessor-version":[{"id":165359,"href":"https:\/\/aconteceunovale.com.br\/portal\/index.php?rest_route=\/wp\/v2\/posts\/165351\/revisions\/165359"}],"wp:featuredmedia":[{"embeddable":true,"href":"https:\/\/aconteceunovale.com.br\/portal\/index.php?rest_route=\/wp\/v2\/media\/165352"}],"wp:attachment":[{"href":"https:\/\/aconteceunovale.com.br\/portal\/index.php?rest_route=%2Fwp%2Fv2%2Fmedia&parent=165351"}],"wp:term":[{"taxonomy":"category","embeddable":true,"href":"https:\/\/aconteceunovale.com.br\/portal\/index.php?rest_route=%2Fwp%2Fv2%2Fcategories&post=165351"},{"taxonomy":"post_tag","embeddable":true,"href":"https:\/\/aconteceunovale.com.br\/portal\/index.php?rest_route=%2Fwp%2Fv2%2Ftags&post=165351"}],"curies":[{"name":"wp","href":"https:\/\/api.w.org\/{rel}","templated":true}]}}