{"id":165345,"date":"2020-07-08T10:21:06","date_gmt":"2020-07-08T13:21:06","guid":{"rendered":"https:\/\/aconteceunovale.com.br\/portal\/?p=165345"},"modified":"2020-07-08T10:21:16","modified_gmt":"2020-07-08T13:21:16","slug":"reabertura-das-agencias-do-inss-e-adiada-para-dia-3-de-agosto","status":"publish","type":"post","link":"https:\/\/aconteceunovale.com.br\/portal\/?p=165345","title":{"rendered":"Reabertura das ag\u00eancias do INSS \u00e9 adiada para dia 3 de agosto"},"content":{"rendered":"\n<p>O atendimento presencial nas ag\u00eancias da Previd\u00eancia Social foi adiado para 3 de agosto. O adiamento est\u00e1 na Portaria Conjunta n\u00b0 27 da Secretaria Especial de Previd\u00eancia e Trabalho do Minist\u00e9rio da Economia e do Instituto Nacional do Seguro Social (INSS), publicada hoje (8), no&nbsp;<em><a href=\"http:\/\/www.in.gov.br\/en\/web\/dou\/-\/portaria-conjunta-n-27-de-7-de-julho-de-2020-265631451%20--\" target=\"_blank\" rel=\"noreferrer noopener\">Di\u00e1rio Oficial da Uni\u00e3o<\/a><\/em>.<\/p>\n\n\n\n<p>O atendimento exclusivo por meio de canais remotos fica prorrogado at\u00e9 o dia 31 de julho e continuar\u00e1 sendo realizado mesmo ap\u00f3s a reabertura das ag\u00eancias.<\/p>\n\n\n\n<p>Segundo o minist\u00e9rio, em um primeiro momento, o tempo de funcionamento das ag\u00eancias ser\u00e1 parcial, com seis horas cont\u00ednuas, e o atendimento ser\u00e1 exclusivo aos segurados e benefici\u00e1rios com pr\u00e9vio agendamento pelos canais remotos (Meu INSS e Central 135). Tamb\u00e9m ser\u00e3o retomados os servi\u00e7os que n\u00e3o possam ser realizados por meio dos canais de atendimento remotos como, por exemplo, realiza\u00e7\u00e3o de per\u00edcias m\u00e9dicas, avalia\u00e7\u00e3o social e reabilita\u00e7\u00e3o profissional.<\/p>\n\n\n\n<p>\u201cA reabertura gradual e segura ir\u00e1 considerar as especificidades de cada uma das 1.525 Ag\u00eancias da Previd\u00eancia Social no pa\u00eds. Cada unidade dever\u00e1 avaliar o perfil do quadro de servidores e contratados, o volume de atendimentos realizados, a organiza\u00e7\u00e3o do espa\u00e7o f\u00edsico, as medidas de limpeza e os equipamentos de prote\u00e7\u00e3o individual e coletiva\u201d, diz o minist\u00e9rio.<\/p>\n\n\n\n<p>De acordo com o minist\u00e9rio, as unidades que n\u00e3o reunirem as condi\u00e7\u00f5es necess\u00e1rias para atender o cidad\u00e3o de forma segura, continuar\u00e3o em regime de plant\u00e3o reduzido. O INSS disponibilizar\u00e1 um painel eletr\u00f4nico contendo informa\u00e7\u00f5es sobre o funcionamento das Ag\u00eancias da Previd\u00eancia Social, os servi\u00e7os oferecidos e o hor\u00e1rio de funcionamento.<\/p>\n\n\n\n<p>\u201cTodas as medidas tomadas para garantir o direito dos cidad\u00e3os durante a pandemia da covid-19, incluindo a simplifica\u00e7\u00e3o dos procedimentos, a dispensa de exig\u00eancias e a oferta de servi\u00e7os por meio de canais remotos, continuar\u00e3o valendo mesmo ap\u00f3s a retomada do atendimento presencial\u201d, garante o minist\u00e9rio.<\/p>\n\n\n\n<p class=\"has-background has-very-light-gray-background-color\">Quer saber as not\u00edcias do <strong>Aconteceu no Vale<\/strong> em primeira m\u00e3o? Siga-nos no Facebook <a rel=\"noreferrer noopener\" href=\"http:\/\/facebook.com\/aconteceunovale\" target=\"_blank\">@aconteceunovale<\/a>, Twitter <a rel=\"noreferrer noopener\" href=\"https:\/\/twitter.com\/noticiadosvales\" target=\"_blank\">@noticiadosvales<\/a> e Instagram <a rel=\"noreferrer noopener\" href=\"https:\/\/www.instagram.com\/aconteceunovale\" target=\"_blank\">@aconteceunovale<\/a>.<\/p>\n","protected":false},"excerpt":{"rendered":"<p>O atendimento presencial nas ag\u00eancias da Previd\u00eancia Social foi adiado para 3 de agosto. O adiamento est\u00e1 na Portaria Conjunta n\u00b0 27 da Secretaria Especial de Previd\u00eancia e Trabalho do Minist\u00e9rio da Economia e do Instituto Nacional do Seguro Social (INSS), publicada hoje (8), no&nbsp;Di\u00e1rio Oficial da Uni\u00e3o. O atendimento exclusivo por meio de canais [&hellip;]<\/p>\n","protected":false},"author":1,"featured_media":164663,"comment_status":"open","ping_status":"closed","sticky":false,"template":"","format":"standard","meta":{"amp_status":"","footnotes":""},"categories":[6],"tags":[225039,225040,225041,6528,225037,225038,225036],"class_list":["post-165345","post","type-post","status-publish","format-standard","has-post-thumbnail","hentry","category-br","tag-adiamento-da-reabertura-das-agencias-do-inss","tag-agencias-do-inss","tag-funcionamento-das-agencias-do-inss","tag-inss","tag-reabertura-das-agencias-do-inss","tag-reabertura-das-agencias-do-inss-e-adiada","tag-reabertura-das-agencias-do-inss-e-adiada-para-dia-3-de-agosto"],"_links":{"self":[{"href":"https:\/\/aconteceunovale.com.br\/portal\/index.php?rest_route=\/wp\/v2\/posts\/165345","targetHints":{"allow":["GET"]}}],"collection":[{"href":"https:\/\/aconteceunovale.com.br\/portal\/index.php?rest_route=\/wp\/v2\/posts"}],"about":[{"href":"https:\/\/aconteceunovale.com.br\/portal\/index.php?rest_route=\/wp\/v2\/types\/post"}],"author":[{"embeddable":true,"href":"https:\/\/aconteceunovale.com.br\/portal\/index.php?rest_route=\/wp\/v2\/users\/1"}],"replies":[{"embeddable":true,"href":"https:\/\/aconteceunovale.com.br\/portal\/index.php?rest_route=%2Fwp%2Fv2%2Fcomments&post=165345"}],"version-history":[{"count":1,"href":"https:\/\/aconteceunovale.com.br\/portal\/index.php?rest_route=\/wp\/v2\/posts\/165345\/revisions"}],"predecessor-version":[{"id":165346,"href":"https:\/\/aconteceunovale.com.br\/portal\/index.php?rest_route=\/wp\/v2\/posts\/165345\/revisions\/165346"}],"wp:featuredmedia":[{"embeddable":true,"href":"https:\/\/aconteceunovale.com.br\/portal\/index.php?rest_route=\/wp\/v2\/media\/164663"}],"wp:attachment":[{"href":"https:\/\/aconteceunovale.com.br\/portal\/index.php?rest_route=%2Fwp%2Fv2%2Fmedia&parent=165345"}],"wp:term":[{"taxonomy":"category","embeddable":true,"href":"https:\/\/aconteceunovale.com.br\/portal\/index.php?rest_route=%2Fwp%2Fv2%2Fcategories&post=165345"},{"taxonomy":"post_tag","embeddable":true,"href":"https:\/\/aconteceunovale.com.br\/portal\/index.php?rest_route=%2Fwp%2Fv2%2Ftags&post=165345"}],"curies":[{"name":"wp","href":"https:\/\/api.w.org\/{rel}","templated":true}]}}