{"id":165343,"date":"2020-07-08T10:17:11","date_gmt":"2020-07-08T13:17:11","guid":{"rendered":"https:\/\/aconteceunovale.com.br\/portal\/?p=165343"},"modified":"2020-07-08T10:17:25","modified_gmt":"2020-07-08T13:17:25","slug":"organizacao-mundial-da-saude-reconhece-evidencias-sobre-transmissao-da-covid-19-pelo-ar","status":"publish","type":"post","link":"https:\/\/aconteceunovale.com.br\/portal\/?p=165343","title":{"rendered":"Organiza\u00e7\u00e3o Mundial da Sa\u00fade reconhece evid\u00eancias sobre transmiss\u00e3o da covid-19 pelo ar"},"content":{"rendered":"\n<p>A Organiza\u00e7\u00e3o Mundial da Sa\u00fade (OMS) reconheceu nessa ter\u00e7a-feira (7\/7\/2020) &#8220;evid\u00eancias emergentes&#8221; de transmiss\u00e3o pelo ar do novo coronav\u00edrus, depois que um grupo de cientistas cobrou do organismo a atualiza\u00e7\u00e3o de\u00a0suas orienta\u00e7\u00f5es sobre como a doen\u00e7a respirat\u00f3ria se espalha.<\/p>\n\n\n\n<p>&#8220;Temos conversado sobre a possibilidade de transmiss\u00e3o pelo ar e transmiss\u00e3o por aerossol como uma das modalidades de transmiss\u00e3o da Ccvid-19&#8221;, disse Maria Van Kerkhove, principal autoridade t\u00e9cnica da OMS para a pandemia de Covid-19, em entrevista&nbsp;coletiva.&nbsp;<\/p>\n\n\n\n<p>A OMS havia dito anteriormente que o v\u00edrus que causa a doen\u00e7a respirat\u00f3ria se dissemina principalmente por meio&nbsp;de pequenas got\u00edculas expelidas pelo nariz e pela boca de uma pessoa infectada, que logo caem no ch\u00e3o.<\/p>\n\n\n\n<p>Em\u00a0carta aberta, enviada \u00e0 ag\u00eancia sediada em Genebra e publicada na segunda-feira (6) no peri\u00f3dico cient\u00edfico\u00a0<em>Clinical Infectious Diseases<\/em>, 239 especialistas de 32 pa\u00edses indicaram\u00a0ind\u00edcios que, segundo eles,\u00a0mostram que part\u00edculas flutuantes do v\u00edrus podem infectar pessoas que as inalam.<\/p>\n\n\n\n<p>Como essas part\u00edculas menores que s\u00e3o exaladas podem permanecer no ar, os cientistas pediram \u00e0&nbsp;OMS que atualize&nbsp;suas diretrizes.<\/p>\n\n\n\n<p>Em entrevista em Genebra, Benedetta Allegranzi, principal autoridade t\u00e9cnica em&nbsp;preven\u00e7\u00e3o e controle de infec\u00e7\u00f5es da OMS, disse que h\u00e1 evid\u00eancias emergentes de transmiss\u00e3o do novo coronav\u00edrus pelo ar, mas que elas&nbsp;n\u00e3o s\u00e3o definitivas.<\/p>\n\n\n\n<p>&#8220;A possibilidade de transmiss\u00e3o pelo ar em locais p\u00fablicos &#8211; especialmente em condi\u00e7\u00f5es muito espec\u00edficas, locais cheios, fechados, mal ventilados que foram descritos &#8211;&nbsp;n\u00e3o pode ser descartada.&nbsp;Entretanto, os ind\u00edcios precisam ser reunidos e interpretados, e continuamos a apoiar isso&#8221;, afirmou.<\/p>\n\n\n\n<p>Qualquer altera\u00e7\u00e3o na avalia\u00e7\u00e3o de risco de transmiss\u00e3o pela OMS pode afetar seus conselhos atuais sobre manter o distanciamento f\u00edsico de um\u00a0metro. Governos, que contam com a ag\u00eancia para definir suas pol\u00edticas de orienta\u00e7\u00e3o, tamb\u00e9m podem precisar ajustar as medidas de sa\u00fade p\u00fablica destinadas a conter a propaga\u00e7\u00e3o do v\u00edrus.<\/p>\n\n\n\n<p class=\"has-background has-very-light-gray-background-color\">Quer saber as not\u00edcias do <strong>Aconteceu no Vale<\/strong> em primeira m\u00e3o? Siga-nos no Facebook <a rel=\"noreferrer noopener\" href=\"http:\/\/facebook.com\/aconteceunovale\" target=\"_blank\">@aconteceunovale<\/a>, Twitter <a rel=\"noreferrer noopener\" href=\"https:\/\/twitter.com\/noticiadosvales\" target=\"_blank\">@noticiadosvales<\/a> e Instagram <a rel=\"noreferrer noopener\" href=\"https:\/\/www.instagram.com\/aconteceunovale\" target=\"_blank\">@aconteceunovale<\/a>.<\/p>\n","protected":false},"excerpt":{"rendered":"<p>A Organiza\u00e7\u00e3o Mundial da Sa\u00fade (OMS) reconheceu nessa ter\u00e7a-feira (7\/7\/2020) &#8220;evid\u00eancias emergentes&#8221; de transmiss\u00e3o pelo ar do novo coronav\u00edrus, depois que um grupo de cientistas cobrou do organismo a atualiza\u00e7\u00e3o de\u00a0suas orienta\u00e7\u00f5es sobre como a doen\u00e7a respirat\u00f3ria se espalha. &#8220;Temos conversado sobre a possibilidade de transmiss\u00e3o pelo ar e transmiss\u00e3o por aerossol como uma das [&hellip;]<\/p>\n","protected":false},"author":1,"featured_media":162615,"comment_status":"open","ping_status":"closed","sticky":false,"template":"","format":"standard","meta":{"amp_status":"","footnotes":""},"categories":[28848,40242],"tags":[214884,225032,225034,23476,23479,225029,225033,225031,225030,217792,225035],"class_list":["post-165343","post","type-post","status-publish","format-standard","has-post-thumbnail","hentry","category-mundo","category-saude-2","tag-coronavirus","tag-formas-de-transmissao-da-covid-19","tag-formas-de-transmissao-do-coronavirus","tag-oms","tag-organizacao-mundial-da-saude","tag-organizacao-mundial-da-saude-reconhece-evidencias-sobre-transmissao-da-covid-19-pelo-ar","tag-organizacao-mundial-da-saude-reconhece-evidencias-sobre-transmissao-do-coronavirus-pelo-ar","tag-transmissao-da-covid-19","tag-transmissao-da-covid-19-pelo-ar","tag-transmissao-do-coronavirus","tag-transmissao-do-coronavirus-pelo-ar"],"_links":{"self":[{"href":"https:\/\/aconteceunovale.com.br\/portal\/index.php?rest_route=\/wp\/v2\/posts\/165343","targetHints":{"allow":["GET"]}}],"collection":[{"href":"https:\/\/aconteceunovale.com.br\/portal\/index.php?rest_route=\/wp\/v2\/posts"}],"about":[{"href":"https:\/\/aconteceunovale.com.br\/portal\/index.php?rest_route=\/wp\/v2\/types\/post"}],"author":[{"embeddable":true,"href":"https:\/\/aconteceunovale.com.br\/portal\/index.php?rest_route=\/wp\/v2\/users\/1"}],"replies":[{"embeddable":true,"href":"https:\/\/aconteceunovale.com.br\/portal\/index.php?rest_route=%2Fwp%2Fv2%2Fcomments&post=165343"}],"version-history":[{"count":1,"href":"https:\/\/aconteceunovale.com.br\/portal\/index.php?rest_route=\/wp\/v2\/posts\/165343\/revisions"}],"predecessor-version":[{"id":165344,"href":"https:\/\/aconteceunovale.com.br\/portal\/index.php?rest_route=\/wp\/v2\/posts\/165343\/revisions\/165344"}],"wp:featuredmedia":[{"embeddable":true,"href":"https:\/\/aconteceunovale.com.br\/portal\/index.php?rest_route=\/wp\/v2\/media\/162615"}],"wp:attachment":[{"href":"https:\/\/aconteceunovale.com.br\/portal\/index.php?rest_route=%2Fwp%2Fv2%2Fmedia&parent=165343"}],"wp:term":[{"taxonomy":"category","embeddable":true,"href":"https:\/\/aconteceunovale.com.br\/portal\/index.php?rest_route=%2Fwp%2Fv2%2Fcategories&post=165343"},{"taxonomy":"post_tag","embeddable":true,"href":"https:\/\/aconteceunovale.com.br\/portal\/index.php?rest_route=%2Fwp%2Fv2%2Ftags&post=165343"}],"curies":[{"name":"wp","href":"https:\/\/api.w.org\/{rel}","templated":true}]}}