{"id":165309,"date":"2020-07-07T18:34:23","date_gmt":"2020-07-07T21:34:23","guid":{"rendered":"https:\/\/aconteceunovale.com.br\/portal\/?p=165309"},"modified":"2020-07-07T18:35:00","modified_gmt":"2020-07-07T21:35:00","slug":"suspeito-de-estupro-de-vulneravel-e-violencia-domestica-e-preso-em-ferros","status":"publish","type":"post","link":"https:\/\/aconteceunovale.com.br\/portal\/?p=165309","title":{"rendered":"Suspeito de estupro de vulner\u00e1vel e viol\u00eancia dom\u00e9stica \u00e9 preso em Ferros"},"content":{"rendered":"\n<p>Em opera\u00e7\u00e3o realizada pelas Pol\u00edcia Civil e Militar, nesta ter\u00e7a-feira (7\/7\/2020), foi cumprido mandado de pris\u00e3o em desfavor de um jovem, de 22 anos, suspeito de abusar sexualmente de uma adolescente na zona rural de Ferros (MG). Ele tamb\u00e9m \u00e9 investigado por crimes no \u00e2mbito da Lei Maria da Penha.<\/p>\n\n\n\n<p>O primeiro caso chegou ao conhecimento da Pol\u00edcia Civil por interm\u00e9dio do Conselho Tutelar. De acordo com o inqu\u00e9rito policial instaurado, o homem \u00e9 investigado por estupro de vulner\u00e1vel. Ele e a v\u00edtima teriam namorado por aproximadamente dois anos. Em 2019, a adolescente, aos 13 anos, engravidou, e est\u00e1 no s\u00e9timo m\u00eas de gesta\u00e7\u00e3o.<\/p>\n\n\n\n<p>Foi levantado ainda que, no m\u00eas passado, o suspeito chegou a amea\u00e7ar a m\u00e3e da v\u00edtima para que a den\u00fancia fosse retirada. Ele tamb\u00e9m teria agredido fisicamente a adolescente, ap\u00f3s invadir a casa dela. Consideradas essas as situa\u00e7\u00f5es, a Pol\u00edcia Civil representou pela pris\u00e3o preventiva do investigado.<\/p>\n\n\n\n<p>Conforme apura\u00e7\u00f5es, o investigado j\u00e1 possui hist\u00f3rico de viol\u00eancia dom\u00e9stica. Ele foi encaminhado ao Sistema Prisional e se encontra \u00e0 disposi\u00e7\u00e3o da Justi\u00e7a.<\/p>\n\n\n\n<figure class=\"wp-block-gallery columns-1 is-cropped wp-block-gallery-1 is-layout-flex wp-block-gallery-is-layout-flex\"><ul class=\"blocks-gallery-grid\"><li class=\"blocks-gallery-item\"><figure><img loading=\"lazy\" decoding=\"async\" width=\"650\" height=\"450\" src=\"https:\/\/aconteceunovale.com.br\/portal\/wp-content\/uploads\/2020\/07\/preso_ferros.png\" alt=\"\" data-id=\"165310\" data-full-url=\"https:\/\/aconteceunovale.com.br\/portal\/wp-content\/uploads\/2020\/07\/preso_ferros.png\" data-link=\"https:\/\/aconteceunovale.com.br\/portal\/?attachment_id=165310\" class=\"wp-image-165310\" srcset=\"https:\/\/aconteceunovale.com.br\/portal\/wp-content\/uploads\/2020\/07\/preso_ferros.png 650w, https:\/\/aconteceunovale.com.br\/portal\/wp-content\/uploads\/2020\/07\/preso_ferros-300x208.png 300w, https:\/\/aconteceunovale.com.br\/portal\/wp-content\/uploads\/2020\/07\/preso_ferros-100x70.png 100w, https:\/\/aconteceunovale.com.br\/portal\/wp-content\/uploads\/2020\/07\/preso_ferros-218x150.png 218w, https:\/\/aconteceunovale.com.br\/portal\/wp-content\/uploads\/2020\/07\/preso_ferros-607x420.png 607w\" sizes=\"auto, (max-width: 650px) 100vw, 650px\" \/><figcaption class=\"blocks-gallery-item__caption\"><em>Foto: Divulga\u00e7\u00e3o\/PCMG<\/em><\/figcaption><\/figure><\/li><\/ul><\/figure>\n\n\n\n<p class=\"has-background has-very-light-gray-background-color\">Quer saber as not\u00edcias do <strong>Aconteceu no Vale<\/strong> em primeira m\u00e3o? Siga-nos no Facebook <a rel=\"noreferrer noopener\" href=\"http:\/\/facebook.com\/aconteceunovale\" target=\"_blank\">@aconteceunovale<\/a>, Twitter <a rel=\"noreferrer noopener\" href=\"https:\/\/twitter.com\/noticiadosvales\" target=\"_blank\">@noticiadosvales<\/a> e Instagram <a rel=\"noreferrer noopener\" href=\"https:\/\/www.instagram.com\/aconteceunovale\" target=\"_blank\">@aconteceunovale<\/a>.<\/p>\n","protected":false},"excerpt":{"rendered":"<p>Em opera\u00e7\u00e3o realizada pelas Pol\u00edcia Civil e Militar, nesta ter\u00e7a-feira (7\/7\/2020), foi cumprido mandado de pris\u00e3o em desfavor de um jovem, de 22 anos, suspeito de abusar sexualmente de uma adolescente na zona rural de Ferros (MG). Ele tamb\u00e9m \u00e9 investigado por crimes no \u00e2mbito da Lei Maria da Penha. O primeiro caso chegou ao [&hellip;]<\/p>\n","protected":false},"author":1,"featured_media":165310,"comment_status":"open","ping_status":"closed","sticky":false,"template":"","format":"standard","meta":{"amp_status":"","footnotes":""},"categories":[121],"tags":[224996,3378,604,38187,224995,224997,224994],"class_list":["post-165309","post","type-post","status-publish","format-standard","has-post-thumbnail","hentry","category-leste","tag-estupro-de-vulneravel-em-ferros","tag-ferros","tag-pcmg","tag-pmmg","tag-preso-em-ferros","tag-preso-por-estupro-de-adolescente-em-ferros","tag-suspeito-de-estupro-de-vulneravel-e-violencia-domestica-e-preso-em-ferros"],"_links":{"self":[{"href":"https:\/\/aconteceunovale.com.br\/portal\/index.php?rest_route=\/wp\/v2\/posts\/165309","targetHints":{"allow":["GET"]}}],"collection":[{"href":"https:\/\/aconteceunovale.com.br\/portal\/index.php?rest_route=\/wp\/v2\/posts"}],"about":[{"href":"https:\/\/aconteceunovale.com.br\/portal\/index.php?rest_route=\/wp\/v2\/types\/post"}],"author":[{"embeddable":true,"href":"https:\/\/aconteceunovale.com.br\/portal\/index.php?rest_route=\/wp\/v2\/users\/1"}],"replies":[{"embeddable":true,"href":"https:\/\/aconteceunovale.com.br\/portal\/index.php?rest_route=%2Fwp%2Fv2%2Fcomments&post=165309"}],"version-history":[{"count":1,"href":"https:\/\/aconteceunovale.com.br\/portal\/index.php?rest_route=\/wp\/v2\/posts\/165309\/revisions"}],"predecessor-version":[{"id":165311,"href":"https:\/\/aconteceunovale.com.br\/portal\/index.php?rest_route=\/wp\/v2\/posts\/165309\/revisions\/165311"}],"wp:featuredmedia":[{"embeddable":true,"href":"https:\/\/aconteceunovale.com.br\/portal\/index.php?rest_route=\/wp\/v2\/media\/165310"}],"wp:attachment":[{"href":"https:\/\/aconteceunovale.com.br\/portal\/index.php?rest_route=%2Fwp%2Fv2%2Fmedia&parent=165309"}],"wp:term":[{"taxonomy":"category","embeddable":true,"href":"https:\/\/aconteceunovale.com.br\/portal\/index.php?rest_route=%2Fwp%2Fv2%2Fcategories&post=165309"},{"taxonomy":"post_tag","embeddable":true,"href":"https:\/\/aconteceunovale.com.br\/portal\/index.php?rest_route=%2Fwp%2Fv2%2Ftags&post=165309"}],"curies":[{"name":"wp","href":"https:\/\/api.w.org\/{rel}","templated":true}]}}