{"id":165306,"date":"2020-07-07T18:00:35","date_gmt":"2020-07-07T21:00:35","guid":{"rendered":"https:\/\/aconteceunovale.com.br\/portal\/?p=165306"},"modified":"2020-07-07T18:01:21","modified_gmt":"2020-07-07T21:01:21","slug":"justica-ordena-inclusao-de-filha-de-relacao-extraconjugal-em-previdencia-privada","status":"publish","type":"post","link":"https:\/\/aconteceunovale.com.br\/portal\/?p=165306","title":{"rendered":"Justi\u00e7a ordena inclus\u00e3o de filha de rela\u00e7\u00e3o extraconjugal em previd\u00eancia privada"},"content":{"rendered":"\n<p>A Funda\u00e7\u00e3o Forluminas de Seguridade Social (Forluz) dever\u00e1 colocar uma jovem como benefici\u00e1ria da previd\u00eancia contratada pelo pai dela, apesar de ela n\u00e3o constar entre as pessoas indicadas pelo contratante. A filha, fruto de relacionamento fora do casamento, foi reconhecida ainda em vida do genitor.<\/p>\n\n\n\n<p>O fundamento da decis\u00e3o do Tribunal de Justi\u00e7a de Minas Gerais (TJMG) \u00e9 que a Constitui\u00e7\u00e3o Federal de 1988 assegura aos filhos, independentemente de serem ou n\u00e3o nascidos da rela\u00e7\u00e3o conjugal, os mesmos direitos.<\/p>\n\n\n\n<p>A a\u00e7\u00e3o, que tramitou na comarca de Te\u00f3filo Otoni, teve desdobramentos diferentes nas duas inst\u00e2ncias. A 1\u00aa Vara C\u00edvel da comarca julgou o pedido improcedente. A 14\u00aa C\u00e2mara C\u00edvel deu ganho de causa \u00e0 ent\u00e3o adolescente, que, quando do in\u00edcio do feito, tinha 16 anos e foi representada pela m\u00e3e.<\/p>\n\n\n\n<p>Ao questionar judicialmente a negativa ao seu pedido de inclus\u00e3o no plano de previd\u00eancia privada do pai, a jovem argumentou que n\u00e3o poderia ser discriminada pelo fato de n\u00e3o ser filha da m\u00e3e das tr\u00eas irm\u00e3s, tendo em vista que a verba serve para sua subsist\u00eancia. A defesa citou jurisprud\u00eancia do TJMG que estabelece a igualdade entre descendentes, quer sejam frutos de casamento, de rela\u00e7\u00e3o extraconjugal, quer sejam adotivos.<\/p>\n\n\n\n<p>Ela disse ainda que, embora seja a \u00fanica a receber verba advinda do regime geral de previd\u00eancia, esse benef\u00edcio \u00e9 inferior aos rendimentos da irm\u00e3, que era a \u00fanica benefici\u00e1ria. Outra alega\u00e7\u00e3o foi que a aus\u00eancia de indica\u00e7\u00e3o pelo pai entre os contemplados pela previd\u00eancia privada deveria ser corrigida, pois ela n\u00e3o perdeu a condi\u00e7\u00e3o de filha.<\/p>\n\n\n\n<p><strong>Alega\u00e7\u00e3o<\/strong><\/p>\n\n\n\n<p>A Forluz afirmou que o pai n\u00e3o inscreveu a jovem como benefici\u00e1ria do plano, e isso n\u00e3o poderia ser feito depois da morte dele. Segundo a empresa, o que ficou contratado foi a modalidade MAT \u2013 Melhoria de Aposentadoria por Tempo de Servi\u00e7o, Especial ou Idade \u2013 e n\u00e3o a RCM \u2013 Renda Continuada por Morte.<\/p>\n\n\n\n<p>O relator, desembargador Marco Aurelio Ferenzini, delimitou a discuss\u00e3o principal ao fato de saber se a filha de um participante de plano de previd\u00eancia privada faz jus \u00e0 pens\u00e3o por morte deste, a despeito de ele n\u00e3o t\u00ea-la inclu\u00eddo entre os poss\u00edveis benefici\u00e1rios da aludida presta\u00e7\u00e3o.<\/p>\n\n\n\n<p>Segundo o magistrado, a designa\u00e7\u00e3o pr\u00e9via de benefici\u00e1rios serve para facilitar a comprova\u00e7\u00e3o da identidade daqueles que usufruir\u00e3o de benef\u00edcio da previd\u00eancia complementar por morte, mas n\u00e3o \u00e9 requisito para a integra\u00e7\u00e3o de dependente direto do instituidor da pens\u00e3o.<\/p>\n\n\n\n<p>Considerando que a jovem era contemplada com pens\u00e3o aliment\u00edcia e plano de sa\u00fade, e que a previd\u00eancia privada tem car\u00e1ter social, embora seja um contrato entre particulares, o desembargador Marco Aurelio Ferenzini determinou que ela fosse amparada, com a quantia sendo dividida pela duas filhas, e que a ca\u00e7ula recebesse o valor retroativo pelo tempo em que n\u00e3o estava inclu\u00edda.<\/p>\n\n\n\n<p>Ele ponderou que, ainda que se admita que a real inten\u00e7\u00e3o do contratante do plano era, de fato, excluir a autora, &nbsp;ap\u00f3s o advento da Constitui\u00e7\u00e3o Federal de 1988, n\u00e3o se pode admitir qualquer discrimina\u00e7\u00e3o resultante de o filho ter sido reconhecido por for\u00e7a de decis\u00e3o judicial. \u201cEm outras palavras, n\u00e3o h\u00e1 que prevalecer qualquer diferen\u00e7a de direitos entre filhos que provenham de justas n\u00fapcias e aqueles havidos fora da const\u00e2ncia do casamento\u201d, concluiu.<\/p>\n\n\n\n<p>Os desembargadores Valdez Leite Machado e Evangelina Castilho Duarte acompanharam o relator. Leia o\u00a0<a rel=\"noreferrer noopener\" target=\"_blank\" href=\"https:\/\/www5.tjmg.jus.br\/jurisprudencia\/pesquisaNumeroCNJEspelhoAcordao.do?numeroRegistro=1&amp;totalLinhas=1&amp;linhasPorPagina=10&amp;numeroUnico=1.0000.16.073790-4%2F006&amp;pesquisaNumeroCNJ=Pesquisar\">ac\u00f3rd\u00e3o<\/a>\u00a0e acompanhe o\u00a0<a rel=\"noreferrer noopener\" target=\"_blank\" href=\"https:\/\/www4.tjmg.jus.br\/juridico\/sf\/proc_resultado2.jsp?listaProcessos=10000160737904006\">caso<\/a>.<\/p>\n\n\n\n<p class=\"has-background has-very-light-gray-background-color\">Quer saber as not\u00edcias do <strong>Aconteceu no Vale<\/strong> em primeira m\u00e3o? Siga-nos no Facebook <a rel=\"noreferrer noopener\" href=\"http:\/\/facebook.com\/aconteceunovale\" target=\"_blank\">@aconteceunovale<\/a>, Twitter <a rel=\"noreferrer noopener\" href=\"https:\/\/twitter.com\/noticiadosvales\" target=\"_blank\">@noticiadosvales<\/a> e Instagram <a rel=\"noreferrer noopener\" href=\"https:\/\/www.instagram.com\/aconteceunovale\" target=\"_blank\">@aconteceunovale<\/a>.<\/p>\n","protected":false},"excerpt":{"rendered":"<p>A Funda\u00e7\u00e3o Forluminas de Seguridade Social (Forluz) dever\u00e1 colocar uma jovem como benefici\u00e1ria da previd\u00eancia contratada pelo pai dela, apesar de ela n\u00e3o constar entre as pessoas indicadas pelo contratante. A filha, fruto de relacionamento fora do casamento, foi reconhecida ainda em vida do genitor. O fundamento da decis\u00e3o do Tribunal de Justi\u00e7a de Minas [&hellip;]<\/p>\n","protected":false},"author":1,"featured_media":165307,"comment_status":"open","ping_status":"closed","sticky":false,"template":"","format":"standard","meta":{"amp_status":"","footnotes":""},"categories":[122],"tags":[224991,224993,224992,224989,224990,164,270],"class_list":["post-165306","post","type-post","status-publish","format-standard","has-post-thumbnail","hentry","category-mucuri","tag-direitos-de-filhos-de-relacao-extraconjugal","tag-forluz","tag-fundacao-forluminas-de-seguridade-social","tag-justica-ordena-inclusao-de-filha-de-relacao-extraconjugal-em-previdencia-privada","tag-previdencia-privada","tag-teofilo-otoni","tag-tjmg"],"_links":{"self":[{"href":"https:\/\/aconteceunovale.com.br\/portal\/index.php?rest_route=\/wp\/v2\/posts\/165306","targetHints":{"allow":["GET"]}}],"collection":[{"href":"https:\/\/aconteceunovale.com.br\/portal\/index.php?rest_route=\/wp\/v2\/posts"}],"about":[{"href":"https:\/\/aconteceunovale.com.br\/portal\/index.php?rest_route=\/wp\/v2\/types\/post"}],"author":[{"embeddable":true,"href":"https:\/\/aconteceunovale.com.br\/portal\/index.php?rest_route=\/wp\/v2\/users\/1"}],"replies":[{"embeddable":true,"href":"https:\/\/aconteceunovale.com.br\/portal\/index.php?rest_route=%2Fwp%2Fv2%2Fcomments&post=165306"}],"version-history":[{"count":1,"href":"https:\/\/aconteceunovale.com.br\/portal\/index.php?rest_route=\/wp\/v2\/posts\/165306\/revisions"}],"predecessor-version":[{"id":165308,"href":"https:\/\/aconteceunovale.com.br\/portal\/index.php?rest_route=\/wp\/v2\/posts\/165306\/revisions\/165308"}],"wp:featuredmedia":[{"embeddable":true,"href":"https:\/\/aconteceunovale.com.br\/portal\/index.php?rest_route=\/wp\/v2\/media\/165307"}],"wp:attachment":[{"href":"https:\/\/aconteceunovale.com.br\/portal\/index.php?rest_route=%2Fwp%2Fv2%2Fmedia&parent=165306"}],"wp:term":[{"taxonomy":"category","embeddable":true,"href":"https:\/\/aconteceunovale.com.br\/portal\/index.php?rest_route=%2Fwp%2Fv2%2Fcategories&post=165306"},{"taxonomy":"post_tag","embeddable":true,"href":"https:\/\/aconteceunovale.com.br\/portal\/index.php?rest_route=%2Fwp%2Fv2%2Ftags&post=165306"}],"curies":[{"name":"wp","href":"https:\/\/api.w.org\/{rel}","templated":true}]}}