{"id":16529,"date":"2013-12-23T11:28:56","date_gmt":"2013-12-23T13:28:56","guid":{"rendered":"http:\/\/aconteceunovale.com.br\/portal\/?p=16529"},"modified":"2013-12-23T11:28:56","modified_gmt":"2013-12-23T13:28:56","slug":"duas-criancas-e-uma-idosa-morrem-soterradas-no-leste-de-minas-gerais","status":"publish","type":"post","link":"https:\/\/aconteceunovale.com.br\/portal\/?p=16529","title":{"rendered":"Duas crian\u00e7as e uma idosa morrem soterradas no Leste de Minas Gerais"},"content":{"rendered":"<p><em><strong>Casas desabaram em Governador Valadares e Itanhomi.<br \/>\nCrian\u00e7as tinham 3 e 11 anos e idosa tinha 60 anos. <\/strong><\/em><\/p>\n<p><img decoding=\"async\" src=\"http:\/\/aconteceunovale.com.br\/portal\/wp-content\/uploads\/2013\/12\/mortes_gov_itahomi.jpg\" alt=\"\" \/><br \/>\n<em>Bairro S\u00e3o Tarc\u00edsio em Governador Valadares est\u00e1 alagado pelo Rio Doce. (Foto: Tiago Lopes)<\/em><\/p>\n<p>Duas crian\u00e7as de 3 e 12 anos morreram soterradas durante a noite deste domingo (22), em Governador Valadares, no Leste de Minas Gerais. As mortes foram confirmadas oficialmente pelo Corpo de Bombeiros.<\/p>\n<p>As crian\u00e7as morreram ap\u00f3s um deslizamento, no Bairro Vera Cruz. Ainda de acordo com os Bombeiros, a terra deslizou em cima do muro da casa em que elas estavam e arrastou a resid\u00eancia.<\/p>\n<p>Elas chegaram a ser resgatadas com vida, mas n\u00e3o resistiram e morreram a caminho do Hospital Municipal. No momento do desabamento havia mais tr\u00eas adultos na casa e uma crian\u00e7a de 2 anos que foi salva pela m\u00e3e.<\/p>\n<p><strong>Enchentes<\/strong><\/p>\n<p>Desde \u00e0s 17h de domingo, Valadares sofre com fortes chuvas. Ainda durante a madrugada, moradores de diversos bairros registraram enchentes, val\u00f5es transbordando e ruas alagadas, desde os bairros mais humildes at\u00e9 os de classe m\u00e9dia alta.<\/p>\n<p>Por conta das fortes chuvas, a Prefeitura de Valadares decretou situa\u00e7\u00e3o de emerg\u00eancia na \u00faltima semana. At\u00e9 o momento, os bairros mais castigados pelas chuvas s\u00e3o Nova Santa Rita, S\u00e3o Tarc\u00edsio e Santa Rita. Os tr\u00eas j\u00e1 est\u00e3o alagados pelas \u00e1guas do Rio Doce. <\/p>\n<p>Desde o in\u00edcio das chuvas o Rio Doce atingiu o n\u00edvel m\u00e1ximo de 2,27m, em Valadares, na manh\u00e3 desta segunda-feira (23). A medi\u00e7\u00e3o \u00e9 feita Servi\u00e7o Aut\u00f4nomo de \u00c1gua e Esgoto (SAAE).<\/p>\n<p>A previs\u00e3o \u00e9 de que o n\u00edvel do rio atinja 2,75m at\u00e9 o in\u00edcio da tarde. Caso a previs\u00e3o se confirme, outros tr\u00eas bairros da cidade ser\u00e3o alagados: S\u00e3o Pedro, S\u00e3o Paulo e Santa Terezinha.<\/p>\n<p><strong>Itanhomi<\/strong><\/p>\n<p>A chuva que atingiu a regi\u00e3o Leste causou estragos tamb\u00e9m e uma morte em Itanhomi. Segundo a Defesa Civil municipal, uma mulher de 66 anos morreu soterrada. A v\u00edtima estava em casa quando o barranco cedeu e caiu sobre a resid\u00eancia.<\/p>\n<p>A Defesa Civil disse ainda que tr\u00eas c\u00f3rregos que cortam o munic\u00edpio transbordaram. Os distritos de Santa Luzia do Carneiro e Divino do Sul ficaram totalmente alagados. Seis fam\u00edlias foram levadas para uma escola da cidade. Entre os desalojados um beb\u00ea de 16 dias. As informa\u00e7\u00f5es s\u00e3o do G1 dos Vales.<\/p>\n","protected":false},"excerpt":{"rendered":"<p>Casas desabaram em Governador Valadares e Itanhomi. Crian\u00e7as tinham 3 e 11 anos e idosa tinha 60 anos. Bairro S\u00e3o Tarc\u00edsio em Governador Valadares est\u00e1 alagado pelo Rio Doce. (Foto: Tiago Lopes) Duas crian\u00e7as de 3 e 12 anos morreram soterradas durante a noite deste domingo (22), em Governador Valadares, no Leste de Minas Gerais. [&hellip;]<\/p>\n","protected":false},"author":1,"featured_media":16530,"comment_status":"open","ping_status":"closed","sticky":false,"template":"","format":"standard","meta":{"amp_status":"","footnotes":""},"categories":[121],"tags":[2050,247,297,2051],"class_list":["post-16529","post","type-post","status-publish","format-standard","has-post-thumbnail","hentry","category-leste","tag-duas-criancas-e-uma-idosa-morrem-soterradas-no-leste-de-minas-gerais","tag-governador-valadares","tag-itanhomi","tag-situacao-de-emergencia-em-governador-valadares"],"yoast_head":"<!-- This site is optimized with the Yoast SEO plugin v28.3 - https:\/\/yoast.com\/product\/yoast-seo-wordpress\/ -->\n<title>Duas crian\u00e7as e uma idosa morrem soterradas no Leste de Minas Gerais - Aconteceu no Vale<\/title>\n<meta name=\"robots\" content=\"index, follow, max-snippet:-1, max-image-preview:large, max-video-preview:-1\" \/>\n<link rel=\"canonical\" href=\"https:\/\/aconteceunovale.com.br\/portal\/?p=16529\" \/>\n<meta property=\"og:locale\" content=\"pt_BR\" \/>\n<meta property=\"og:type\" content=\"article\" \/>\n<meta property=\"og:title\" content=\"Duas crian\u00e7as e uma idosa morrem soterradas no Leste de Minas Gerais - Aconteceu no Vale\" \/>\n<meta property=\"og:description\" content=\"Casas desabaram em Governador Valadares e Itanhomi. Crian\u00e7as tinham 3 e 11 anos e idosa tinha 60 anos. Bairro S\u00e3o Tarc\u00edsio em Governador Valadares est\u00e1 alagado pelo Rio Doce. (Foto: Tiago Lopes) Duas crian\u00e7as de 3 e 12 anos morreram soterradas durante a noite deste domingo (22), em Governador Valadares, no Leste de Minas Gerais. [&hellip;]\" \/>\n<meta property=\"og:url\" content=\"https:\/\/aconteceunovale.com.br\/portal\/?p=16529\" \/>\n<meta property=\"og:site_name\" content=\"Aconteceu no Vale\" \/>\n<meta property=\"article:publisher\" content=\"https:\/\/www.facebook.com\/aconteceunovale\/\" \/>\n<meta property=\"article:published_time\" content=\"2013-12-23T13:28:56+00:00\" \/>\n<meta property=\"og:image\" content=\"https:\/\/aconteceunovale.com.br\/portal\/wp-content\/uploads\/2013\/12\/mortes_gov_itahomi.jpg\" \/>\n\t<meta property=\"og:image:width\" content=\"600\" \/>\n\t<meta property=\"og:image:height\" content=\"450\" \/>\n\t<meta property=\"og:image:type\" content=\"image\/jpeg\" \/>\n<meta name=\"author\" content=\"Aconteceu no Vale\" \/>\n<meta name=\"twitter:card\" content=\"summary_large_image\" \/>\n<meta name=\"twitter:creator\" content=\"@noticiadosvales\" \/>\n<meta name=\"twitter:site\" content=\"@noticiadosvales\" \/>\n<meta name=\"twitter:label1\" content=\"Escrito por\" \/>\n\t<meta name=\"twitter:data1\" content=\"Aconteceu no Vale\" \/>\n\t<meta name=\"twitter:label2\" content=\"Est. tempo de leitura\" \/>\n\t<meta name=\"twitter:data2\" content=\"2 minutos\" \/>\n<script type=\"application\/ld+json\" class=\"yoast-schema-graph\">{\"@context\":\"https:\\\/\\\/schema.org\",\"@graph\":[{\"@type\":\"Article\",\"@id\":\"https:\\\/\\\/aconteceunovale.com.br\\\/portal\\\/?p=16529#article\",\"isPartOf\":{\"@id\":\"https:\\\/\\\/aconteceunovale.com.br\\\/portal\\\/?p=16529\"},\"author\":{\"name\":\"Aconteceu no Vale\",\"@id\":\"https:\\\/\\\/aconteceunovale.com.br\\\/portal\\\/#\\\/schema\\\/person\\\/633529146f2c94272bef50ac2953d589\"},\"headline\":\"Duas crian\u00e7as e uma idosa morrem soterradas no Leste de Minas Gerais\",\"datePublished\":\"2013-12-23T13:28:56+00:00\",\"mainEntityOfPage\":{\"@id\":\"https:\\\/\\\/aconteceunovale.com.br\\\/portal\\\/?p=16529\"},\"wordCount\":421,\"commentCount\":0,\"image\":{\"@id\":\"https:\\\/\\\/aconteceunovale.com.br\\\/portal\\\/?p=16529#primaryimage\"},\"thumbnailUrl\":\"https:\\\/\\\/aconteceunovale.com.br\\\/portal\\\/wp-content\\\/uploads\\\/2013\\\/12\\\/mortes_gov_itahomi.jpg\",\"keywords\":[\"Duas crian\u00e7as e uma idosa morrem soterradas no Leste de Minas Gerais\",\"Governador Valadares\",\"Itanhomi\",\"Situa\u00e7\u00e3o de Emerg\u00eancia em Governador Valadares\"],\"articleSection\":[\"Leste de Minas\"],\"inLanguage\":\"pt-BR\",\"potentialAction\":[{\"@type\":\"CommentAction\",\"name\":\"Comment\",\"target\":[\"https:\\\/\\\/aconteceunovale.com.br\\\/portal\\\/?p=16529#respond\"]}]},{\"@type\":\"WebPage\",\"@id\":\"https:\\\/\\\/aconteceunovale.com.br\\\/portal\\\/?p=16529\",\"url\":\"https:\\\/\\\/aconteceunovale.com.br\\\/portal\\\/?p=16529\",\"name\":\"Duas crian\u00e7as e uma idosa morrem soterradas no Leste de Minas Gerais - Aconteceu no Vale\",\"isPartOf\":{\"@id\":\"https:\\\/\\\/aconteceunovale.com.br\\\/portal\\\/#website\"},\"primaryImageOfPage\":{\"@id\":\"https:\\\/\\\/aconteceunovale.com.br\\\/portal\\\/?p=16529#primaryimage\"},\"image\":{\"@id\":\"https:\\\/\\\/aconteceunovale.com.br\\\/portal\\\/?p=16529#primaryimage\"},\"thumbnailUrl\":\"https:\\\/\\\/aconteceunovale.com.br\\\/portal\\\/wp-content\\\/uploads\\\/2013\\\/12\\\/mortes_gov_itahomi.jpg\",\"datePublished\":\"2013-12-23T13:28:56+00:00\",\"author\":{\"@id\":\"https:\\\/\\\/aconteceunovale.com.br\\\/portal\\\/#\\\/schema\\\/person\\\/633529146f2c94272bef50ac2953d589\"},\"breadcrumb\":{\"@id\":\"https:\\\/\\\/aconteceunovale.com.br\\\/portal\\\/?p=16529#breadcrumb\"},\"inLanguage\":\"pt-BR\",\"potentialAction\":[{\"@type\":\"ReadAction\",\"target\":[\"https:\\\/\\\/aconteceunovale.com.br\\\/portal\\\/?p=16529\"]}]},{\"@type\":\"ImageObject\",\"inLanguage\":\"pt-BR\",\"@id\":\"https:\\\/\\\/aconteceunovale.com.br\\\/portal\\\/?p=16529#primaryimage\",\"url\":\"https:\\\/\\\/aconteceunovale.com.br\\\/portal\\\/wp-content\\\/uploads\\\/2013\\\/12\\\/mortes_gov_itahomi.jpg\",\"contentUrl\":\"https:\\\/\\\/aconteceunovale.com.br\\\/portal\\\/wp-content\\\/uploads\\\/2013\\\/12\\\/mortes_gov_itahomi.jpg\",\"width\":600,\"height\":450},{\"@type\":\"BreadcrumbList\",\"@id\":\"https:\\\/\\\/aconteceunovale.com.br\\\/portal\\\/?p=16529#breadcrumb\",\"itemListElement\":[{\"@type\":\"ListItem\",\"position\":1,\"name\":\"In\u00edcio\",\"item\":\"https:\\\/\\\/aconteceunovale.com.br\\\/portal\\\/\"},{\"@type\":\"ListItem\",\"position\":2,\"name\":\"Duas crian\u00e7as e uma idosa morrem soterradas no Leste de Minas Gerais\"}]},{\"@type\":\"WebSite\",\"@id\":\"https:\\\/\\\/aconteceunovale.com.br\\\/portal\\\/#website\",\"url\":\"https:\\\/\\\/aconteceunovale.com.br\\\/portal\\\/\",\"name\":\"Aconteceu no Vale\",\"description\":\"Portal de Not\u00edcias\",\"potentialAction\":[{\"@type\":\"SearchAction\",\"target\":{\"@type\":\"EntryPoint\",\"urlTemplate\":\"https:\\\/\\\/aconteceunovale.com.br\\\/portal\\\/?s={search_term_string}\"},\"query-input\":{\"@type\":\"PropertyValueSpecification\",\"valueRequired\":true,\"valueName\":\"search_term_string\"}}],\"inLanguage\":\"pt-BR\"},{\"@type\":\"Person\",\"@id\":\"https:\\\/\\\/aconteceunovale.com.br\\\/portal\\\/#\\\/schema\\\/person\\\/633529146f2c94272bef50ac2953d589\",\"name\":\"Aconteceu no Vale\",\"description\":\"Equipe de reportagem do Aconteceu no Vale, portal de not\u00edcias do Vale do Jequitinhonha, em Minas Gerais. Cobrimos as 51 cidades do Vale desde 2013. Sugest\u00f5es de pauta e pedidos de corre\u00e7\u00e3o: contato@aconteceunovale.com.br\",\"sameAs\":[\"http:\\\/\\\/www.aconteceunovale.com.br\"],\"url\":\"https:\\\/\\\/aconteceunovale.com.br\\\/portal\\\/?author=1\"}]}<\/script>\n<!-- \/ Yoast SEO plugin. -->","yoast_head_json":{"title":"Duas crian\u00e7as e uma idosa morrem soterradas no Leste de Minas Gerais - Aconteceu no Vale","robots":{"index":"index","follow":"follow","max-snippet":"max-snippet:-1","max-image-preview":"max-image-preview:large","max-video-preview":"max-video-preview:-1"},"canonical":"https:\/\/aconteceunovale.com.br\/portal\/?p=16529","og_locale":"pt_BR","og_type":"article","og_title":"Duas crian\u00e7as e uma idosa morrem soterradas no Leste de Minas Gerais - Aconteceu no Vale","og_description":"Casas desabaram em Governador Valadares e Itanhomi. Crian\u00e7as tinham 3 e 11 anos e idosa tinha 60 anos. Bairro S\u00e3o Tarc\u00edsio em Governador Valadares est\u00e1 alagado pelo Rio Doce. (Foto: Tiago Lopes) Duas crian\u00e7as de 3 e 12 anos morreram soterradas durante a noite deste domingo (22), em Governador Valadares, no Leste de Minas Gerais. [&hellip;]","og_url":"https:\/\/aconteceunovale.com.br\/portal\/?p=16529","og_site_name":"Aconteceu no Vale","article_publisher":"https:\/\/www.facebook.com\/aconteceunovale\/","article_published_time":"2013-12-23T13:28:56+00:00","og_image":[{"width":600,"height":450,"url":"https:\/\/aconteceunovale.com.br\/portal\/wp-content\/uploads\/2013\/12\/mortes_gov_itahomi.jpg","type":"image\/jpeg"}],"author":"Aconteceu no Vale","twitter_card":"summary_large_image","twitter_creator":"@noticiadosvales","twitter_site":"@noticiadosvales","twitter_misc":{"Escrito por":"Aconteceu no Vale","Est. tempo de leitura":"2 minutos"},"schema":{"@context":"https:\/\/schema.org","@graph":[{"@type":"Article","@id":"https:\/\/aconteceunovale.com.br\/portal\/?p=16529#article","isPartOf":{"@id":"https:\/\/aconteceunovale.com.br\/portal\/?p=16529"},"author":{"name":"Aconteceu no Vale","@id":"https:\/\/aconteceunovale.com.br\/portal\/#\/schema\/person\/633529146f2c94272bef50ac2953d589"},"headline":"Duas crian\u00e7as e uma idosa morrem soterradas no Leste de Minas Gerais","datePublished":"2013-12-23T13:28:56+00:00","mainEntityOfPage":{"@id":"https:\/\/aconteceunovale.com.br\/portal\/?p=16529"},"wordCount":421,"commentCount":0,"image":{"@id":"https:\/\/aconteceunovale.com.br\/portal\/?p=16529#primaryimage"},"thumbnailUrl":"https:\/\/aconteceunovale.com.br\/portal\/wp-content\/uploads\/2013\/12\/mortes_gov_itahomi.jpg","keywords":["Duas crian\u00e7as e uma idosa morrem soterradas no Leste de Minas Gerais","Governador Valadares","Itanhomi","Situa\u00e7\u00e3o de Emerg\u00eancia em Governador Valadares"],"articleSection":["Leste de Minas"],"inLanguage":"pt-BR","potentialAction":[{"@type":"CommentAction","name":"Comment","target":["https:\/\/aconteceunovale.com.br\/portal\/?p=16529#respond"]}]},{"@type":"WebPage","@id":"https:\/\/aconteceunovale.com.br\/portal\/?p=16529","url":"https:\/\/aconteceunovale.com.br\/portal\/?p=16529","name":"Duas crian\u00e7as e uma idosa morrem soterradas no Leste de Minas Gerais - Aconteceu no Vale","isPartOf":{"@id":"https:\/\/aconteceunovale.com.br\/portal\/#website"},"primaryImageOfPage":{"@id":"https:\/\/aconteceunovale.com.br\/portal\/?p=16529#primaryimage"},"image":{"@id":"https:\/\/aconteceunovale.com.br\/portal\/?p=16529#primaryimage"},"thumbnailUrl":"https:\/\/aconteceunovale.com.br\/portal\/wp-content\/uploads\/2013\/12\/mortes_gov_itahomi.jpg","datePublished":"2013-12-23T13:28:56+00:00","author":{"@id":"https:\/\/aconteceunovale.com.br\/portal\/#\/schema\/person\/633529146f2c94272bef50ac2953d589"},"breadcrumb":{"@id":"https:\/\/aconteceunovale.com.br\/portal\/?p=16529#breadcrumb"},"inLanguage":"pt-BR","potentialAction":[{"@type":"ReadAction","target":["https:\/\/aconteceunovale.com.br\/portal\/?p=16529"]}]},{"@type":"ImageObject","inLanguage":"pt-BR","@id":"https:\/\/aconteceunovale.com.br\/portal\/?p=16529#primaryimage","url":"https:\/\/aconteceunovale.com.br\/portal\/wp-content\/uploads\/2013\/12\/mortes_gov_itahomi.jpg","contentUrl":"https:\/\/aconteceunovale.com.br\/portal\/wp-content\/uploads\/2013\/12\/mortes_gov_itahomi.jpg","width":600,"height":450},{"@type":"BreadcrumbList","@id":"https:\/\/aconteceunovale.com.br\/portal\/?p=16529#breadcrumb","itemListElement":[{"@type":"ListItem","position":1,"name":"In\u00edcio","item":"https:\/\/aconteceunovale.com.br\/portal\/"},{"@type":"ListItem","position":2,"name":"Duas crian\u00e7as e uma idosa morrem soterradas no Leste de Minas Gerais"}]},{"@type":"WebSite","@id":"https:\/\/aconteceunovale.com.br\/portal\/#website","url":"https:\/\/aconteceunovale.com.br\/portal\/","name":"Aconteceu no Vale","description":"Portal de Not\u00edcias","potentialAction":[{"@type":"SearchAction","target":{"@type":"EntryPoint","urlTemplate":"https:\/\/aconteceunovale.com.br\/portal\/?s={search_term_string}"},"query-input":{"@type":"PropertyValueSpecification","valueRequired":true,"valueName":"search_term_string"}}],"inLanguage":"pt-BR"},{"@type":"Person","@id":"https:\/\/aconteceunovale.com.br\/portal\/#\/schema\/person\/633529146f2c94272bef50ac2953d589","name":"Aconteceu no Vale","description":"Equipe de reportagem do Aconteceu no Vale, portal de not\u00edcias do Vale do Jequitinhonha, em Minas Gerais. Cobrimos as 51 cidades do Vale desde 2013. Sugest\u00f5es de pauta e pedidos de corre\u00e7\u00e3o: contato@aconteceunovale.com.br","sameAs":["http:\/\/www.aconteceunovale.com.br"],"url":"https:\/\/aconteceunovale.com.br\/portal\/?author=1"}]}},"_links":{"self":[{"href":"https:\/\/aconteceunovale.com.br\/portal\/index.php?rest_route=\/wp\/v2\/posts\/16529","targetHints":{"allow":["GET"]}}],"collection":[{"href":"https:\/\/aconteceunovale.com.br\/portal\/index.php?rest_route=\/wp\/v2\/posts"}],"about":[{"href":"https:\/\/aconteceunovale.com.br\/portal\/index.php?rest_route=\/wp\/v2\/types\/post"}],"author":[{"embeddable":true,"href":"https:\/\/aconteceunovale.com.br\/portal\/index.php?rest_route=\/wp\/v2\/users\/1"}],"replies":[{"embeddable":true,"href":"https:\/\/aconteceunovale.com.br\/portal\/index.php?rest_route=%2Fwp%2Fv2%2Fcomments&post=16529"}],"version-history":[{"count":0,"href":"https:\/\/aconteceunovale.com.br\/portal\/index.php?rest_route=\/wp\/v2\/posts\/16529\/revisions"}],"wp:featuredmedia":[{"embeddable":true,"href":"https:\/\/aconteceunovale.com.br\/portal\/index.php?rest_route=\/wp\/v2\/media\/16530"}],"wp:attachment":[{"href":"https:\/\/aconteceunovale.com.br\/portal\/index.php?rest_route=%2Fwp%2Fv2%2Fmedia&parent=16529"}],"wp:term":[{"taxonomy":"category","embeddable":true,"href":"https:\/\/aconteceunovale.com.br\/portal\/index.php?rest_route=%2Fwp%2Fv2%2Fcategories&post=16529"},{"taxonomy":"post_tag","embeddable":true,"href":"https:\/\/aconteceunovale.com.br\/portal\/index.php?rest_route=%2Fwp%2Fv2%2Ftags&post=16529"}],"curies":[{"name":"wp","href":"https:\/\/api.w.org\/{rel}","templated":true}]}}