{"id":16523,"date":"2013-12-23T11:13:26","date_gmt":"2013-12-23T13:13:26","guid":{"rendered":"http:\/\/aconteceunovale.com.br\/portal\/?p=16523"},"modified":"2026-09-02T11:56:02","modified_gmt":"2026-09-02T14:56:02","slug":"programa-leite-pela-vida-esta-de-volta-em-capelinha-e-outras-cidades-mineiras","status":"publish","type":"post","link":"https:\/\/aconteceunovale.com.br\/portal\/?p=16523","title":{"rendered":"Programa Leite Pela Vida est\u00e1 de volta em Capelinha e outras cidades mineiras"},"content":{"rendered":"<p>Em meio a tantas mazelas provocadas pelas chuvas em muitas cidades mineiras, at\u00e9 que enfim uma boa not\u00edcia para as fam\u00edlias cadastradas no Programa \u201cLeite Pela Vida\u201d. A partir desta segunda-feira, 23 de dezembro, milhares de fam\u00edlias voltaram a ser beneficiadas com a distribui\u00e7\u00e3o do leite no estado. A informa\u00e7\u00e3o foi confirmada pela coordenadora do programa em Capelinha, Maria de Lourdes Lino de Andrade. <\/p>\n<p>Segundo Maria de Lourdes, \u201co programa retornou em car\u00e1ter de urg\u00eancia depois de quase 30 dias suspenso e um novo conv\u00eanio ser\u00e1 assinado em fevereiro de 2014, junto com um novo recadastramento das fam\u00edlias beneficiadas\u201d. O programa Leite Pela Vida \u00e9 uma parceria entre os governos federal e estadual, sendo que em Capelinha s\u00e3o distribu\u00eddos 2400 litros de leite por dia.<\/p>\n<p><em>Por Tico Neves<\/em><\/p>\n","protected":false},"excerpt":{"rendered":"<p>Em meio a tantas mazelas provocadas pelas chuvas em muitas cidades mineiras, at\u00e9 que enfim uma boa not\u00edcia para as fam\u00edlias cadastradas no Programa \u201cLeite Pela Vida\u201d. A partir desta segunda-feira, 23 de dezembro, milhares de fam\u00edlias voltaram a ser beneficiadas com a distribui\u00e7\u00e3o do leite no estado. A informa\u00e7\u00e3o foi confirmada pela coordenadora do [&hellip;]<\/p>\n","protected":false},"author":1,"featured_media":14088,"comment_status":"open","ping_status":"closed","sticky":false,"template":"","format":"standard","meta":{"amp_status":"","footnotes":""},"categories":[272535,120],"tags":[132,2048,977,133],"class_list":["post-16523","post","type-post","status-publish","format-standard","has-post-thumbnail","hentry","category-capelinha","category-jequi","tag-capelinha","tag-leite-pela-vida","tag-programa-leite-pela-vida","tag-vale-do-jequitinhonha"],"yoast_head":"<!-- This site is optimized with the Yoast SEO plugin v28.3 - https:\/\/yoast.com\/product\/yoast-seo-wordpress\/ -->\n<title>Programa Leite Pela Vida est\u00e1 de volta em Capelinha e outras cidades mineiras - Aconteceu no Vale<\/title>\n<meta name=\"robots\" content=\"index, follow, max-snippet:-1, max-image-preview:large, max-video-preview:-1\" \/>\n<link rel=\"canonical\" href=\"https:\/\/aconteceunovale.com.br\/portal\/?p=16523\" \/>\n<meta property=\"og:locale\" content=\"pt_BR\" \/>\n<meta property=\"og:type\" content=\"article\" \/>\n<meta property=\"og:title\" content=\"Programa Leite Pela Vida est\u00e1 de volta em Capelinha e outras cidades mineiras - Aconteceu no Vale\" \/>\n<meta property=\"og:description\" content=\"Em meio a tantas mazelas provocadas pelas chuvas em muitas cidades mineiras, at\u00e9 que enfim uma boa not\u00edcia para as fam\u00edlias cadastradas no Programa \u201cLeite Pela Vida\u201d. A partir desta segunda-feira, 23 de dezembro, milhares de fam\u00edlias voltaram a ser beneficiadas com a distribui\u00e7\u00e3o do leite no estado. A informa\u00e7\u00e3o foi confirmada pela coordenadora do [&hellip;]\" \/>\n<meta property=\"og:url\" content=\"https:\/\/aconteceunovale.com.br\/portal\/?p=16523\" \/>\n<meta property=\"og:site_name\" content=\"Aconteceu no Vale\" \/>\n<meta property=\"article:publisher\" content=\"https:\/\/www.facebook.com\/aconteceunovale\/\" \/>\n<meta property=\"article:published_time\" content=\"2013-12-23T13:13:26+00:00\" \/>\n<meta property=\"article:modified_time\" content=\"2026-09-02T14:56:02+00:00\" \/>\n<meta property=\"og:image\" content=\"https:\/\/aconteceunovale.com.br\/portal\/wp-content\/uploads\/2013\/11\/leite_pela_vida.jpg\" \/>\n\t<meta property=\"og:image:width\" content=\"678\" \/>\n\t<meta property=\"og:image:height\" content=\"348\" \/>\n\t<meta property=\"og:image:type\" content=\"image\/jpeg\" \/>\n<meta name=\"author\" content=\"Aconteceu no Vale\" \/>\n<meta name=\"twitter:card\" content=\"summary_large_image\" \/>\n<meta name=\"twitter:creator\" content=\"@noticiadosvales\" \/>\n<meta name=\"twitter:site\" content=\"@noticiadosvales\" \/>\n<meta name=\"twitter:label1\" content=\"Escrito por\" \/>\n\t<meta name=\"twitter:data1\" content=\"Aconteceu no Vale\" \/>\n\t<meta name=\"twitter:label2\" content=\"Est. tempo de leitura\" \/>\n\t<meta name=\"twitter:data2\" content=\"1 minuto\" \/>\n<script type=\"application\/ld+json\" class=\"yoast-schema-graph\">{\"@context\":\"https:\\\/\\\/schema.org\",\"@graph\":[{\"@type\":\"Article\",\"@id\":\"https:\\\/\\\/aconteceunovale.com.br\\\/portal\\\/?p=16523#article\",\"isPartOf\":{\"@id\":\"https:\\\/\\\/aconteceunovale.com.br\\\/portal\\\/?p=16523\"},\"author\":{\"name\":\"Aconteceu no Vale\",\"@id\":\"https:\\\/\\\/aconteceunovale.com.br\\\/portal\\\/#\\\/schema\\\/person\\\/633529146f2c94272bef50ac2953d589\"},\"headline\":\"Programa Leite Pela Vida est\u00e1 de volta em Capelinha e outras cidades mineiras\",\"datePublished\":\"2013-12-23T13:13:26+00:00\",\"dateModified\":\"2026-09-02T14:56:02+00:00\",\"mainEntityOfPage\":{\"@id\":\"https:\\\/\\\/aconteceunovale.com.br\\\/portal\\\/?p=16523\"},\"wordCount\":147,\"commentCount\":0,\"image\":{\"@id\":\"https:\\\/\\\/aconteceunovale.com.br\\\/portal\\\/?p=16523#primaryimage\"},\"thumbnailUrl\":\"https:\\\/\\\/aconteceunovale.com.br\\\/portal\\\/wp-content\\\/uploads\\\/2013\\\/11\\\/leite_pela_vida.jpg\",\"keywords\":[\"Capelinha\",\"leite pela vida\",\"programa \u201cLeite Pela Vida\u201d\",\"Vale do Jequitinhonha\"],\"articleSection\":[\"Capelinha\",\"Vale do Jequitinhonha\"],\"inLanguage\":\"pt-BR\",\"potentialAction\":[{\"@type\":\"CommentAction\",\"name\":\"Comment\",\"target\":[\"https:\\\/\\\/aconteceunovale.com.br\\\/portal\\\/?p=16523#respond\"]}]},{\"@type\":\"WebPage\",\"@id\":\"https:\\\/\\\/aconteceunovale.com.br\\\/portal\\\/?p=16523\",\"url\":\"https:\\\/\\\/aconteceunovale.com.br\\\/portal\\\/?p=16523\",\"name\":\"Programa Leite Pela Vida est\u00e1 de volta em Capelinha e outras cidades mineiras - Aconteceu no Vale\",\"isPartOf\":{\"@id\":\"https:\\\/\\\/aconteceunovale.com.br\\\/portal\\\/#website\"},\"primaryImageOfPage\":{\"@id\":\"https:\\\/\\\/aconteceunovale.com.br\\\/portal\\\/?p=16523#primaryimage\"},\"image\":{\"@id\":\"https:\\\/\\\/aconteceunovale.com.br\\\/portal\\\/?p=16523#primaryimage\"},\"thumbnailUrl\":\"https:\\\/\\\/aconteceunovale.com.br\\\/portal\\\/wp-content\\\/uploads\\\/2013\\\/11\\\/leite_pela_vida.jpg\",\"datePublished\":\"2013-12-23T13:13:26+00:00\",\"dateModified\":\"2026-09-02T14:56:02+00:00\",\"author\":{\"@id\":\"https:\\\/\\\/aconteceunovale.com.br\\\/portal\\\/#\\\/schema\\\/person\\\/633529146f2c94272bef50ac2953d589\"},\"breadcrumb\":{\"@id\":\"https:\\\/\\\/aconteceunovale.com.br\\\/portal\\\/?p=16523#breadcrumb\"},\"inLanguage\":\"pt-BR\",\"potentialAction\":[{\"@type\":\"ReadAction\",\"target\":[\"https:\\\/\\\/aconteceunovale.com.br\\\/portal\\\/?p=16523\"]}]},{\"@type\":\"ImageObject\",\"inLanguage\":\"pt-BR\",\"@id\":\"https:\\\/\\\/aconteceunovale.com.br\\\/portal\\\/?p=16523#primaryimage\",\"url\":\"https:\\\/\\\/aconteceunovale.com.br\\\/portal\\\/wp-content\\\/uploads\\\/2013\\\/11\\\/leite_pela_vida.jpg\",\"contentUrl\":\"https:\\\/\\\/aconteceunovale.com.br\\\/portal\\\/wp-content\\\/uploads\\\/2013\\\/11\\\/leite_pela_vida.jpg\",\"width\":678,\"height\":348},{\"@type\":\"BreadcrumbList\",\"@id\":\"https:\\\/\\\/aconteceunovale.com.br\\\/portal\\\/?p=16523#breadcrumb\",\"itemListElement\":[{\"@type\":\"ListItem\",\"position\":1,\"name\":\"In\u00edcio\",\"item\":\"https:\\\/\\\/aconteceunovale.com.br\\\/portal\\\/\"},{\"@type\":\"ListItem\",\"position\":2,\"name\":\"Programa Leite Pela Vida est\u00e1 de volta em Capelinha e outras cidades mineiras\"}]},{\"@type\":\"WebSite\",\"@id\":\"https:\\\/\\\/aconteceunovale.com.br\\\/portal\\\/#website\",\"url\":\"https:\\\/\\\/aconteceunovale.com.br\\\/portal\\\/\",\"name\":\"Aconteceu no Vale\",\"description\":\"Portal de Not\u00edcias\",\"potentialAction\":[{\"@type\":\"SearchAction\",\"target\":{\"@type\":\"EntryPoint\",\"urlTemplate\":\"https:\\\/\\\/aconteceunovale.com.br\\\/portal\\\/?s={search_term_string}\"},\"query-input\":{\"@type\":\"PropertyValueSpecification\",\"valueRequired\":true,\"valueName\":\"search_term_string\"}}],\"inLanguage\":\"pt-BR\"},{\"@type\":\"Person\",\"@id\":\"https:\\\/\\\/aconteceunovale.com.br\\\/portal\\\/#\\\/schema\\\/person\\\/633529146f2c94272bef50ac2953d589\",\"name\":\"Aconteceu no Vale\",\"description\":\"Equipe de reportagem do Aconteceu no Vale, portal de not\u00edcias do Vale do Jequitinhonha, em Minas Gerais. Cobrimos as 51 cidades do Vale desde 2013. Sugest\u00f5es de pauta e pedidos de corre\u00e7\u00e3o: contato@aconteceunovale.com.br\",\"sameAs\":[\"http:\\\/\\\/www.aconteceunovale.com.br\"],\"url\":\"https:\\\/\\\/aconteceunovale.com.br\\\/portal\\\/?author=1\"}]}<\/script>\n<!-- \/ Yoast SEO plugin. -->","yoast_head_json":{"title":"Programa Leite Pela Vida est\u00e1 de volta em Capelinha e outras cidades mineiras - Aconteceu no Vale","robots":{"index":"index","follow":"follow","max-snippet":"max-snippet:-1","max-image-preview":"max-image-preview:large","max-video-preview":"max-video-preview:-1"},"canonical":"https:\/\/aconteceunovale.com.br\/portal\/?p=16523","og_locale":"pt_BR","og_type":"article","og_title":"Programa Leite Pela Vida est\u00e1 de volta em Capelinha e outras cidades mineiras - Aconteceu no Vale","og_description":"Em meio a tantas mazelas provocadas pelas chuvas em muitas cidades mineiras, at\u00e9 que enfim uma boa not\u00edcia para as fam\u00edlias cadastradas no Programa \u201cLeite Pela Vida\u201d. A partir desta segunda-feira, 23 de dezembro, milhares de fam\u00edlias voltaram a ser beneficiadas com a distribui\u00e7\u00e3o do leite no estado. A informa\u00e7\u00e3o foi confirmada pela coordenadora do [&hellip;]","og_url":"https:\/\/aconteceunovale.com.br\/portal\/?p=16523","og_site_name":"Aconteceu no Vale","article_publisher":"https:\/\/www.facebook.com\/aconteceunovale\/","article_published_time":"2013-12-23T13:13:26+00:00","article_modified_time":"2026-09-02T14:56:02+00:00","og_image":[{"width":678,"height":348,"url":"https:\/\/aconteceunovale.com.br\/portal\/wp-content\/uploads\/2013\/11\/leite_pela_vida.jpg","type":"image\/jpeg"}],"author":"Aconteceu no Vale","twitter_card":"summary_large_image","twitter_creator":"@noticiadosvales","twitter_site":"@noticiadosvales","twitter_misc":{"Escrito por":"Aconteceu no Vale","Est. tempo de leitura":"1 minuto"},"schema":{"@context":"https:\/\/schema.org","@graph":[{"@type":"Article","@id":"https:\/\/aconteceunovale.com.br\/portal\/?p=16523#article","isPartOf":{"@id":"https:\/\/aconteceunovale.com.br\/portal\/?p=16523"},"author":{"name":"Aconteceu no Vale","@id":"https:\/\/aconteceunovale.com.br\/portal\/#\/schema\/person\/633529146f2c94272bef50ac2953d589"},"headline":"Programa Leite Pela Vida est\u00e1 de volta em Capelinha e outras cidades mineiras","datePublished":"2013-12-23T13:13:26+00:00","dateModified":"2026-09-02T14:56:02+00:00","mainEntityOfPage":{"@id":"https:\/\/aconteceunovale.com.br\/portal\/?p=16523"},"wordCount":147,"commentCount":0,"image":{"@id":"https:\/\/aconteceunovale.com.br\/portal\/?p=16523#primaryimage"},"thumbnailUrl":"https:\/\/aconteceunovale.com.br\/portal\/wp-content\/uploads\/2013\/11\/leite_pela_vida.jpg","keywords":["Capelinha","leite pela vida","programa \u201cLeite Pela Vida\u201d","Vale do Jequitinhonha"],"articleSection":["Capelinha","Vale do Jequitinhonha"],"inLanguage":"pt-BR","potentialAction":[{"@type":"CommentAction","name":"Comment","target":["https:\/\/aconteceunovale.com.br\/portal\/?p=16523#respond"]}]},{"@type":"WebPage","@id":"https:\/\/aconteceunovale.com.br\/portal\/?p=16523","url":"https:\/\/aconteceunovale.com.br\/portal\/?p=16523","name":"Programa Leite Pela Vida est\u00e1 de volta em Capelinha e outras cidades mineiras - Aconteceu no Vale","isPartOf":{"@id":"https:\/\/aconteceunovale.com.br\/portal\/#website"},"primaryImageOfPage":{"@id":"https:\/\/aconteceunovale.com.br\/portal\/?p=16523#primaryimage"},"image":{"@id":"https:\/\/aconteceunovale.com.br\/portal\/?p=16523#primaryimage"},"thumbnailUrl":"https:\/\/aconteceunovale.com.br\/portal\/wp-content\/uploads\/2013\/11\/leite_pela_vida.jpg","datePublished":"2013-12-23T13:13:26+00:00","dateModified":"2026-09-02T14:56:02+00:00","author":{"@id":"https:\/\/aconteceunovale.com.br\/portal\/#\/schema\/person\/633529146f2c94272bef50ac2953d589"},"breadcrumb":{"@id":"https:\/\/aconteceunovale.com.br\/portal\/?p=16523#breadcrumb"},"inLanguage":"pt-BR","potentialAction":[{"@type":"ReadAction","target":["https:\/\/aconteceunovale.com.br\/portal\/?p=16523"]}]},{"@type":"ImageObject","inLanguage":"pt-BR","@id":"https:\/\/aconteceunovale.com.br\/portal\/?p=16523#primaryimage","url":"https:\/\/aconteceunovale.com.br\/portal\/wp-content\/uploads\/2013\/11\/leite_pela_vida.jpg","contentUrl":"https:\/\/aconteceunovale.com.br\/portal\/wp-content\/uploads\/2013\/11\/leite_pela_vida.jpg","width":678,"height":348},{"@type":"BreadcrumbList","@id":"https:\/\/aconteceunovale.com.br\/portal\/?p=16523#breadcrumb","itemListElement":[{"@type":"ListItem","position":1,"name":"In\u00edcio","item":"https:\/\/aconteceunovale.com.br\/portal\/"},{"@type":"ListItem","position":2,"name":"Programa Leite Pela Vida est\u00e1 de volta em Capelinha e outras cidades mineiras"}]},{"@type":"WebSite","@id":"https:\/\/aconteceunovale.com.br\/portal\/#website","url":"https:\/\/aconteceunovale.com.br\/portal\/","name":"Aconteceu no Vale","description":"Portal de Not\u00edcias","potentialAction":[{"@type":"SearchAction","target":{"@type":"EntryPoint","urlTemplate":"https:\/\/aconteceunovale.com.br\/portal\/?s={search_term_string}"},"query-input":{"@type":"PropertyValueSpecification","valueRequired":true,"valueName":"search_term_string"}}],"inLanguage":"pt-BR"},{"@type":"Person","@id":"https:\/\/aconteceunovale.com.br\/portal\/#\/schema\/person\/633529146f2c94272bef50ac2953d589","name":"Aconteceu no Vale","description":"Equipe de reportagem do Aconteceu no Vale, portal de not\u00edcias do Vale do Jequitinhonha, em Minas Gerais. Cobrimos as 51 cidades do Vale desde 2013. Sugest\u00f5es de pauta e pedidos de corre\u00e7\u00e3o: contato@aconteceunovale.com.br","sameAs":["http:\/\/www.aconteceunovale.com.br"],"url":"https:\/\/aconteceunovale.com.br\/portal\/?author=1"}]}},"_links":{"self":[{"href":"https:\/\/aconteceunovale.com.br\/portal\/index.php?rest_route=\/wp\/v2\/posts\/16523","targetHints":{"allow":["GET"]}}],"collection":[{"href":"https:\/\/aconteceunovale.com.br\/portal\/index.php?rest_route=\/wp\/v2\/posts"}],"about":[{"href":"https:\/\/aconteceunovale.com.br\/portal\/index.php?rest_route=\/wp\/v2\/types\/post"}],"author":[{"embeddable":true,"href":"https:\/\/aconteceunovale.com.br\/portal\/index.php?rest_route=\/wp\/v2\/users\/1"}],"replies":[{"embeddable":true,"href":"https:\/\/aconteceunovale.com.br\/portal\/index.php?rest_route=%2Fwp%2Fv2%2Fcomments&post=16523"}],"version-history":[{"count":1,"href":"https:\/\/aconteceunovale.com.br\/portal\/index.php?rest_route=\/wp\/v2\/posts\/16523\/revisions"}],"predecessor-version":[{"id":198883,"href":"https:\/\/aconteceunovale.com.br\/portal\/index.php?rest_route=\/wp\/v2\/posts\/16523\/revisions\/198883"}],"wp:featuredmedia":[{"embeddable":true,"href":"https:\/\/aconteceunovale.com.br\/portal\/index.php?rest_route=\/wp\/v2\/media\/14088"}],"wp:attachment":[{"href":"https:\/\/aconteceunovale.com.br\/portal\/index.php?rest_route=%2Fwp%2Fv2%2Fmedia&parent=16523"}],"wp:term":[{"taxonomy":"category","embeddable":true,"href":"https:\/\/aconteceunovale.com.br\/portal\/index.php?rest_route=%2Fwp%2Fv2%2Fcategories&post=16523"},{"taxonomy":"post_tag","embeddable":true,"href":"https:\/\/aconteceunovale.com.br\/portal\/index.php?rest_route=%2Fwp%2Fv2%2Ftags&post=16523"}],"curies":[{"name":"wp","href":"https:\/\/api.w.org\/{rel}","templated":true}]}}