{"id":165165,"date":"2020-07-05T10:55:46","date_gmt":"2020-07-05T13:55:46","guid":{"rendered":"https:\/\/aconteceunovale.com.br\/portal\/?p=165165"},"modified":"2020-07-05T10:55:58","modified_gmt":"2020-07-05T13:55:58","slug":"filho-de-tratorista-morto-em-acidente-sera-indenizado-por-municipio-mineiro","status":"publish","type":"post","link":"https:\/\/aconteceunovale.com.br\/portal\/?p=165165","title":{"rendered":"Filho de tratorista morto em acidente ser\u00e1 indenizado por munic\u00edpio mineiro"},"content":{"rendered":"\n<p>O Munic\u00edpio de C\u00f3rrego de Bom Jesus foi condenado a indenizar em R$ 50 mil, por danos morais, o filho de um operador de trator. O pai do jovem sofreu um acidente enquanto conduzia o ve\u00edculo e morreu. A decis\u00e3o \u00e9 da 3\u00aa C\u00e2mara C\u00edvel do Tribunal de Justi\u00e7a de Minas Gerais (TJMG), que reformou parcialmente a senten\u00e7a.<\/p>\n\n\n\n<p>O jovem contou que seu pai prestava servi\u00e7o de motorista ao munic\u00edpio por contrato de trabalho. No dia do acidente, ele dirigia um trator e, ao realizar uma manobra de marcha a r\u00e9, caiu em uma valeta de mais de dez metros de profundidade e o ve\u00edculo parou sobre seu corpo.<\/p>\n\n\n\n<p>Ele sustentou que o munic\u00edpio deixou de ofertar ao seu pai o m\u00ednimo de seguran\u00e7a no trabalho, sendo assim&nbsp;respons\u00e1vel pela sua morte. Por isso, pediu pelo reconhecimento do v\u00ednculo empregat\u00edcio e requereu a condena\u00e7\u00e3o por danos morais e materiais na forma de pagamento de pens\u00e3o, at\u00e9 ele completar 25 anos.<\/p>\n\n\n\n<p>O munic\u00edpio alegou que n\u00e3o havia v\u00ednculo de emprego, pois o motorista n\u00e3o tinha sido aprovado em concurso p\u00fablico e tinha apenas contrato de presta\u00e7\u00e3o de servi\u00e7o, o que significa que a atividade \u00e9 realizada por conta e risco do contratado.<\/p>\n\n\n\n<p>Al\u00e9m disso, relatou que o acidente ocorreu por culpa exclusiva da v\u00edtima, que n\u00e3o teve a aten\u00e7\u00e3o necess\u00e1ria ao manobrar o trator. Portanto, n\u00e3o haveria responsabilidade de sua parte e, na hip\u00f3tese de haver culpa concorrente, munic\u00edpio e motorista teriam colaborado para o tr\u00e1gico evento.<\/p>\n\n\n\n<p><strong>Senten\u00e7a<\/strong><\/p>\n\n\n\n<p>Em primeira inst\u00e2ncia, o juiz entendeu que o Munic\u00edpio de C\u00f3rrego de Bom Jesus deveria reparar os danos causados pela exposi\u00e7\u00e3o de seus prestadores de servi\u00e7o a risco de vida.<\/p>\n\n\n\n<p>Determinou o pagamento de R$ 100 mil por danos morais e uma pens\u00e3o mensal de 1\/3 do sal\u00e1rio m\u00ednimo ao jovem, desde a morte de&nbsp;seu pai at\u00e9 ele completar 25 anos de idade. Os valores em atraso deveriam ser pagos em parcela \u00fanica, devidamente atualizada.<\/p>\n\n\n\n<p><strong>Recurso<\/strong><\/p>\n\n\n\n<p>O munic\u00edpio recorreu, afirmando que o falecido n\u00e3o agiu com a aten\u00e7\u00e3o necess\u00e1ria ao manobrar&nbsp;o maquin\u00e1rio, mesmo sabendo da exist\u00eancia de uma valeta. Completou, ainda, que o prestador de servi\u00e7o estava ciente das condi\u00e7\u00f5es do local, ent\u00e3o cabia a ele ser atencioso na realiza\u00e7\u00e3o de sua fun\u00e7\u00e3o.<\/p>\n\n\n\n<p>Tamb\u00e9m argumentou&nbsp;que a indeniza\u00e7\u00e3o deve observar o grau de culpa de cada parte, a qual deveria ser reduzida, ao menos, em 50% do seu valor. Alegou que houve demora na busca da repara\u00e7\u00e3o e que, sendo o munic\u00edpio de pequeno porte, a quantia afetaria consideravelmente suas finan\u00e7as. Sobre os danos materiais, disse&nbsp;que a fixa\u00e7\u00e3o da pens\u00e3o de forma retroativa fere o C\u00f3digo Civil.<\/p>\n\n\n\n<p><strong>Culpa do munic\u00edpio<\/strong><\/p>\n\n\n\n<p>Para o relator, desembargador Maur\u00edcio Soares, o valor da pens\u00e3o, que se refere aos danos materiais, se mostra razo\u00e1vel e compat\u00edvel com a condi\u00e7\u00e3o econ\u00f4mica que o pai do jovem tinha.<\/p>\n\n\n\n<p>Em rela\u00e7\u00e3o aos danos morais, o magistrado entendeu que deve ser levado em conta que a a\u00e7\u00e3o \u00e9 contra um munic\u00edpio de pequeno porte, por isso&nbsp;o valor deveria ser reduzido para R$ 50 mil.<\/p>\n\n\n\n<p>\u201cO munic\u00edpio faltou com o dever de cuidado ao permitir que o servi\u00e7o fosse prestado em local perigoso, n\u00e3o tendo sido comprovada a exist\u00eancia de qualquer prote\u00e7\u00e3o ou sinaliza\u00e7\u00e3o, apta a afastar sua responsabilidade pelo ocorrido. Com efeito, n\u00e3o h\u00e1 qualquer elemento nos autos que evidencie a suposta desaten\u00e7\u00e3o do falecido ao executar a manobra que resultou no acidente\u201d, afirmou o relator.<\/p>\n\n\n\n<p>A ju\u00edza convocada Luzia Peix\u00f4to e a desembargadora Albergaria Costa votaram de acordo com o relator.<\/p>\n\n\n\n<p>Consulte o\u00a0<a rel=\"noreferrer noopener\" target=\"_blank\" href=\"https:\/\/www5.tjmg.jus.br\/jurisprudencia\/pesquisaNumeroCNJEspelhoAcordao.do;jsessionid=8D6E15B54868F2B4DAC0D5B32476D9E0.juri_node1?numeroRegistro=1&amp;totalLinhas=1&amp;linhasPorPagina=10&amp;numeroUnico=1.0106.18.000816-6%2F001&amp;pesquisaNumeroCNJ=Pesquisar\">ac\u00f3rd\u00e3o<\/a>\u00a0na \u00edntegra e\u00a0<a rel=\"noreferrer noopener\" target=\"_blank\" href=\"https:\/\/www4.tjmg.jus.br\/juridico\/sf\/proc_resultado2.jsp?listaProcessos=10106180008166001\">acompanhe o caso<\/a>.<\/p>\n\n\n\n<p class=\"has-background has-very-light-gray-background-color\">Quer saber as not\u00edcias do <strong>Aconteceu no Vale<\/strong> em primeira m\u00e3o? Siga-nos no Facebook <a rel=\"noreferrer noopener\" href=\"http:\/\/facebook.com\/aconteceunovale\" target=\"_blank\">@aconteceunovale<\/a>, Twitter <a rel=\"noreferrer noopener\" href=\"https:\/\/twitter.com\/noticiadosvales\" target=\"_blank\">@noticiadosvales<\/a> e Instagram <a rel=\"noreferrer noopener\" href=\"https:\/\/www.instagram.com\/aconteceunovale\" target=\"_blank\">@aconteceunovale<\/a>.<\/p>\n","protected":false},"excerpt":{"rendered":"<p>O Munic\u00edpio de C\u00f3rrego de Bom Jesus foi condenado a indenizar em R$ 50 mil, por danos morais, o filho de um operador de trator. O pai do jovem sofreu um acidente enquanto conduzia o ve\u00edculo e morreu. A decis\u00e3o \u00e9 da 3\u00aa C\u00e2mara C\u00edvel do Tribunal de Justi\u00e7a de Minas Gerais (TJMG), que reformou [&hellip;]<\/p>\n","protected":false},"author":1,"featured_media":165166,"comment_status":"open","ping_status":"closed","sticky":false,"template":"","format":"standard","meta":{"amp_status":"","footnotes":""},"categories":[123],"tags":[224826,224827,224823,224822,224828,224824,224825,270,92646],"class_list":["post-165165","post","type-post","status-publish","format-standard","has-post-thumbnail","hentry","category-gerais","tag-acidente-com-trator-em-corrego-de-bom-jesus","tag-acidente-com-tratorista-em-corrego-de-bom-jesus","tag-condenacao-do-municipio-de-corrego-de-bom-jesus","tag-corrego-de-bom-jesus","tag-filho-de-tratorista-morto-em-acidente-sera-indenizado-por-municipio-mineiro","tag-municipio-de-corrego-de-bom-jesus","tag-processo-contra-o-municipio-de-corrego-de-bom-jesus","tag-tjmg","tag-tribunal-de-justica-de-minas-gerais"],"_links":{"self":[{"href":"https:\/\/aconteceunovale.com.br\/portal\/index.php?rest_route=\/wp\/v2\/posts\/165165","targetHints":{"allow":["GET"]}}],"collection":[{"href":"https:\/\/aconteceunovale.com.br\/portal\/index.php?rest_route=\/wp\/v2\/posts"}],"about":[{"href":"https:\/\/aconteceunovale.com.br\/portal\/index.php?rest_route=\/wp\/v2\/types\/post"}],"author":[{"embeddable":true,"href":"https:\/\/aconteceunovale.com.br\/portal\/index.php?rest_route=\/wp\/v2\/users\/1"}],"replies":[{"embeddable":true,"href":"https:\/\/aconteceunovale.com.br\/portal\/index.php?rest_route=%2Fwp%2Fv2%2Fcomments&post=165165"}],"version-history":[{"count":1,"href":"https:\/\/aconteceunovale.com.br\/portal\/index.php?rest_route=\/wp\/v2\/posts\/165165\/revisions"}],"predecessor-version":[{"id":165167,"href":"https:\/\/aconteceunovale.com.br\/portal\/index.php?rest_route=\/wp\/v2\/posts\/165165\/revisions\/165167"}],"wp:featuredmedia":[{"embeddable":true,"href":"https:\/\/aconteceunovale.com.br\/portal\/index.php?rest_route=\/wp\/v2\/media\/165166"}],"wp:attachment":[{"href":"https:\/\/aconteceunovale.com.br\/portal\/index.php?rest_route=%2Fwp%2Fv2%2Fmedia&parent=165165"}],"wp:term":[{"taxonomy":"category","embeddable":true,"href":"https:\/\/aconteceunovale.com.br\/portal\/index.php?rest_route=%2Fwp%2Fv2%2Fcategories&post=165165"},{"taxonomy":"post_tag","embeddable":true,"href":"https:\/\/aconteceunovale.com.br\/portal\/index.php?rest_route=%2Fwp%2Fv2%2Ftags&post=165165"}],"curies":[{"name":"wp","href":"https:\/\/api.w.org\/{rel}","templated":true}]}}