{"id":165132,"date":"2020-07-04T18:40:18","date_gmt":"2020-07-04T21:40:18","guid":{"rendered":"https:\/\/aconteceunovale.com.br\/portal\/?p=165132"},"modified":"2020-07-04T18:45:57","modified_gmt":"2020-07-04T21:45:57","slug":"leste-de-minas-gerais-recebera-quase-r-134-milhoes-para-a-area-da-saude","status":"publish","type":"post","link":"https:\/\/aconteceunovale.com.br\/portal\/?p=165132","title":{"rendered":"Leste de Minas Gerais receber\u00e1 quase R$ 134 milh\u00f5es para a \u00e1rea da sa\u00fade"},"content":{"rendered":"\n<p>O Governo do Brasil autorizou, na quinta-feira (2\/7\/2020), o repasse de quase R$ 134 milh\u00f5es para os 102 munic\u00edpios da regi\u00e3o Leste de Minas Gerais (Vales do A\u00e7o e Rio Doce). Segundo nota oficial, os recursos podem ser usados para melhoria da oferta dos servi\u00e7os hospitalares e de Aten\u00e7\u00e3o B\u00e1sica por meio da aquisi\u00e7\u00e3o de insumos e produtos, custeio de interven\u00e7\u00f5es m\u00e9dicas, contrata\u00e7\u00e3o de profissionais de sa\u00fade, entre outras benfeitorias na rede p\u00fablica de sa\u00fade, com foco na assist\u00eancia ao cidad\u00e3o.<\/p>\n\n\n\n<p>Segundo o Governo, para definir o valor a ser destinado para cada munic\u00edpio, o Minist\u00e9rio da Sa\u00fade considerou o tamanho da popula\u00e7\u00e3o e a m\u00e9dia de recursos transferidos para aten\u00e7\u00e3o hospitalar e aten\u00e7\u00e3o b\u00e1sica no ano passado.<\/p>\n\n\n\n<p>Ao todo, conforme a <a href=\"http:\/\/www.in.gov.br\/en\/web\/dou\/-\/portaria-n-1.666-de-1-de-julho-de-2020-264505695\" target=\"_blank\" rel=\"noreferrer noopener\">portaria n\u00ba 1.666<\/a>, publicada em 1\u00ba de julho de 2020, foram destinados 13.800.000.000,00 (treze bilh\u00f5es e oitocentos milh\u00f5es de reais) a estados e munic\u00edpios do Brasil. O Governo Federal enfatizou que esse \u00e9 o maior repasse j\u00e1 liberado em uma \u00fanica fase e tem como objetivo refor\u00e7ar o Sistema \u00danico de Sa\u00fade (SUS) para garantir o cuidado \u00e0 sa\u00fade de todos os brasileiros no enfrentamento \u00e0 Covid-19 (doen\u00e7a causada pelo Novo Coronav\u00edrus).<\/p>\n\n\n\n<h2 class=\"wp-block-heading\"><strong>Confira o valor destinado para cada munic\u00edpio do Leste de Minas:<\/strong><\/h2>\n\n\n\n<figure class=\"wp-block-table\"><table><tbody><tr><td><strong>Munic\u00edpio<\/strong><\/td><td class=\"has-text-align-center\" data-align=\"center\">\u00a0<strong>Valor<\/strong>\u00a0<\/td><\/tr><tr><td>Bra\u00fanas<\/td><td class=\"has-text-align-center\" data-align=\"center\">&nbsp;R$&nbsp;&nbsp;&nbsp;&nbsp;&nbsp;&nbsp;&nbsp;&nbsp; 418.081,00<\/td><\/tr><tr><td>Carm\u00e9sia<\/td><td class=\"has-text-align-center\" data-align=\"center\">&nbsp;R$&nbsp;&nbsp;&nbsp;&nbsp;&nbsp;&nbsp;&nbsp;&nbsp; 174.824,00<\/td><\/tr><tr><td>Coluna<\/td><td class=\"has-text-align-center\" data-align=\"center\">&nbsp;R$&nbsp;&nbsp;&nbsp;&nbsp;&nbsp;&nbsp;&nbsp;&nbsp; 907.272,00<\/td><\/tr><tr><td>Divinol\u00e2ndia de Minas<\/td><td class=\"has-text-align-center\" data-align=\"center\">&nbsp;R$&nbsp;&nbsp;&nbsp;&nbsp;&nbsp;&nbsp;&nbsp;&nbsp; 583.615,00<\/td><\/tr><tr><td>Dores de Guanh\u00e3es<\/td><td class=\"has-text-align-center\" data-align=\"center\">&nbsp;R$&nbsp;&nbsp;&nbsp;&nbsp;&nbsp;&nbsp;&nbsp;&nbsp; 504.942,00<\/td><\/tr><tr><td>Gonzaga<\/td><td class=\"has-text-align-center\" data-align=\"center\">&nbsp;R$&nbsp;&nbsp;&nbsp;&nbsp;&nbsp;&nbsp;&nbsp;&nbsp; 726.899,00<\/td><\/tr><tr><td>Guanh\u00e3es<\/td><td class=\"has-text-align-center\" data-align=\"center\">&nbsp;R$&nbsp;&nbsp;&nbsp;&nbsp; 3.343.826,00<\/td><\/tr><tr><td>Materl\u00e2ndia<\/td><td class=\"has-text-align-center\" data-align=\"center\">&nbsp;R$&nbsp;&nbsp;&nbsp;&nbsp;&nbsp;&nbsp;&nbsp;&nbsp; 558.698,00<\/td><\/tr><tr><td>Paulistas<\/td><td class=\"has-text-align-center\" data-align=\"center\">&nbsp;R$&nbsp;&nbsp;&nbsp;&nbsp;&nbsp;&nbsp;&nbsp;&nbsp; 419.096,00<\/td><\/tr><tr><td>Sabin\u00f3polis<\/td><td class=\"has-text-align-center\" data-align=\"center\">&nbsp;R$&nbsp;&nbsp;&nbsp;&nbsp; 1.591.295,00<\/td><\/tr><tr><td>Santa Efig\u00eania de Minas<\/td><td class=\"has-text-align-center\" data-align=\"center\">&nbsp;R$&nbsp;&nbsp;&nbsp;&nbsp;&nbsp;&nbsp;&nbsp;&nbsp; 397.836,00<\/td><\/tr><tr><td>S\u00e3o Jo\u00e3o Evangelista<\/td><td class=\"has-text-align-center\" data-align=\"center\">&nbsp;R$&nbsp;&nbsp;&nbsp;&nbsp;&nbsp;&nbsp;&nbsp;&nbsp; 861.822,00<\/td><\/tr><tr><td>Sardo\u00e1<\/td><td class=\"has-text-align-center\" data-align=\"center\">&nbsp;R$&nbsp;&nbsp;&nbsp;&nbsp;&nbsp;&nbsp;&nbsp;&nbsp; 505.436,00<\/td><\/tr><tr><td>Senhora do Porto<\/td><td class=\"has-text-align-center\" data-align=\"center\">&nbsp;R$&nbsp;&nbsp;&nbsp;&nbsp;&nbsp;&nbsp;&nbsp;&nbsp; 447.628,00<\/td><\/tr><tr><td>Virgin\u00f3polis<\/td><td class=\"has-text-align-center\" data-align=\"center\">&nbsp;R$&nbsp;&nbsp;&nbsp;&nbsp;&nbsp;&nbsp;&nbsp;&nbsp; 961.165,00<\/td><\/tr><tr><td>\u00c1gua Boa<\/td><td class=\"has-text-align-center\" data-align=\"center\">&nbsp;R$&nbsp;&nbsp;&nbsp;&nbsp; 1.356.121,00<\/td><\/tr><tr><td>Cantagalo<\/td><td class=\"has-text-align-center\" data-align=\"center\">&nbsp;R$&nbsp;&nbsp;&nbsp;&nbsp;&nbsp;&nbsp;&nbsp;&nbsp; 411.539,00<\/td><\/tr><tr><td>Frei Lagonegro<\/td><td class=\"has-text-align-center\" data-align=\"center\">&nbsp;R$&nbsp;&nbsp;&nbsp;&nbsp;&nbsp;&nbsp;&nbsp;&nbsp; 274.913,00<\/td><\/tr><tr><td>Jos\u00e9 Raydan<\/td><td class=\"has-text-align-center\" data-align=\"center\">&nbsp;R$&nbsp;&nbsp;&nbsp;&nbsp;&nbsp;&nbsp;&nbsp;&nbsp; 460.466,00<\/td><\/tr><tr><td>Pe\u00e7anha<\/td><td class=\"has-text-align-center\" data-align=\"center\">&nbsp;R$&nbsp;&nbsp;&nbsp;&nbsp; 1.298.380,00<\/td><\/tr><tr><td>Santa Maria do Sua\u00e7u\u00ed<\/td><td class=\"has-text-align-center\" data-align=\"center\">&nbsp;R$&nbsp;&nbsp;&nbsp;&nbsp; 1.073.986,00<\/td><\/tr><tr><td>S\u00e3o Jos\u00e9 do Jacuri<\/td><td class=\"has-text-align-center\" data-align=\"center\">&nbsp;R$&nbsp;&nbsp;&nbsp;&nbsp;&nbsp;&nbsp;&nbsp;&nbsp; 608.771,00<\/td><\/tr><tr><td>S\u00e3o Pedro do Sua\u00e7u\u00ed<\/td><td class=\"has-text-align-center\" data-align=\"center\">&nbsp;R$&nbsp;&nbsp;&nbsp;&nbsp;&nbsp;&nbsp;&nbsp;&nbsp; 465.996,00<\/td><\/tr><tr><td>S\u00e3o Sebasti\u00e3o do Maranh\u00e3o<\/td><td class=\"has-text-align-center\" data-align=\"center\">&nbsp;R$&nbsp;&nbsp;&nbsp;&nbsp;&nbsp;&nbsp;&nbsp;&nbsp; 761.086,00<\/td><\/tr><tr><td>Alpercata<\/td><td class=\"has-text-align-center\" data-align=\"center\">&nbsp;R$&nbsp;&nbsp;&nbsp;&nbsp;&nbsp;&nbsp;&nbsp;&nbsp; 579.799,00<\/td><\/tr><tr><td>Campan\u00e1rio<\/td><td class=\"has-text-align-center\" data-align=\"center\">&nbsp;R$&nbsp;&nbsp;&nbsp;&nbsp;&nbsp;&nbsp;&nbsp;&nbsp; 482.267,00<\/td><\/tr><tr><td>Capit\u00e3o Andrade<\/td><td class=\"has-text-align-center\" data-align=\"center\">&nbsp;R$&nbsp;&nbsp;&nbsp;&nbsp;&nbsp;&nbsp;&nbsp;&nbsp; 532.574,00<\/td><\/tr><tr><td>Coroaci<\/td><td class=\"has-text-align-center\" data-align=\"center\">&nbsp;R$&nbsp;&nbsp;&nbsp;&nbsp; 1.328.862,00<\/td><\/tr><tr><td>Divino das Laranjeiras<\/td><td class=\"has-text-align-center\" data-align=\"center\">&nbsp;R$&nbsp;&nbsp;&nbsp;&nbsp;&nbsp;&nbsp;&nbsp;&nbsp; 474.160,00<\/td><\/tr><tr><td>Engenheiro Caldas<\/td><td class=\"has-text-align-center\" data-align=\"center\">&nbsp;R$&nbsp;&nbsp;&nbsp;&nbsp;&nbsp;&nbsp;&nbsp;&nbsp; 938.906,00<\/td><\/tr><tr><td>Fernandes Tourinho<\/td><td class=\"has-text-align-center\" data-align=\"center\">&nbsp;R$&nbsp;&nbsp;&nbsp;&nbsp;&nbsp;&nbsp;&nbsp;&nbsp; 330.209,00<\/td><\/tr><tr><td>Frei Inoc\u00eancio<\/td><td class=\"has-text-align-center\" data-align=\"center\">&nbsp;R$&nbsp;&nbsp;&nbsp;&nbsp;&nbsp;&nbsp;&nbsp;&nbsp; 891.449,00<\/td><\/tr><tr><td>Galileia<\/td><td class=\"has-text-align-center\" data-align=\"center\">&nbsp;R$&nbsp;&nbsp;&nbsp;&nbsp;&nbsp;&nbsp;&nbsp;&nbsp; 653.590,00<\/td><\/tr><tr><td>Governador Valadares<\/td><td class=\"has-text-align-center\" data-align=\"center\">&nbsp;R$&nbsp;&nbsp; 18.448.330,00<\/td><\/tr><tr><td>Itambacuri<\/td><td class=\"has-text-align-center\" data-align=\"center\">&nbsp;R$&nbsp;&nbsp;&nbsp;&nbsp; 3.657.240,00<\/td><\/tr><tr><td>Itanhomi<\/td><td class=\"has-text-align-center\" data-align=\"center\">&nbsp;R$&nbsp;&nbsp;&nbsp;&nbsp;&nbsp;&nbsp;&nbsp;&nbsp; 953.965,00<\/td><\/tr><tr><td>Jampruca<\/td><td class=\"has-text-align-center\" data-align=\"center\">&nbsp;R$&nbsp;&nbsp;&nbsp;&nbsp;&nbsp;&nbsp;&nbsp;&nbsp; 459.003,00<\/td><\/tr><tr><td>Marilac<\/td><td class=\"has-text-align-center\" data-align=\"center\">&nbsp;R$&nbsp;&nbsp;&nbsp;&nbsp;&nbsp;&nbsp;&nbsp;&nbsp; 438.977,00<\/td><\/tr><tr><td>Mathias Lobato<\/td><td class=\"has-text-align-center\" data-align=\"center\">&nbsp;R$&nbsp;&nbsp;&nbsp;&nbsp;&nbsp;&nbsp;&nbsp;&nbsp; 393.144,00<\/td><\/tr><tr><td>Nacip Raydan<\/td><td class=\"has-text-align-center\" data-align=\"center\">&nbsp;R$&nbsp;&nbsp;&nbsp;&nbsp;&nbsp;&nbsp;&nbsp;&nbsp; 387.556,00<\/td><\/tr><tr><td>Nova M\u00f3dica<\/td><td class=\"has-text-align-center\" data-align=\"center\">&nbsp;R$&nbsp;&nbsp;&nbsp;&nbsp;&nbsp;&nbsp;&nbsp;&nbsp; 423.793,00<\/td><\/tr><tr><td>Pescador<\/td><td class=\"has-text-align-center\" data-align=\"center\">&nbsp;R$&nbsp;&nbsp;&nbsp;&nbsp;&nbsp;&nbsp;&nbsp;&nbsp; 472.797,00<\/td><\/tr><tr><td>S\u00e3o Geraldo da Piedade<\/td><td class=\"has-text-align-center\" data-align=\"center\">&nbsp;R$&nbsp;&nbsp;&nbsp;&nbsp;&nbsp;&nbsp;&nbsp;&nbsp; 447.088,00<\/td><\/tr><tr><td>S\u00e3o Geraldo do Baixio<\/td><td class=\"has-text-align-center\" data-align=\"center\">&nbsp;R$&nbsp;&nbsp;&nbsp;&nbsp;&nbsp;&nbsp;&nbsp;&nbsp; 426.863,00<\/td><\/tr><tr><td>S\u00e3o Jos\u00e9 da Safira<\/td><td class=\"has-text-align-center\" data-align=\"center\">&nbsp;R$&nbsp;&nbsp;&nbsp;&nbsp;&nbsp;&nbsp;&nbsp;&nbsp; 441.095,00<\/td><\/tr><tr><td>S\u00e3o Jos\u00e9 do Divino<\/td><td class=\"has-text-align-center\" data-align=\"center\">&nbsp;R$&nbsp;&nbsp;&nbsp;&nbsp;&nbsp;&nbsp;&nbsp;&nbsp; 473.942,00<\/td><\/tr><tr><td>Sobr\u00e1lia<\/td><td class=\"has-text-align-center\" data-align=\"center\">&nbsp;R$&nbsp;&nbsp;&nbsp;&nbsp;&nbsp;&nbsp;&nbsp;&nbsp; 544.410,00<\/td><\/tr><tr><td>Tumiritinga<\/td><td class=\"has-text-align-center\" data-align=\"center\">&nbsp;R$&nbsp;&nbsp;&nbsp;&nbsp;&nbsp;&nbsp;&nbsp;&nbsp; 618.412,00<\/td><\/tr><tr><td>Virgol\u00e2ndia<\/td><td class=\"has-text-align-center\" data-align=\"center\">&nbsp;R$&nbsp;&nbsp;&nbsp;&nbsp;&nbsp;&nbsp;&nbsp;&nbsp; 722.614,00<\/td><\/tr><tr><td>Central de Minas<\/td><td class=\"has-text-align-center\" data-align=\"center\">&nbsp;R$&nbsp;&nbsp;&nbsp;&nbsp;&nbsp;&nbsp;&nbsp;&nbsp; 707.892,00<\/td><\/tr><tr><td>Itabirinha<\/td><td class=\"has-text-align-center\" data-align=\"center\">&nbsp;R$&nbsp;&nbsp;&nbsp;&nbsp; 1.043.906,00<\/td><\/tr><tr><td>Mantena<\/td><td class=\"has-text-align-center\" data-align=\"center\">&nbsp;R$&nbsp;&nbsp;&nbsp;&nbsp; 3.949.438,00<\/td><\/tr><tr><td>Mendes Pimentel<\/td><td class=\"has-text-align-center\" data-align=\"center\">&nbsp;R$&nbsp;&nbsp;&nbsp;&nbsp;&nbsp;&nbsp;&nbsp;&nbsp; 609.109,00<\/td><\/tr><tr><td>Nova Bel\u00e9m<\/td><td class=\"has-text-align-center\" data-align=\"center\">&nbsp;R$&nbsp;&nbsp;&nbsp;&nbsp;&nbsp;&nbsp;&nbsp;&nbsp; 416.654,00<\/td><\/tr><tr><td>S\u00e3o F\u00e9lix de Minas<\/td><td class=\"has-text-align-center\" data-align=\"center\">&nbsp;R$&nbsp;&nbsp;&nbsp;&nbsp;&nbsp;&nbsp;&nbsp;&nbsp; 476.496,00<\/td><\/tr><tr><td>S\u00e3o Jo\u00e3o do Manteninha<\/td><td class=\"has-text-align-center\" data-align=\"center\">&nbsp;R$&nbsp;&nbsp;&nbsp;&nbsp;&nbsp;&nbsp;&nbsp;&nbsp; 563.539,00<\/td><\/tr><tr><td>A\u00e7ucena<\/td><td class=\"has-text-align-center\" data-align=\"center\">&nbsp;R$&nbsp;&nbsp;&nbsp;&nbsp;&nbsp;&nbsp;&nbsp;&nbsp; 887.475,00<\/td><\/tr><tr><td>Ant\u00f4nio Dias<\/td><td class=\"has-text-align-center\" data-align=\"center\">&nbsp;R$&nbsp;&nbsp;&nbsp;&nbsp;&nbsp;&nbsp;&nbsp;&nbsp; 860.678,00<\/td><\/tr><tr><td>Belo Oriente<\/td><td class=\"has-text-align-center\" data-align=\"center\">&nbsp;R$&nbsp;&nbsp;&nbsp;&nbsp; 1.770.753,00<\/td><\/tr><tr><td>Coronel Fabriciano<\/td><td class=\"has-text-align-center\" data-align=\"center\">&nbsp;R$&nbsp;&nbsp;&nbsp;&nbsp; 5.561.937,00<\/td><\/tr><tr><td>Ipatinga<\/td><td class=\"has-text-align-center\" data-align=\"center\">&nbsp;R$&nbsp;&nbsp; 20.530.543,00<\/td><\/tr><tr><td>Jaguara\u00e7u<\/td><td class=\"has-text-align-center\" data-align=\"center\">&nbsp;R$&nbsp;&nbsp;&nbsp;&nbsp;&nbsp;&nbsp;&nbsp;&nbsp; 234.079,00<\/td><\/tr><tr><td>Joan\u00e9sia<\/td><td class=\"has-text-align-center\" data-align=\"center\">&nbsp;R$&nbsp;&nbsp;&nbsp;&nbsp;&nbsp;&nbsp;&nbsp;&nbsp; 589.929,00<\/td><\/tr><tr><td>Marli\u00e9ria<\/td><td class=\"has-text-align-center\" data-align=\"center\">&nbsp;R$&nbsp;&nbsp;&nbsp;&nbsp;&nbsp;&nbsp;&nbsp;&nbsp; 414.712,00<\/td><\/tr><tr><td>Mesquita<\/td><td class=\"has-text-align-center\" data-align=\"center\">&nbsp;R$&nbsp;&nbsp;&nbsp;&nbsp;&nbsp;&nbsp;&nbsp;&nbsp; 620.424,00<\/td><\/tr><tr><td>Naque<\/td><td class=\"has-text-align-center\" data-align=\"center\">&nbsp;R$&nbsp;&nbsp;&nbsp;&nbsp;&nbsp;&nbsp;&nbsp;&nbsp; 589.749,00<\/td><\/tr><tr><td>Periquito<\/td><td class=\"has-text-align-center\" data-align=\"center\">&nbsp;R$&nbsp;&nbsp;&nbsp;&nbsp;&nbsp;&nbsp;&nbsp;&nbsp; 720.778,00<\/td><\/tr><tr><td>Santana do Para\u00edso<\/td><td class=\"has-text-align-center\" data-align=\"center\">&nbsp;R$&nbsp;&nbsp;&nbsp;&nbsp; 2.043.159,00<\/td><\/tr><tr><td>Tim\u00f3teo<\/td><td class=\"has-text-align-center\" data-align=\"center\">&nbsp;R$&nbsp;&nbsp;&nbsp;&nbsp; 1.902.568,00<\/td><\/tr><tr><td>Bom Jesus do Galho<\/td><td class=\"has-text-align-center\" data-align=\"center\">&nbsp;R$&nbsp;&nbsp;&nbsp;&nbsp; 1.023.541,00<\/td><\/tr><tr><td>Bugre<\/td><td class=\"has-text-align-center\" data-align=\"center\">&nbsp;R$&nbsp;&nbsp;&nbsp;&nbsp;&nbsp;&nbsp;&nbsp;&nbsp; 394.110,00<\/td><\/tr><tr><td>Caratinga<\/td><td class=\"has-text-align-center\" data-align=\"center\">&nbsp;R$&nbsp;&nbsp;&nbsp;&nbsp; 6.143.415,00<\/td><\/tr><tr><td>C\u00f3rrego Novo<\/td><td class=\"has-text-align-center\" data-align=\"center\">&nbsp;R$&nbsp;&nbsp;&nbsp;&nbsp;&nbsp;&nbsp;&nbsp;&nbsp; 349.413,00<\/td><\/tr><tr><td>Dom Cavati<\/td><td class=\"has-text-align-center\" data-align=\"center\">&nbsp;R$&nbsp;&nbsp;&nbsp;&nbsp;&nbsp;&nbsp;&nbsp;&nbsp; 381.324,00<\/td><\/tr><tr><td>Entre Folhas<\/td><td class=\"has-text-align-center\" data-align=\"center\">&nbsp;R$&nbsp;&nbsp;&nbsp;&nbsp;&nbsp;&nbsp;&nbsp;&nbsp; 400.781,00<\/td><\/tr><tr><td>Iapu<\/td><td class=\"has-text-align-center\" data-align=\"center\">&nbsp;R$&nbsp;&nbsp;&nbsp;&nbsp; 1.223.695,00<\/td><\/tr><tr><td>Imb\u00e9 de Minas<\/td><td class=\"has-text-align-center\" data-align=\"center\">&nbsp;R$&nbsp;&nbsp;&nbsp;&nbsp;&nbsp;&nbsp;&nbsp;&nbsp; 613.041,00<\/td><\/tr><tr><td>Inhapim<\/td><td class=\"has-text-align-center\" data-align=\"center\">&nbsp;R$&nbsp;&nbsp;&nbsp;&nbsp; 2.248.655,00<\/td><\/tr><tr><td>Ipaba<\/td><td class=\"has-text-align-center\" data-align=\"center\">&nbsp;R$&nbsp;&nbsp;&nbsp;&nbsp; 1.711.183,00<\/td><\/tr><tr><td>Piedade de Caratinga<\/td><td class=\"has-text-align-center\" data-align=\"center\">&nbsp;R$&nbsp;&nbsp;&nbsp;&nbsp;&nbsp;&nbsp;&nbsp;&nbsp; 971.321,00<\/td><\/tr><tr><td>Pingo-d&#8217;\u00c1gua<\/td><td class=\"has-text-align-center\" data-align=\"center\">&nbsp;R$&nbsp;&nbsp;&nbsp;&nbsp;&nbsp;&nbsp;&nbsp;&nbsp; 545.239,00<\/td><\/tr><tr><td>Santa B\u00e1rbara do Leste<\/td><td class=\"has-text-align-center\" data-align=\"center\">&nbsp;R$&nbsp;&nbsp;&nbsp;&nbsp;&nbsp;&nbsp;&nbsp;&nbsp; 604.990,00<\/td><\/tr><tr><td>Santa Rita de Minas<\/td><td class=\"has-text-align-center\" data-align=\"center\">&nbsp;R$&nbsp;&nbsp;&nbsp;&nbsp;&nbsp;&nbsp;&nbsp;&nbsp; 599.415,00<\/td><\/tr><tr><td>S\u00e3o Domingos das Dores<\/td><td class=\"has-text-align-center\" data-align=\"center\">&nbsp;R$&nbsp;&nbsp;&nbsp;&nbsp;&nbsp;&nbsp;&nbsp;&nbsp; 327.614,00<\/td><\/tr><tr><td>S\u00e3o Jo\u00e3o do Oriente<\/td><td class=\"has-text-align-center\" data-align=\"center\">&nbsp;R$&nbsp;&nbsp;&nbsp;&nbsp;&nbsp;&nbsp;&nbsp;&nbsp; 802.397,00<\/td><\/tr><tr><td>S\u00e3o Sebasti\u00e3o do Anta<\/td><td class=\"has-text-align-center\" data-align=\"center\">&nbsp;R$&nbsp;&nbsp;&nbsp;&nbsp;&nbsp;&nbsp;&nbsp;&nbsp; 467.352,00<\/td><\/tr><tr><td>Tarumirim<\/td><td class=\"has-text-align-center\" data-align=\"center\">&nbsp;R$&nbsp;&nbsp;&nbsp;&nbsp; 1.498.324,00<\/td><\/tr><tr><td>Ubaporanga<\/td><td class=\"has-text-align-center\" data-align=\"center\">&nbsp;R$&nbsp;&nbsp;&nbsp;&nbsp;&nbsp;&nbsp;&nbsp;&nbsp; 976.902,00<\/td><\/tr><tr><td>Vargem Alegre<\/td><td class=\"has-text-align-center\" data-align=\"center\">&nbsp;R$&nbsp;&nbsp;&nbsp;&nbsp;&nbsp;&nbsp;&nbsp;&nbsp; 648.250,00<\/td><\/tr><tr><td>Aimor\u00e9s<\/td><td class=\"has-text-align-center\" data-align=\"center\">&nbsp;R$&nbsp;&nbsp;&nbsp;&nbsp; 1.843.208,00<\/td><\/tr><tr><td>Alvarenga<\/td><td class=\"has-text-align-center\" data-align=\"center\">&nbsp;R$&nbsp;&nbsp;&nbsp;&nbsp;&nbsp;&nbsp;&nbsp;&nbsp; 401.266,00<\/td><\/tr><tr><td>Concei\u00e7\u00e3o de Ipanema<\/td><td class=\"has-text-align-center\" data-align=\"center\">&nbsp;R$&nbsp;&nbsp;&nbsp;&nbsp;&nbsp;&nbsp;&nbsp;&nbsp; 315.703,00<\/td><\/tr><tr><td>Conselheiro Pena<\/td><td class=\"has-text-align-center\" data-align=\"center\">&nbsp;R$&nbsp;&nbsp;&nbsp;&nbsp; 2.443.497,00<\/td><\/tr><tr><td>Cuparaque<\/td><td class=\"has-text-align-center\" data-align=\"center\">&nbsp;R$&nbsp;&nbsp;&nbsp;&nbsp;&nbsp;&nbsp;&nbsp;&nbsp; 505.633,00<\/td><\/tr><tr><td>Goiabeira<\/td><td class=\"has-text-align-center\" data-align=\"center\">&nbsp;R$&nbsp;&nbsp;&nbsp;&nbsp;&nbsp;&nbsp;&nbsp;&nbsp; 495.603,00<\/td><\/tr><tr><td>Ipanema<\/td><td class=\"has-text-align-center\" data-align=\"center\">&nbsp;R$&nbsp;&nbsp;&nbsp;&nbsp; 1.490.071,00<\/td><\/tr><tr><td>Itueta<\/td><td class=\"has-text-align-center\" data-align=\"center\">&nbsp;R$&nbsp;&nbsp;&nbsp;&nbsp;&nbsp;&nbsp;&nbsp;&nbsp; 392.588,00<\/td><\/tr><tr><td>Mutum<\/td><td class=\"has-text-align-center\" data-align=\"center\">&nbsp;R$&nbsp;&nbsp;&nbsp;&nbsp; 2.063.958,00<\/td><\/tr><tr><td>Pocrane<\/td><td class=\"has-text-align-center\" data-align=\"center\">&nbsp;R$&nbsp;&nbsp;&nbsp;&nbsp;&nbsp;&nbsp;&nbsp;&nbsp; 621.227,00<\/td><\/tr><tr><td>Resplendor<\/td><td class=\"has-text-align-center\" data-align=\"center\">&nbsp;R$&nbsp;&nbsp;&nbsp;&nbsp; 1.168.779,00<\/td><\/tr><tr><td>Santa Rita do Itueto<\/td><td class=\"has-text-align-center\" data-align=\"center\">&nbsp;R$&nbsp;&nbsp;&nbsp;&nbsp;&nbsp;&nbsp;&nbsp;&nbsp; 505.836,00<\/td><\/tr><tr><td>Taparuba<\/td><td class=\"has-text-align-center\" data-align=\"center\">&nbsp;R$&nbsp;&nbsp;&nbsp;&nbsp;&nbsp;&nbsp;&nbsp;&nbsp; 394.490,00<\/td><\/tr><tr><td><\/td><td class=\"has-text-align-center\" data-align=\"center\"><\/td><\/tr><tr><td><strong>TOTAL<\/strong><\/td><td class=\"has-text-align-center\" data-align=\"center\"><strong>\u00a0R$ 133.701.377,00<\/strong><\/td><\/tr><\/tbody><\/table><\/figure>\n\n\n\n<div class=\"wp-block-file\"><a href=\"https:\/\/aconteceunovale.com.br\/portal\/wp-content\/uploads\/2020\/07\/portaria1666_recursoscovid.pdf\">&#8211; Portaria n\u00ba 1.666, de 1\u00ba de julho de 2020<\/a><a href=\"https:\/\/aconteceunovale.com.br\/portal\/wp-content\/uploads\/2020\/07\/portaria1666_recursoscovid.pdf\" class=\"wp-block-file__button\" download>Visualizar<\/a><\/div>\n\n\n\n<p class=\"has-background has-very-light-gray-background-color\">Quer saber as not\u00edcias do <strong>Aconteceu no Vale<\/strong> em primeira m\u00e3o? Siga-nos no Facebook <a rel=\"noreferrer noopener\" href=\"http:\/\/facebook.com\/aconteceunovale\" target=\"_blank\">@aconteceunovale<\/a>, Twitter <a rel=\"noreferrer noopener\" href=\"https:\/\/twitter.com\/noticiadosvales\" target=\"_blank\">@noticiadosvales<\/a> e Instagram <a rel=\"noreferrer noopener\" href=\"https:\/\/www.instagram.com\/aconteceunovale\" target=\"_blank\">@aconteceunovale<\/a>.<\/p>\n","protected":false},"excerpt":{"rendered":"<p>O Governo do Brasil autorizou, na quinta-feira (2\/7\/2020), o repasse de quase R$ 134 milh\u00f5es para os 102 munic\u00edpios da regi\u00e3o Leste de Minas Gerais (Vales do A\u00e7o e Rio Doce). Segundo nota oficial, os recursos podem ser usados para melhoria da oferta dos servi\u00e7os hospitalares e de Aten\u00e7\u00e3o B\u00e1sica por meio da aquisi\u00e7\u00e3o de [&hellip;]<\/p>\n","protected":false},"author":1,"featured_media":162057,"comment_status":"open","ping_status":"closed","sticky":false,"template":"","format":"standard","meta":{"amp_status":"","footnotes":""},"categories":[121,40242],"tags":[971,130,273,274,275,1740,350,1101,276,1721,277,278,279,237,280,1671,281,2877,282,283,1524,4678,284,1018,285,286,1328,287,288,1731,289,290,291,292,293,294,247,155,1722,295,296,2234,1732,201,2146,188,297,298,1741,236,777,299,224770,1516,300,1742,301,302,1672,1723,1717,303,1724,1673,304,305,306,1670,307,308,1733,2147,224772,224774,224776,224771,224773,224775,309,310,311,312,240,313,314,2101,316,1674,317,318,1675,1734,162,319,320,321,322,323,324,325,326,328,4314,329,1105,330,331,1106,332,333],"class_list":["post-165132","post","type-post","status-publish","format-standard","has-post-thumbnail","hentry","category-leste","category-saude-2","tag-acucena","tag-agua-boa","tag-aimores","tag-alpercata","tag-alvarenga","tag-antonio-dias","tag-belo-oriente","tag-bom-jesus-do-galho","tag-braunas","tag-bugre","tag-campanario","tag-cantagalo","tag-capitao-andrade","tag-caratinga","tag-carmesia","tag-central-de-minas","tag-coluna","tag-conceicao-de-ipanema","tag-conselheiro-pena","tag-coroaci","tag-coronel-fabriciano","tag-corrego-novo","tag-cuparaque","tag-destaque","tag-divino-das-laranjeiras","tag-divinolandia-de-minas","tag-dom-cavati","tag-dores-de-guanhaes","tag-engenheiro-caldas","tag-entre-folhas","tag-fernandes-tourinho","tag-frei-inocencio","tag-frei-lagonegro","tag-galileia","tag-goiabeira","tag-gonzaga","tag-governador-valadares","tag-guanhaes","tag-iapu","tag-imbe-de-minas","tag-inhapim","tag-ipaba","tag-ipanema","tag-ipatinga","tag-itabirinha","tag-itambacuri","tag-itanhomi","tag-itueta","tag-jaguaracu","tag-jampruca","tag-joanesia","tag-jose-raydan","tag-leste-de-minas-gerais-recebera-quase-r-134-milhoes-para-a-area-da-saude","tag-mantena","tag-marilac","tag-marlieria","tag-materlandia","tag-mathias-lobato","tag-mendes-pimentel","tag-mesquita","tag-mutum","tag-nacip-raydan","tag-naque","tag-nova-belem","tag-nova-modica","tag-paulistas","tag-pecanha","tag-periquito","tag-pescador","tag-piedade-de-caratinga","tag-pingo-dagua","tag-pocrane","tag-recursos-coronavirus-no-leste-de-minas","tag-recursos-coronavirus-no-vale-do-aco","tag-recursos-coronavirus-no-vale-do-rio-doce","tag-recursos-para-saude-no-leste-de-minas","tag-recursos-para-saude-no-vale-do-aco","tag-recursos-para-saude-no-vale-do-rio-doce","tag-resplendor","tag-sabinopolis","tag-santa-barbara-do-leste","tag-santa-efigenia-de-minas","tag-santa-maria-do-suacui","tag-santa-rita-de-minas","tag-santa-rita-do-itueto","tag-santana-do-paraiso","tag-sao-domingos-das-dores","tag-sao-felix-de-minas","tag-sao-geraldo-da-piedade","tag-sao-geraldo-do-baixio","tag-sao-joao-do-manteninha","tag-sao-joao-do-oriente","tag-sao-joao-evangelista","tag-sao-jose-da-safira","tag-sao-jose-do-divino","tag-sao-jose-do-jacuri","tag-sao-pedro-do-suacui","tag-sao-sebastiao-do-anta","tag-sao-sebastiao-do-maranhao","tag-sardoa","tag-senhora-do-porto","tag-sobralia","tag-taparuba","tag-tarumirim","tag-timoteo","tag-tumiritinga","tag-ubaporanga","tag-vargem-alegre","tag-virginopolis","tag-virgolandia"],"_links":{"self":[{"href":"https:\/\/aconteceunovale.com.br\/portal\/index.php?rest_route=\/wp\/v2\/posts\/165132","targetHints":{"allow":["GET"]}}],"collection":[{"href":"https:\/\/aconteceunovale.com.br\/portal\/index.php?rest_route=\/wp\/v2\/posts"}],"about":[{"href":"https:\/\/aconteceunovale.com.br\/portal\/index.php?rest_route=\/wp\/v2\/types\/post"}],"author":[{"embeddable":true,"href":"https:\/\/aconteceunovale.com.br\/portal\/index.php?rest_route=\/wp\/v2\/users\/1"}],"replies":[{"embeddable":true,"href":"https:\/\/aconteceunovale.com.br\/portal\/index.php?rest_route=%2Fwp%2Fv2%2Fcomments&post=165132"}],"version-history":[{"count":1,"href":"https:\/\/aconteceunovale.com.br\/portal\/index.php?rest_route=\/wp\/v2\/posts\/165132\/revisions"}],"predecessor-version":[{"id":165133,"href":"https:\/\/aconteceunovale.com.br\/portal\/index.php?rest_route=\/wp\/v2\/posts\/165132\/revisions\/165133"}],"wp:featuredmedia":[{"embeddable":true,"href":"https:\/\/aconteceunovale.com.br\/portal\/index.php?rest_route=\/wp\/v2\/media\/162057"}],"wp:attachment":[{"href":"https:\/\/aconteceunovale.com.br\/portal\/index.php?rest_route=%2Fwp%2Fv2%2Fmedia&parent=165132"}],"wp:term":[{"taxonomy":"category","embeddable":true,"href":"https:\/\/aconteceunovale.com.br\/portal\/index.php?rest_route=%2Fwp%2Fv2%2Fcategories&post=165132"},{"taxonomy":"post_tag","embeddable":true,"href":"https:\/\/aconteceunovale.com.br\/portal\/index.php?rest_route=%2Fwp%2Fv2%2Ftags&post=165132"}],"curies":[{"name":"wp","href":"https:\/\/api.w.org\/{rel}","templated":true}]}}