{"id":165126,"date":"2020-07-04T17:31:52","date_gmt":"2020-07-04T20:31:52","guid":{"rendered":"https:\/\/aconteceunovale.com.br\/portal\/?p=165126"},"modified":"2020-07-04T17:32:14","modified_gmt":"2020-07-04T20:32:14","slug":"governo-federal-destina-mais-de-r-125-milhoes-para-reforcar-a-saude-publica-nos-vales-do-jequitinhonha-e-mucuri","status":"publish","type":"post","link":"https:\/\/aconteceunovale.com.br\/portal\/?p=165126","title":{"rendered":"Governo Federal destina mais de R$ 125 milh\u00f5es para refor\u00e7ar a sa\u00fade p\u00fablica nos vales do Jequitinhonha e Mucuri"},"content":{"rendered":"\n<p>O Governo do Brasil autorizou, na quinta-feira (2\/7\/2020), o repasse de mais R$ 125 milh\u00f5es para os 74 munic\u00edpios dos vales do Jequitinhonha e Mucuri. Segundo nota oficial, os recursos podem ser usados para melhoria da oferta dos servi\u00e7os hospitalares e de Aten\u00e7\u00e3o B\u00e1sica por meio da aquisi\u00e7\u00e3o de insumos e produtos, custeio de interven\u00e7\u00f5es m\u00e9dicas, contrata\u00e7\u00e3o de profissionais de sa\u00fade, entre outras benfeitorias na rede p\u00fablica de sa\u00fade, com foco na assist\u00eancia ao cidad\u00e3o.<\/p>\n\n\n\n<p>Segundo o Governo, para definir o valor a ser destinado para cada munic\u00edpio, o Minist\u00e9rio da Sa\u00fade considerou o tamanho da popula\u00e7\u00e3o e a m\u00e9dia de recursos transferidos para aten\u00e7\u00e3o hospitalar e aten\u00e7\u00e3o b\u00e1sica no ano passado.<\/p>\n\n\n\n<p>Ao todo, conforme a <a href=\"http:\/\/www.in.gov.br\/en\/web\/dou\/-\/portaria-n-1.666-de-1-de-julho-de-2020-264505695\" target=\"_blank\" rel=\"noreferrer noopener\">portaria n\u00ba 1.666<\/a>, publicada em 1\u00ba de julho de 2020, foram destinados 13.800.000.000,00 (treze bilh\u00f5es e oitocentos milh\u00f5es de reais) a estados e munic\u00edpios do Brasil. O Governo Federal enfatizou que esse \u00e9 o maior repasse j\u00e1 liberado em uma \u00fanica fase e tem como objetivo refor\u00e7ar o Sistema \u00danico de Sa\u00fade (SUS) para garantir o cuidado \u00e0 sa\u00fade de todos os brasileiros no enfrentamento \u00e0 Covid-19 (doen\u00e7a causada pelo Novo Coronav\u00edrus).<\/p>\n\n\n\n<h2 class=\"wp-block-heading\"><strong>Confira o valor destinado para cada munic\u00edpio do Vale do Jequitinhonha:<\/strong><\/h2>\n\n\n\n<figure class=\"wp-block-table\"><table><tbody><tr><td><strong>Munic\u00edpio<\/strong><\/td><td class=\"has-text-align-center\" data-align=\"center\">\u00a0<strong>Valor<\/strong>\u00a0<\/td><\/tr><tr><td>Couto de Magalh\u00e3es de Minas<\/td><td class=\"has-text-align-center\" data-align=\"center\">&nbsp;R$&nbsp;&nbsp;&nbsp;&nbsp;&nbsp; 393.784,00<\/td><\/tr><tr><td>Datas<\/td><td class=\"has-text-align-center\" data-align=\"center\">&nbsp;R$&nbsp;&nbsp;&nbsp;&nbsp;&nbsp; 432.376,00<\/td><\/tr><tr><td>Diamantina<\/td><td class=\"has-text-align-center\" data-align=\"center\">&nbsp;R$ 12.503.070,00<\/td><\/tr><tr><td>Fel\u00edcio dos Santos<\/td><td class=\"has-text-align-center\" data-align=\"center\">&nbsp;R$&nbsp;&nbsp;&nbsp;&nbsp;&nbsp; 589.454,00<\/td><\/tr><tr><td>Gouveia<\/td><td class=\"has-text-align-center\" data-align=\"center\">&nbsp;R$&nbsp;&nbsp; 1.110.046,00<\/td><\/tr><tr><td>Presidente Kubitschek<\/td><td class=\"has-text-align-center\" data-align=\"center\">&nbsp;R$&nbsp;&nbsp;&nbsp;&nbsp;&nbsp; 176.248,00<\/td><\/tr><tr><td>S\u00e3o Gon\u00e7alo do Rio Preto<\/td><td class=\"has-text-align-center\" data-align=\"center\">&nbsp;R$&nbsp;&nbsp;&nbsp;&nbsp;&nbsp; 389.102,00<\/td><\/tr><tr><td>Senador Modestino Gon\u00e7alves<\/td><td class=\"has-text-align-center\" data-align=\"center\">&nbsp;R$&nbsp;&nbsp;&nbsp;&nbsp;&nbsp; 421.739,00<\/td><\/tr><tr><td>Angel\u00e2ndia<\/td><td class=\"has-text-align-center\" data-align=\"center\">&nbsp;R$&nbsp;&nbsp;&nbsp;&nbsp;&nbsp; 956.654,00<\/td><\/tr><tr><td>Aricanduva<\/td><td class=\"has-text-align-center\" data-align=\"center\">&nbsp;R$&nbsp;&nbsp;&nbsp;&nbsp;&nbsp; 428.166,00<\/td><\/tr><tr><td>Berilo<\/td><td class=\"has-text-align-center\" data-align=\"center\">&nbsp;R$&nbsp;&nbsp; 1.208.465,00<\/td><\/tr><tr><td>Capelinha<\/td><td class=\"has-text-align-center\" data-align=\"center\">&nbsp;R$&nbsp;&nbsp; 2.192.874,00<\/td><\/tr><tr><td>Carbonita<\/td><td class=\"has-text-align-center\" data-align=\"center\">&nbsp;R$&nbsp;&nbsp;&nbsp;&nbsp;&nbsp; 779.224,00<\/td><\/tr><tr><td>Chapada do Norte<\/td><td class=\"has-text-align-center\" data-align=\"center\">&nbsp;R$&nbsp;&nbsp; 1.551.196,00<\/td><\/tr><tr><td>Francisco Badar\u00f3<\/td><td class=\"has-text-align-center\" data-align=\"center\">&nbsp;R$&nbsp;&nbsp;&nbsp;&nbsp;&nbsp; 939.826,00<\/td><\/tr><tr><td>Itamarandiba<\/td><td class=\"has-text-align-center\" data-align=\"center\">&nbsp;R$&nbsp;&nbsp; 2.444.911,00<\/td><\/tr><tr><td>Jenipapo de Minas<\/td><td class=\"has-text-align-center\" data-align=\"center\">&nbsp;R$&nbsp;&nbsp;&nbsp;&nbsp;&nbsp; 527.201,00<\/td><\/tr><tr><td>Jos\u00e9 Gon\u00e7alves de Minas<\/td><td class=\"has-text-align-center\" data-align=\"center\">&nbsp;R$&nbsp;&nbsp;&nbsp;&nbsp;&nbsp; 480.355,00<\/td><\/tr><tr><td>Leme do Prado<\/td><td class=\"has-text-align-center\" data-align=\"center\">&nbsp;R$&nbsp;&nbsp;&nbsp;&nbsp;&nbsp; 556.563,00<\/td><\/tr><tr><td>Minas Novas<\/td><td class=\"has-text-align-center\" data-align=\"center\">&nbsp;R$&nbsp;&nbsp; 1.977.458,00<\/td><\/tr><tr><td>Turmalina<\/td><td class=\"has-text-align-center\" data-align=\"center\">&nbsp;R$&nbsp;&nbsp; 1.755.273,00<\/td><\/tr><tr><td>Veredinha<\/td><td class=\"has-text-align-center\" data-align=\"center\">&nbsp;R$&nbsp;&nbsp;&nbsp;&nbsp;&nbsp; 665.836,00<\/td><\/tr><tr><td>Ara\u00e7ua\u00ed<\/td><td class=\"has-text-align-center\" data-align=\"center\">&nbsp;R$&nbsp;&nbsp; 3.957.458,00<\/td><\/tr><tr><td>Cara\u00ed<\/td><td class=\"has-text-align-center\" data-align=\"center\">&nbsp;R$&nbsp;&nbsp; 1.978.443,00<\/td><\/tr><tr><td>Coronel Murta<\/td><td class=\"has-text-align-center\" data-align=\"center\">&nbsp;R$&nbsp;&nbsp;&nbsp;&nbsp;&nbsp; 833.141,00<\/td><\/tr><tr><td>Itinga<\/td><td class=\"has-text-align-center\" data-align=\"center\">&nbsp;R$&nbsp;&nbsp; 1.284.187,00<\/td><\/tr><tr><td>Novo Cruzeiro<\/td><td class=\"has-text-align-center\" data-align=\"center\">&nbsp;R$&nbsp;&nbsp; 2.361.673,00<\/td><\/tr><tr><td>Padre Para\u00edso<\/td><td class=\"has-text-align-center\" data-align=\"center\">&nbsp;R$&nbsp;&nbsp; 2.611.985,00<\/td><\/tr><tr><td>Ponto dos Volantes<\/td><td class=\"has-text-align-center\" data-align=\"center\">&nbsp;R$&nbsp;&nbsp; 1.312.636,00<\/td><\/tr><tr><td>Virgem da Lapa<\/td><td class=\"has-text-align-center\" data-align=\"center\">&nbsp;R$&nbsp;&nbsp; 1.348.787,00<\/td><\/tr><tr><td>Cachoeira de Paje\u00fa<\/td><td class=\"has-text-align-center\" data-align=\"center\">&nbsp;R$&nbsp;&nbsp;&nbsp;&nbsp;&nbsp; 910.401,00<\/td><\/tr><tr><td>Comercinho<\/td><td class=\"has-text-align-center\" data-align=\"center\">&nbsp;R$&nbsp;&nbsp;&nbsp;&nbsp;&nbsp; 782.464,00<\/td><\/tr><tr><td>Itaobim<\/td><td class=\"has-text-align-center\" data-align=\"center\">&nbsp;R$&nbsp;&nbsp; 3.417.923,00<\/td><\/tr><tr><td>Medina<\/td><td class=\"has-text-align-center\" data-align=\"center\">&nbsp;R$&nbsp;&nbsp; 3.047.483,00<\/td><\/tr><tr><td>Pedra Azul<\/td><td class=\"has-text-align-center\" data-align=\"center\">&nbsp;R$&nbsp;&nbsp; 2.620.568,00<\/td><\/tr><tr><td>Almenara<\/td><td class=\"has-text-align-center\" data-align=\"center\">&nbsp;R$&nbsp;&nbsp; 4.446.587,00<\/td><\/tr><tr><td>Bandeira<\/td><td class=\"has-text-align-center\" data-align=\"center\">&nbsp;R$&nbsp;&nbsp;&nbsp;&nbsp;&nbsp; 478.715,00<\/td><\/tr><tr><td>Divis\u00f3polis<\/td><td class=\"has-text-align-center\" data-align=\"center\">&nbsp;R$&nbsp;&nbsp;&nbsp;&nbsp;&nbsp; 768.496,00<\/td><\/tr><tr><td>Felisburgo<\/td><td class=\"has-text-align-center\" data-align=\"center\">&nbsp;R$&nbsp;&nbsp; 1.126.776,00<\/td><\/tr><tr><td>Jacinto<\/td><td class=\"has-text-align-center\" data-align=\"center\">&nbsp;R$&nbsp;&nbsp; 2.362.591,00<\/td><\/tr><tr><td>Jequitinhonha<\/td><td class=\"has-text-align-center\" data-align=\"center\">&nbsp;R$&nbsp;&nbsp; 2.932.378,00<\/td><\/tr><tr><td>Joa\u00edma<\/td><td class=\"has-text-align-center\" data-align=\"center\">&nbsp;R$&nbsp;&nbsp; 1.642.515,00<\/td><\/tr><tr><td>Jord\u00e2nia<\/td><td class=\"has-text-align-center\" data-align=\"center\">&nbsp;R$&nbsp;&nbsp; 1.176.481,00<\/td><\/tr><tr><td>Mata Verde<\/td><td class=\"has-text-align-center\" data-align=\"center\">&nbsp;R$&nbsp;&nbsp;&nbsp;&nbsp;&nbsp; 671.424,00<\/td><\/tr><tr><td>Monte Formoso<\/td><td class=\"has-text-align-center\" data-align=\"center\">&nbsp;R$&nbsp;&nbsp;&nbsp;&nbsp;&nbsp; 264.054,00<\/td><\/tr><tr><td>Palm\u00f3polis<\/td><td class=\"has-text-align-center\" data-align=\"center\">&nbsp;R$&nbsp;&nbsp;&nbsp;&nbsp;&nbsp; 798.281,00<\/td><\/tr><tr><td>Rio do Prado<\/td><td class=\"has-text-align-center\" data-align=\"center\">&nbsp;R$&nbsp;&nbsp;&nbsp;&nbsp;&nbsp; 584.083,00<\/td><\/tr><tr><td>Rubim<\/td><td class=\"has-text-align-center\" data-align=\"center\">&nbsp;R$&nbsp;&nbsp; 1.206.282,00<\/td><\/tr><tr><td>Salto da Divisa<\/td><td class=\"has-text-align-center\" data-align=\"center\">&nbsp;R$&nbsp;&nbsp;&nbsp;&nbsp;&nbsp; 632.954,00<\/td><\/tr><tr><td>Santa Maria do Salto<\/td><td class=\"has-text-align-center\" data-align=\"center\">&nbsp;R$&nbsp;&nbsp;&nbsp;&nbsp;&nbsp; 608.793,00<\/td><\/tr><tr><td>Santo Ant\u00f4nio do Jacinto<\/td><td class=\"has-text-align-center\" data-align=\"center\">&nbsp;R$&nbsp;&nbsp; 1.074.282,00<\/td><\/tr><tr><td><\/td><td class=\"has-text-align-center\" data-align=\"center\"><\/td><\/tr><tr><td><strong>TOTAL<\/strong><\/td><td class=\"has-text-align-center\" data-align=\"center\"><strong>\u00a0R$ 79.721.662,00<\/strong><\/td><\/tr><\/tbody><\/table><\/figure>\n\n\n\n<h2 class=\"wp-block-heading\"><strong>Confira o valor destinado para cada munic\u00edpio do Vale do Mucuri:<\/strong><\/h2>\n\n\n\n<figure class=\"wp-block-table\"><table><tbody><tr><td><strong>Munic\u00edpio<\/strong><\/td><td class=\"has-text-align-center\" data-align=\"center\">\u00a0<strong>Valor<\/strong>\u00a0<\/td><\/tr><tr><td>Atal\u00e9ia<\/td><td class=\"has-text-align-center\" data-align=\"center\">&nbsp;R$&nbsp;&nbsp; 1.286.448,00<\/td><\/tr><tr><td>Catuji<\/td><td class=\"has-text-align-center\" data-align=\"center\">&nbsp;R$&nbsp;&nbsp;&nbsp;&nbsp;&nbsp; 631.372,00<\/td><\/tr><tr><td>Francisc\u00f3polis<\/td><td class=\"has-text-align-center\" data-align=\"center\">&nbsp;R$&nbsp;&nbsp;&nbsp;&nbsp;&nbsp; 623.168,00<\/td><\/tr><tr><td>Frei Gaspar<\/td><td class=\"has-text-align-center\" data-align=\"center\">&nbsp;R$&nbsp;&nbsp;&nbsp;&nbsp;&nbsp; 640.905,00<\/td><\/tr><tr><td>Itaip\u00e9<\/td><td class=\"has-text-align-center\" data-align=\"center\">&nbsp;R$&nbsp;&nbsp; 1.217.374,00<\/td><\/tr><tr><td>Ladainha<\/td><td class=\"has-text-align-center\" data-align=\"center\">&nbsp;R$&nbsp;&nbsp; 1.665.935,00<\/td><\/tr><tr><td>Malacacheta<\/td><td class=\"has-text-align-center\" data-align=\"center\">&nbsp;R$&nbsp;&nbsp; 2.332.569,00<\/td><\/tr><tr><td>Novo Oriente de Minas<\/td><td class=\"has-text-align-center\" data-align=\"center\">&nbsp;R$&nbsp;&nbsp;&nbsp;&nbsp;&nbsp; 857.485,00<\/td><\/tr><tr><td>Ouro Verde de Minas<\/td><td class=\"has-text-align-center\" data-align=\"center\">&nbsp;R$&nbsp;&nbsp;&nbsp;&nbsp;&nbsp; 618.677,00<\/td><\/tr><tr><td>Pav\u00e3o<\/td><td class=\"has-text-align-center\" data-align=\"center\">&nbsp;R$&nbsp;&nbsp;&nbsp;&nbsp;&nbsp; 699.827,00<\/td><\/tr><tr><td>Pot\u00e9<\/td><td class=\"has-text-align-center\" data-align=\"center\">&nbsp;R$&nbsp;&nbsp; 1.613.703,00<\/td><\/tr><tr><td>Setubinha<\/td><td class=\"has-text-align-center\" data-align=\"center\">&nbsp;R$&nbsp;&nbsp;&nbsp;&nbsp;&nbsp; 997.862,00<\/td><\/tr><tr><td>Te\u00f3filo Otoni<\/td><td class=\"has-text-align-center\" data-align=\"center\">&nbsp;R$ 21.157.376,00<\/td><\/tr><tr><td>\u00c1guas Formosas<\/td><td class=\"has-text-align-center\" data-align=\"center\">&nbsp;R$&nbsp;&nbsp; 2.495.599,00<\/td><\/tr><tr><td>Bert\u00f3polis<\/td><td class=\"has-text-align-center\" data-align=\"center\">&nbsp;R$&nbsp;&nbsp;&nbsp;&nbsp;&nbsp; 433.001,00<\/td><\/tr><tr><td>Carlos Chagas<\/td><td class=\"has-text-align-center\" data-align=\"center\">&nbsp;R$&nbsp;&nbsp; 2.267.158,00<\/td><\/tr><tr><td>Cris\u00f3lita<\/td><td class=\"has-text-align-center\" data-align=\"center\">&nbsp;R$&nbsp;&nbsp;&nbsp;&nbsp;&nbsp; 504.235,00<\/td><\/tr><tr><td>Fronteira dos Vales<\/td><td class=\"has-text-align-center\" data-align=\"center\">&nbsp;R$&nbsp;&nbsp;&nbsp;&nbsp;&nbsp; 470.298,00<\/td><\/tr><tr><td>Machacalis<\/td><td class=\"has-text-align-center\" data-align=\"center\">&nbsp;R$&nbsp;&nbsp;&nbsp;&nbsp;&nbsp; 993.280,00<\/td><\/tr><tr><td>Nanuque<\/td><td class=\"has-text-align-center\" data-align=\"center\">&nbsp;R$&nbsp;&nbsp; 2.630.985,00<\/td><\/tr><tr><td>Santa Helena de Minas<\/td><td class=\"has-text-align-center\" data-align=\"center\">&nbsp;R$&nbsp;&nbsp;&nbsp;&nbsp;&nbsp; 610.500,00<\/td><\/tr><tr><td>Serra dos Aimor\u00e9s<\/td><td class=\"has-text-align-center\" data-align=\"center\">&nbsp;R$&nbsp;&nbsp;&nbsp;&nbsp;&nbsp; 712.835,00<\/td><\/tr><tr><td>Umburatiba<\/td><td class=\"has-text-align-center\" data-align=\"center\">&nbsp;R$&nbsp;&nbsp;&nbsp;&nbsp;&nbsp; 240.225,00<\/td><\/tr><tr><td><\/td><td class=\"has-text-align-center\" data-align=\"center\"><\/td><\/tr><tr><td><strong>TOTAL<\/strong><\/td><td class=\"has-text-align-center\" data-align=\"center\"><strong>\u00a0R$ 45.700.817,00<\/strong><\/td><\/tr><\/tbody><\/table><\/figure>\n\n\n\n<div class=\"wp-block-file\"><a href=\"https:\/\/aconteceunovale.com.br\/portal\/wp-content\/uploads\/2020\/07\/portaria1666_recursoscovid.pdf\">&#8211; Portaria n\u00ba 1.666, de 1\u00ba de julho de 2020<\/a><a href=\"https:\/\/aconteceunovale.com.br\/portal\/wp-content\/uploads\/2020\/07\/portaria1666_recursoscovid.pdf\" class=\"wp-block-file__button\" download>Visualizar<\/a><\/div>\n\n\n\n<p class=\"has-background has-very-light-gray-background-color\">Quer saber as not\u00edcias do <strong>Aconteceu no Vale<\/strong> em primeira m\u00e3o? Siga-nos no Facebook <a rel=\"noreferrer noopener\" href=\"http:\/\/facebook.com\/aconteceunovale\" target=\"_blank\">@aconteceunovale<\/a>, Twitter <a rel=\"noreferrer noopener\" href=\"https:\/\/twitter.com\/noticiadosvales\" target=\"_blank\">@noticiadosvales<\/a> e Instagram <a rel=\"noreferrer noopener\" href=\"https:\/\/www.instagram.com\/aconteceunovale\" target=\"_blank\">@aconteceunovale<\/a>.<\/p>\n","protected":false},"excerpt":{"rendered":"<p>O Governo do Brasil autorizou, na quinta-feira (2\/7\/2020), o repasse de mais R$ 125 milh\u00f5es para os 74 munic\u00edpios dos vales do Jequitinhonha e Mucuri. Segundo nota oficial, os recursos podem ser usados para melhoria da oferta dos servi\u00e7os hospitalares e de Aten\u00e7\u00e3o B\u00e1sica por meio da aquisi\u00e7\u00e3o de insumos e produtos, custeio de interven\u00e7\u00f5es [&hellip;]<\/p>\n","protected":false},"author":1,"featured_media":153854,"comment_status":"open","ping_status":"closed","sticky":false,"template":"","format":"standard","meta":{"amp_status":"","footnotes":""},"categories":[40242,120],"tags":[1536,142,657,186,551,183,353,841,1798,5258,132,490,557,1175,660,481,426,483,4115,2453,3279,1018,198,354,879,136,187,1089,3136,510,2998,224763,191,149,391,189,408,1218,34252,611,475,917,344,480,2236,226,355,389,137,410,252,175,3138,1806,572,411,447,455,444,3139,5660,224766,224767,224764,224765,3928,407,409,990,699,674,783,439,2793,168,164,178,1812,916,482],"class_list":["post-165126","post","type-post","status-publish","format-standard","has-post-thumbnail","hentry","category-saude-2","category-jequi","tag-aguas-formosas","tag-almenara","tag-angelandia","tag-aracuai","tag-aricanduva","tag-ataleia","tag-bandeira","tag-berilo","tag-bertopolis","tag-cachoeira-de-pajeu","tag-capelinha","tag-carai","tag-carbonita","tag-carlos-chagas","tag-catuji","tag-chapada-do-norte","tag-comercinho","tag-coronel-murta","tag-couto-de-magalhaes-de-minas","tag-crisolita","tag-datas","tag-destaque","tag-diamantina","tag-divisopolis","tag-felicio-dos-santos","tag-felisburgo","tag-francisco-badaro","tag-franciscopolis","tag-frei-gaspar","tag-fronteira-dos-vales","tag-gouveia","tag-governo-federal-destina-mais-de-r-125-milhoes-para-reforcar-a-saude-publica-nos-vales-do-jequitinhonha-e-mucuri","tag-itaipe","tag-itamarandiba","tag-itaobim","tag-itinga","tag-jacinto","tag-jenipapo-de-minas","tag-jequitinhonha","tag-joaima","tag-jordania","tag-jose-goncalves-de-minas","tag-ladainha","tag-leme-do-prado","tag-machacalis","tag-malacacheta","tag-mata-verde","tag-medina","tag-minas-novas","tag-monte-formoso","tag-nanuque","tag-novo-cruzeiro","tag-novo-oriente-de-minas","tag-ouro-verde-de-minas","tag-padre-paraiso","tag-palmopolis","tag-pavao","tag-pedra-azul","tag-ponto-dos-volantes","tag-pote","tag-presidente-kubitschek","tag-recursos-coronavirus-vale-do-jequitinhonha","tag-recursos-coronavirus-vale-do-mucuri","tag-recursos-para-saude-no-vale-do-jequitinhonha","tag-recursos-para-saude-no-vale-do-mucuri","tag-rio-do-prado","tag-rubim","tag-salto-da-divisa","tag-santa-helena-de-minas","tag-santa-maria-do-salto","tag-santo-antonio-do-jacinto","tag-sao-goncalo-do-rio-preto","tag-senador-modestino-goncalves","tag-serra-dos-aimores","tag-setubinha","tag-teofilo-otoni","tag-turmalina","tag-umburatiba","tag-veredinha","tag-virgem-da-lapa"],"_links":{"self":[{"href":"https:\/\/aconteceunovale.com.br\/portal\/index.php?rest_route=\/wp\/v2\/posts\/165126","targetHints":{"allow":["GET"]}}],"collection":[{"href":"https:\/\/aconteceunovale.com.br\/portal\/index.php?rest_route=\/wp\/v2\/posts"}],"about":[{"href":"https:\/\/aconteceunovale.com.br\/portal\/index.php?rest_route=\/wp\/v2\/types\/post"}],"author":[{"embeddable":true,"href":"https:\/\/aconteceunovale.com.br\/portal\/index.php?rest_route=\/wp\/v2\/users\/1"}],"replies":[{"embeddable":true,"href":"https:\/\/aconteceunovale.com.br\/portal\/index.php?rest_route=%2Fwp%2Fv2%2Fcomments&post=165126"}],"version-history":[{"count":1,"href":"https:\/\/aconteceunovale.com.br\/portal\/index.php?rest_route=\/wp\/v2\/posts\/165126\/revisions"}],"predecessor-version":[{"id":165128,"href":"https:\/\/aconteceunovale.com.br\/portal\/index.php?rest_route=\/wp\/v2\/posts\/165126\/revisions\/165128"}],"wp:featuredmedia":[{"embeddable":true,"href":"https:\/\/aconteceunovale.com.br\/portal\/index.php?rest_route=\/wp\/v2\/media\/153854"}],"wp:attachment":[{"href":"https:\/\/aconteceunovale.com.br\/portal\/index.php?rest_route=%2Fwp%2Fv2%2Fmedia&parent=165126"}],"wp:term":[{"taxonomy":"category","embeddable":true,"href":"https:\/\/aconteceunovale.com.br\/portal\/index.php?rest_route=%2Fwp%2Fv2%2Fcategories&post=165126"},{"taxonomy":"post_tag","embeddable":true,"href":"https:\/\/aconteceunovale.com.br\/portal\/index.php?rest_route=%2Fwp%2Fv2%2Ftags&post=165126"}],"curies":[{"name":"wp","href":"https:\/\/api.w.org\/{rel}","templated":true}]}}