{"id":165103,"date":"2020-07-03T16:09:19","date_gmt":"2020-07-03T19:09:19","guid":{"rendered":"https:\/\/aconteceunovale.com.br\/portal\/?p=165103"},"modified":"2020-07-03T16:11:48","modified_gmt":"2020-07-03T19:11:48","slug":"capelinha-registra-mais-dois-casos-de-coronavirus","status":"publish","type":"post","link":"https:\/\/aconteceunovale.com.br\/portal\/?p=165103","title":{"rendered":"Capelinha registra mais dois casos de Coronav\u00edrus"},"content":{"rendered":"\n<p>A Prefeitura de Capelinha (MG) confirmou, na tarde desta sexta-feira (3\/7\/2020), dois novos casos de Covid-19. Trata-se de uma mulher, de 33 anos, e de um homem, de 80, que residem no munic\u00edpio e n\u00e3o possuem hist\u00f3rico de viagens nos 15 dias antecedentes aos primeiros sintomas.<\/p>\n\n\n\n<p>Com esses dois novos registros, subiu para 9 (nove) o n\u00famero pessoas atingidas pelo coronav\u00edrus no munic\u00edpio. Cinco pacientes se recuperaram da doen\u00e7a, tr\u00eas permanecem em isolamento domiciliar e um est\u00e1 internado.<\/p>\n\n\n\n<p><strong>Leia nota da prefeitura:<\/strong><\/p>\n\n\n\n<figure class=\"wp-block-image size-large\"><img decoding=\"async\" src=\"https:\/\/aconteceu.info\/boletins\/corona_cap_3julho_1.jpg\" alt=\"\"\/><\/figure>\n\n\n\n<p class=\"has-background has-very-light-gray-background-color\">Quer saber as not\u00edcias do <strong>Aconteceu no Vale<\/strong> em primeira m\u00e3o? Siga-nos no Facebook <a rel=\"noreferrer noopener\" href=\"http:\/\/facebook.com\/aconteceunovale\" target=\"_blank\">@aconteceunovale<\/a>, Twitter <a rel=\"noreferrer noopener\" href=\"https:\/\/twitter.com\/noticiadosvales\" target=\"_blank\">@noticiadosvales<\/a> e Instagram <a rel=\"noreferrer noopener\" href=\"https:\/\/www.instagram.com\/aconteceunovale\" target=\"_blank\">@aconteceunovale<\/a>.<\/p>\n","protected":false},"excerpt":{"rendered":"<p>A Prefeitura de Capelinha (MG) confirmou, na tarde desta sexta-feira (3\/7\/2020), dois novos casos de Covid-19. Trata-se de uma mulher, de 33 anos, e de um homem, de 80, que residem no munic\u00edpio e n\u00e3o possuem hist\u00f3rico de viagens nos 15 dias antecedentes aos primeiros sintomas. Com esses dois novos registros, subiu para 9 (nove) [&hellip;]<\/p>\n","protected":false},"author":1,"featured_media":159647,"comment_status":"open","ping_status":"closed","sticky":false,"template":"","format":"standard","meta":{"amp_status":"","footnotes":""},"categories":[40242,120],"tags":[132,224754,218007,221398,224309,223916,223915,224224,218179,218765,1018,224739,224738,65998,224633,224348],"class_list":["post-165103","post","type-post","status-publish","format-standard","has-post-thumbnail","hentry","category-saude-2","category-jequi","tag-capelinha","tag-capelinha-registra-mais-dois-casos-de-coronavirus","tag-caso-de-coronavirus-em-capelinha","tag-caso-de-covid-19-em-capelinha","tag-confirmado-o-quarto-caso-de-covid-19-em-capelinha","tag-confirmado-o-segundo-caso-de-coronavirus-em-capelinha","tag-confirmado-o-segundo-caso-de-covid-19-em-capelinha","tag-confirmado-o-terceiro-caso-de-covid-19-em-capelinha","tag-coronavirus-em-capelinha","tag-covid-19-em-capelinha","tag-destaque","tag-funcionamento-do-comercio-de-capelinha","tag-novas-regras-para-o-comercio-de-capelinha-passam-a-valer-neste-sabado","tag-prefeitura-de-capelinha","tag-prefeitura-de-capelinha-confirma-dois-novos-casos-de-covid-19","tag-prefeitura-de-capelinha-confirma-quinto-caso-de-covid-19"],"_links":{"self":[{"href":"https:\/\/aconteceunovale.com.br\/portal\/index.php?rest_route=\/wp\/v2\/posts\/165103","targetHints":{"allow":["GET"]}}],"collection":[{"href":"https:\/\/aconteceunovale.com.br\/portal\/index.php?rest_route=\/wp\/v2\/posts"}],"about":[{"href":"https:\/\/aconteceunovale.com.br\/portal\/index.php?rest_route=\/wp\/v2\/types\/post"}],"author":[{"embeddable":true,"href":"https:\/\/aconteceunovale.com.br\/portal\/index.php?rest_route=\/wp\/v2\/users\/1"}],"replies":[{"embeddable":true,"href":"https:\/\/aconteceunovale.com.br\/portal\/index.php?rest_route=%2Fwp%2Fv2%2Fcomments&post=165103"}],"version-history":[{"count":1,"href":"https:\/\/aconteceunovale.com.br\/portal\/index.php?rest_route=\/wp\/v2\/posts\/165103\/revisions"}],"predecessor-version":[{"id":165104,"href":"https:\/\/aconteceunovale.com.br\/portal\/index.php?rest_route=\/wp\/v2\/posts\/165103\/revisions\/165104"}],"wp:featuredmedia":[{"embeddable":true,"href":"https:\/\/aconteceunovale.com.br\/portal\/index.php?rest_route=\/wp\/v2\/media\/159647"}],"wp:attachment":[{"href":"https:\/\/aconteceunovale.com.br\/portal\/index.php?rest_route=%2Fwp%2Fv2%2Fmedia&parent=165103"}],"wp:term":[{"taxonomy":"category","embeddable":true,"href":"https:\/\/aconteceunovale.com.br\/portal\/index.php?rest_route=%2Fwp%2Fv2%2Fcategories&post=165103"},{"taxonomy":"post_tag","embeddable":true,"href":"https:\/\/aconteceunovale.com.br\/portal\/index.php?rest_route=%2Fwp%2Fv2%2Ftags&post=165103"}],"curies":[{"name":"wp","href":"https:\/\/api.w.org\/{rel}","templated":true}]}}