{"id":165091,"date":"2020-07-03T11:44:26","date_gmt":"2020-07-03T14:44:26","guid":{"rendered":"https:\/\/aconteceunovale.com.br\/portal\/?p=165091"},"modified":"2020-07-03T11:44:44","modified_gmt":"2020-07-03T14:44:44","slug":"presidente-sanciona-lei-que-torna-obrigatorio-o-uso-de-mascara","status":"publish","type":"post","link":"https:\/\/aconteceunovale.com.br\/portal\/?p=165091","title":{"rendered":"Presidente sanciona lei que torna obrigat\u00f3rio o uso de m\u00e1scara"},"content":{"rendered":"\n<p>O presidente Jair Bolsonaro sancionou a lei que torna obrigat\u00f3rio o uso de m\u00e1scaras de prote\u00e7\u00e3o individual em espa\u00e7os p\u00fablicos e privados, mas acess\u00edveis ao p\u00fablico, durante a pandemia de covid-19. A\u00a0<a rel=\"noreferrer noopener\" href=\"http:\/\/pesquisa.in.gov.br\/imprensa\/jsp\/visualiza\/index.jsp?data=03\/07\/2020&amp;jornal=515&amp;pagina=2\" target=\"_blank\">Lei n\u00ba 14.019\/2020<\/a>\u00a0foi publicada hoje (3\/7\/2020) no\u00a0<em>Di\u00e1rio Oficial da Uni\u00e3o<\/em>\u00a0e diz que as m\u00e1scaras podem ser artesanais ou industriais.<\/p>\n\n\n\n<p>A obriga\u00e7\u00e3o, entretanto, n\u00e3o se aplica a \u00f3rg\u00e3os e entidades p\u00fablicos. Esse e outros dispositivos foram vetados pelo presidente, que justificou que a medida criaria obriga\u00e7\u00e3o ao Poder Executivo e despesa obrigat\u00f3ria sem a indica\u00e7\u00e3o da fonte dos recursos.<\/p>\n\n\n\n<p>Pelo texto publicado no&nbsp;<em>Di\u00e1rio Oficial<\/em>, a obrigatoriedade do uso da prote\u00e7\u00e3o facial engloba vias p\u00fablicas e transportes p\u00fablicos coletivos, como \u00f4nibus e metr\u00f4, bem como em t\u00e1xis e carros de aplicativos, \u00f4nibus, aeronaves ou embarca\u00e7\u00f5es de uso coletivo fretados.<\/p>\n\n\n\n<p>De acordo com a nova lei, as concession\u00e1rias e empresas de transporte p\u00fablico dever\u00e3o atuar com o poder p\u00fablico na fiscaliza\u00e7\u00e3o do cumprimento das normas, podendo inclusive vedar a entrada de passageiros sem m\u00e1scaras nos terminais e meios de transporte. O n\u00e3o uso do equipamento de prote\u00e7\u00e3o individual acarretar\u00e1 multa estabelecida pelos estados ou munic\u00edpios. Atualmente, diversas cidades j\u00e1 t\u00eam adotado o uso obrigat\u00f3rio de m\u00e1scaras, em leis de alcance local.<\/p>\n\n\n\n<p>Os \u00f3rg\u00e3os e entidades p\u00fablicos, concession\u00e1rias de servi\u00e7os p\u00fablicos, como transporte, e o setor privado de bens e servi\u00e7os dever\u00e3o adotar medidas de higieniza\u00e7\u00e3o em locais de circula\u00e7\u00e3o de pessoas e no interior de ve\u00edculos, disponibilizando produtos saneantes aos usu\u00e1rios, como \u00e1lcool em gel.<\/p>\n\n\n\n<p>O texto prev\u00ea que pessoas com transtorno do espectro autista, com defici\u00eancia intelectual, com defici\u00eancias sensoriais ou com quaisquer outras defici\u00eancias que as impe\u00e7am de fazer o uso adequado de m\u00e1scara de prote\u00e7\u00e3o facial estar\u00e3o dispensadas da obriga\u00e7\u00e3o do uso, assim como crian\u00e7as com menos de 3 anos. Para isso, eles devem portar declara\u00e7\u00e3o m\u00e9dica, que poder\u00e1 ser obtida por meio digital.<\/p>\n\n\n\n<figure class=\"wp-block-gallery columns-1 is-cropped wp-block-gallery-1 is-layout-flex wp-block-gallery-is-layout-flex\"><ul class=\"blocks-gallery-grid\"><li class=\"blocks-gallery-item\"><figure><img loading=\"lazy\" decoding=\"async\" width=\"678\" height=\"406\" src=\"https:\/\/aconteceunovale.com.br\/portal\/wp-content\/uploads\/2020\/07\/bolsonaro_mascara.jpg\" alt=\"\" data-id=\"165092\" data-full-url=\"https:\/\/aconteceunovale.com.br\/portal\/wp-content\/uploads\/2020\/07\/bolsonaro_mascara.jpg\" data-link=\"https:\/\/aconteceunovale.com.br\/portal\/?attachment_id=165092\" class=\"wp-image-165092\" srcset=\"https:\/\/aconteceunovale.com.br\/portal\/wp-content\/uploads\/2020\/07\/bolsonaro_mascara.jpg 678w, https:\/\/aconteceunovale.com.br\/portal\/wp-content\/uploads\/2020\/07\/bolsonaro_mascara-300x180.jpg 300w\" sizes=\"auto, (max-width: 678px) 100vw, 678px\" \/><figcaption class=\"blocks-gallery-item__caption\"><em>Foto: Marcello Casal Jr \/ Ag\u00eancia Brasil<\/em><\/figcaption><\/figure><\/li><\/ul><\/figure>\n\n\n\n<h2 class=\"wp-block-heading\">Vetos<\/h2>\n\n\n\n<p>O presidente Bolsonaro vetou ao todo 17 dispositivos do texto que foi aprovado no\u00a0Congresso\u00a0no dia 9 de junho, alegando, entre outras raz\u00f5es, que criariam obriga\u00e7\u00f5es a estados e munic\u00edpios, violando a autonomia dos entes federados, ou despesas obrigat\u00f3rias ao poder p\u00fablico sem indicar a fonte dos recursos e impacto or\u00e7ament\u00e1rio. As raz\u00f5es dos vetos, que tamb\u00e9m foram publicadas no\u00a0<a rel=\"noreferrer noopener\" href=\"http:\/\/pesquisa.in.gov.br\/imprensa\/jsp\/visualiza\/index.jsp?data=03\/07\/2020&amp;jornal=515&amp;pagina=4&amp;totalArquivos=140\" target=\"_blank\"><em>Di\u00e1rio Oficial da Uni\u00e3o<\/em><\/a>, ser\u00e3o agora analisadas pelos parlamentares.<\/p>\n\n\n\n<p>Um dos trechos vetados diz respeito ao uso obrigat\u00f3rio de m\u00e1scara em \u201cestabelecimentos comerciais e industriais, templos religiosos, estabelecimentos de ensino e demais locais fechados em que haja reuni\u00e3o de pessoas\u201d. Em mensagem ao Congresso, a Presid\u00eancia explicou que a express\u00e3o \u201cdemais locais fechados\u201d \u00e9 uma \u201cposs\u00edvel viola\u00e7\u00e3o de domic\u00edlio por abarcar conceito abrangente de locais n\u00e3o abertos ao p\u00fablico\u201d. Como n\u00e3o h\u00e1 possibilidade de vetar palavras ou trechos, o presidente vetou o dispositivo todo.<\/p>\n\n\n\n<p>Tamb\u00e9m foi vetada a proibi\u00e7\u00e3o da aplica\u00e7\u00e3o da multa pelo n\u00e3o uso da m\u00e1scara \u00e0 popula\u00e7\u00e3o economicamente vulner\u00e1vel. Para a Presid\u00eancia, ao prever tal exce\u00e7\u00e3o, mesmo sendo compreens\u00edvel as raz\u00f5es, \u201co dispositivo criava uma autoriza\u00e7\u00e3o para a n\u00e3o utiliza\u00e7\u00e3o do equipamento de prote\u00e7\u00e3o, sendo que todos s\u00e3o capazes de contrair e transmitir o v\u00edrus, independentemente de sua condi\u00e7\u00e3o social\u201d.<\/p>\n\n\n\n<p>A proposta aprovada pelo Parlamento tamb\u00e9m previa a obrigatoriedade do poder p\u00fablico de fornecer m\u00e1scaras \u00e0 popula\u00e7\u00e3o economicamente vulner\u00e1vel, por meio da rede Farm\u00e1cia Popular do Brasil. Al\u00e9m de criar despesa obrigat\u00f3rio, de acordo com a Presid\u00eancia, \u201ctal medida contrariava o interesse p\u00fablico em raz\u00e3o do referido equipamento de prote\u00e7\u00e3o individual n\u00e3o ter rela\u00e7\u00e3o com o Programa Farm\u00e1cia Popular do Brasil\u201d.<\/p>\n\n\n\n<h2 class=\"wp-block-heading\">Atendimento preferencial<\/h2>\n\n\n\n<p>Um dos artigos da nova lei garante ainda o atendimento preferencial em estabelecimentos de sa\u00fade aos profissionais de sa\u00fade e da seguran\u00e7a p\u00fablica diagnosticados com covid-19.<\/p>\n\n\n\n<p class=\"has-background has-very-light-gray-background-color\">Quer saber as not\u00edcias do <strong>Aconteceu no Vale<\/strong> em primeira m\u00e3o? Siga-nos no Facebook <a rel=\"noreferrer noopener\" href=\"http:\/\/facebook.com\/aconteceunovale\" target=\"_blank\">@aconteceunovale<\/a>, Twitter <a rel=\"noreferrer noopener\" href=\"https:\/\/twitter.com\/noticiadosvales\" target=\"_blank\">@noticiadosvales<\/a> e Instagram <a rel=\"noreferrer noopener\" href=\"https:\/\/www.instagram.com\/aconteceunovale\" target=\"_blank\">@aconteceunovale<\/a>.<\/p>\n","protected":false},"excerpt":{"rendered":"<p>O presidente Jair Bolsonaro sancionou a lei que torna obrigat\u00f3rio o uso de m\u00e1scaras de prote\u00e7\u00e3o individual em espa\u00e7os p\u00fablicos e privados, mas acess\u00edveis ao p\u00fablico, durante a pandemia de covid-19. A\u00a0Lei n\u00ba 14.019\/2020\u00a0foi publicada hoje (3\/7\/2020) no\u00a0Di\u00e1rio Oficial da Uni\u00e3o\u00a0e diz que as m\u00e1scaras podem ser artesanais ou industriais. A obriga\u00e7\u00e3o, entretanto, n\u00e3o se [&hellip;]<\/p>\n","protected":false},"author":1,"featured_media":159776,"comment_status":"open","ping_status":"closed","sticky":false,"template":"","format":"standard","meta":{"amp_status":"","footnotes":""},"categories":[6,40240],"tags":[100375,4785,220477,220660,219520,218049,218205,214884,215394,216498,218043,26436,224750,19326,220349,218044,218045,215653,218206,219105,219104,218876,219519,140166,217692,224747,220478,220479,224748,224749,220944,220945],"class_list":["post-165091","post","type-post","status-publish","format-standard","has-post-thumbnail","hentry","category-br","category-politica-2","tag-bolsonaro","tag-brasil","tag-brasil-bate-recorde-de-obitos-e-casos-confirmados-em-um-dia","tag-brasil-ultrapassa-marca-de-4-mil-obitos-por-covid-19","tag-casos-confirmados-e-obitos-no-brasil","tag-casos-de-coronavirus-no-brasil","tag-casos-de-covid-19-no-brasil","tag-coronavirus","tag-coronavirus-no-brasil","tag-covid-19","tag-covid-19-no-brasil","tag-jair-bolsonaro","tag-lei-que-torna-obrigatorio-o-uso-de-mascara","tag-ministerio-da-saude","tag-ministerio-da-saude-atualiza-numeros-do-coronavirus-no-brasil","tag-mortes-por-coronavirus-no-brasil","tag-mortes-por-covid-19-no-brasil","tag-novo-coronavirus","tag-numero-de-casos-de-covid-19-confirmados-no-brasil","tag-numeros-da-covid-19-no-brasil","tag-numeros-do-coronavirus-no-brasil","tag-obitos-por-coronavirus-no-brasil","tag-obitos-por-covid-19-no-brasil","tag-pandemia","tag-pandemia-de-coronavirus","tag-presidente-sanciona-lei-que-torna-obrigatorio-o-uso-de-mascara","tag-recorde-de-obitos-por-coronavirus-no-brasil","tag-recorde-de-obitos-por-covid-19-no-brasil","tag-uso-de-mascara","tag-uso-obrigatorio-de-mascara","tag-virus-vai-atingir-70-da-populacao","tag-virus-vai-atingir-70-da-populacao-diz-jair-bolsonaro"],"_links":{"self":[{"href":"https:\/\/aconteceunovale.com.br\/portal\/index.php?rest_route=\/wp\/v2\/posts\/165091","targetHints":{"allow":["GET"]}}],"collection":[{"href":"https:\/\/aconteceunovale.com.br\/portal\/index.php?rest_route=\/wp\/v2\/posts"}],"about":[{"href":"https:\/\/aconteceunovale.com.br\/portal\/index.php?rest_route=\/wp\/v2\/types\/post"}],"author":[{"embeddable":true,"href":"https:\/\/aconteceunovale.com.br\/portal\/index.php?rest_route=\/wp\/v2\/users\/1"}],"replies":[{"embeddable":true,"href":"https:\/\/aconteceunovale.com.br\/portal\/index.php?rest_route=%2Fwp%2Fv2%2Fcomments&post=165091"}],"version-history":[{"count":1,"href":"https:\/\/aconteceunovale.com.br\/portal\/index.php?rest_route=\/wp\/v2\/posts\/165091\/revisions"}],"predecessor-version":[{"id":165093,"href":"https:\/\/aconteceunovale.com.br\/portal\/index.php?rest_route=\/wp\/v2\/posts\/165091\/revisions\/165093"}],"wp:featuredmedia":[{"embeddable":true,"href":"https:\/\/aconteceunovale.com.br\/portal\/index.php?rest_route=\/wp\/v2\/media\/159776"}],"wp:attachment":[{"href":"https:\/\/aconteceunovale.com.br\/portal\/index.php?rest_route=%2Fwp%2Fv2%2Fmedia&parent=165091"}],"wp:term":[{"taxonomy":"category","embeddable":true,"href":"https:\/\/aconteceunovale.com.br\/portal\/index.php?rest_route=%2Fwp%2Fv2%2Fcategories&post=165091"},{"taxonomy":"post_tag","embeddable":true,"href":"https:\/\/aconteceunovale.com.br\/portal\/index.php?rest_route=%2Fwp%2Fv2%2Ftags&post=165091"}],"curies":[{"name":"wp","href":"https:\/\/api.w.org\/{rel}","templated":true}]}}