{"id":165085,"date":"2020-07-03T11:00:41","date_gmt":"2020-07-03T14:00:41","guid":{"rendered":"https:\/\/aconteceunovale.com.br\/portal\/?p=165085"},"modified":"2020-07-03T12:01:48","modified_gmt":"2020-07-03T15:01:48","slug":"novas-regras-para-o-comercio-de-capelinha-passam-a-valer-neste-sabado","status":"publish","type":"post","link":"https:\/\/aconteceunovale.com.br\/portal\/?p=165085","title":{"rendered":"Novas regras para o com\u00e9rcio de Capelinha passam a valer neste s\u00e1bado"},"content":{"rendered":"\n<p>Ap\u00f3s delibera\u00e7\u00e3o do Comit\u00ea de Crise, criado para enfrentamento \u00e0 Covid-19, foram definidas novas regras para funcionamento do com\u00e9rcio de Capelinha (MG). A medida, que visa diminuir a circula\u00e7\u00e3o de pessoas, principalmente no Centro da cidade, foi tomada devido ao aumento do n\u00famero de casos confirmados de infec\u00e7\u00e3o pelo novo coronav\u00edrus no munic\u00edpio. O Decreto 093\/2020 passar\u00e1 a valer a partir da zero hora de s\u00e1bado (4\/7).<\/p>\n\n\n\n<p><strong>CONFIRA QUAIS SER\u00c3O OS PRINCIPAIS PONTOS:<\/strong><\/p>\n\n\n\n<ul class=\"wp-block-list\"><li>Fica proibido o funcionamento de todos os estabelecimentos comerciais e de servi\u00e7os n\u00e3o essenciais aos s\u00e1bados, domingos e feriados<\/li><\/ul>\n\n\n\n<ul class=\"wp-block-list\"><li>Os estabelecimentos comerciais e de servi\u00e7os n\u00e3o essenciais, que n\u00e3o estejam com suas atividades suspensas por decretos anteriores, poder\u00e3o funcionar de segunda a sexta-feira, das 10h \u00e0s 16h<\/li><\/ul>\n\n\n\n<p>OBS.: Tais regras dizem respeito ao atendimento direto ao p\u00fablico, sendo permitido que os estabelecimentos realizem atividades exclusivamente internas em hor\u00e1rio normal de expediente<\/p>\n\n\n\n<p><strong>PODER\u00c3O FUNCIONAR NORMALMENTE:<\/strong><\/p>\n\n\n\n<ul class=\"wp-block-list\"><li>Estabelecimentos hospitalares<\/li><li>Cl\u00ednicas veterin\u00e1rias, cl\u00ednicas odontol\u00f3gicas e cl\u00ednicas m\u00e9dicas em regime de emerg\u00eancia<\/li><li>Farm\u00e1cias e laborat\u00f3rios<\/li><li>Funer\u00e1rias e servi\u00e7os relacionados<\/li><li>Servi\u00e7os de seguran\u00e7a p\u00fablica e privada<\/li><li>Servi\u00e7os de t\u00e1xi e aplicativo de transporte individual remunerado de passageiros<\/li><li>Atividades inerentes \u00e0 circula\u00e7\u00e3o de cargas de qualquer esp\u00e9cie que possam acarretar desabastecimento de g\u00eaneros necess\u00e1rios \u00e0 popula\u00e7\u00e3o<\/li><li>Servi\u00e7os de manuten\u00e7\u00e3o, de reparos ou de consertos de ve\u00edculos, de pneum\u00e1ticos, de elevadores e de outros equipamentos essenciais ao transporte, \u00e0 seguran\u00e7a e \u00e0 sa\u00fade, bem como \u00e0 popula\u00e7\u00e3o, \u00e0 industrializa\u00e7\u00e3o e ao transporte de alimentos e de produtos de higiene, devendo o atendimento ao p\u00fablico ser feito de forma remota, por telefone ou meios digitais<\/li><li>Hipermercados, supermercados, mercados, a\u00e7ougues, peixarias, hortifrutigranjeiros, padarias, quitandas, centros de abastecimento de alimentos, lojas de conveni\u00eancia, de \u00e1gua mineral e de alimentos para animais<\/li><li>Lanchonetes e restaurantes: exclusivamente com atendimento por delivery ou drive-thru<\/li><li>Postos de combust\u00edveis<\/li><li>Distribuidoras de g\u00e1s<\/li><li>Ag\u00eancias banc\u00e1rias, correspondentes banc\u00e1rios, Correios e lot\u00e9ricas (neste caso a regra \u00e9 a seguinte: durante a semana hor\u00e1rio normal. No final de semana (s\u00e1bado e domingo), N\u00c3O podem funcionar)<\/li><\/ul>\n\n\n\n<p><strong>MULTA<\/strong><\/p>\n\n\n\n<p>Eventuais descumprimentos das determina\u00e7\u00f5es previstas neste decreto ser\u00e3o aferidas pela equipe de fiscaliza\u00e7\u00e3o do munic\u00edpio, podendo acarretar multa n\u00e3o inferior a 900 UFM (ou seja, multa a partir de R$ 3.150) e representa\u00e7\u00e3o junto ao Minist\u00e9rio P\u00fablico do Estado de Minas Gerais para responsabiliza\u00e7\u00e3o criminal, nos termos do Artigo 268 do C\u00f3digo Penal Brasileiro.<\/p>\n\n\n\n<p>Esse decreto entrar\u00e1 em vigor a 00h00 do dia 4 de julho de 2020 e ter\u00e1 validade at\u00e9 as 23h59 de 19 de julho de 2020.<\/p>\n\n\n\n<p><strong>Decreto 93:<\/strong><\/p>\n\n\n\n<figure class=\"wp-block-image size-large\"><img decoding=\"async\" src=\"https:\/\/aconteceu.info\/boletins\/capelinha_decreto_2.jpg\" alt=\"\"\/><\/figure>\n\n\n\n<figure class=\"wp-block-image size-large\"><img decoding=\"async\" src=\"https:\/\/aconteceu.info\/boletins\/capelinha_decreto_3.jpg\" alt=\"\"\/><\/figure>\n\n\n\n<figure class=\"wp-block-image size-large\"><img decoding=\"async\" src=\"https:\/\/aconteceu.info\/boletins\/capelinha_decreto_3.jpg\" alt=\"\"\/><\/figure>\n\n\n\n<figure class=\"wp-block-image size-large\"><img decoding=\"async\" src=\"https:\/\/aconteceu.info\/boletins\/capelinha_decreto_5.jpg\" alt=\"\"\/><\/figure>\n\n\n\n<h2 class=\"wp-block-heading\"><strong>Internet e constru\u00e7\u00e3o civil tamb\u00e9m poder\u00e3o funcionar normalmente<\/strong><\/h2>\n\n\n\n<p>Conforme o Decreto Municipal 094\/2020, que retifica o Decreto 093, os provedores de Internet e o setor de constru\u00e7\u00e3o civil poder\u00e3o funcionar normalmente. Confira a nova reda\u00e7\u00e3o, que trata tamb\u00e9m das aulas noturnas nas autoescolas:<\/p>\n\n\n\n<ul class=\"wp-block-list\"><li> XIII &#8211;\u00a0Servi\u00e7os relacionados \u00e0 tecnologia da informa\u00e7\u00e3o e de processamento de dados, tais como gest\u00e3o, desenvolvimento, suporte e manuten\u00e7\u00e3o de hardware, software, hospedagem e conectividade;<\/li><li>XIV &#8211; Constru\u00e7\u00e3o civil e toda sua cadeia produtiva, incluindo serralherias, marmorarias, madeireiras e lojas de materiais de constru\u00e7\u00e3o;<\/li><li>XV\u00a0&#8211; Autoescolas, exclusivamente durante a realiza\u00e7\u00e3o de aulas noturnas como previsto em lei (significa que: durante a semana, as autoescolas devem cumprir o hor\u00e1rio das 10h \u00e0s 16h; salvo em rela\u00e7\u00e3o \u00e0s aulas noturnas, que s\u00e3o previstas em Lei. E, no final de semana, as autoescolas n\u00e3o podem funcionar).<\/li><\/ul>\n\n\n\n<p>Vale ressaltar que, nesta \u00e9poca de pandemia, \u00e9 fundamental que as pessoas tenham Internet, inclusive para ajudar a manter o isolamento social. E a constru\u00e7\u00e3o civil \u00e9 outra importante fonte para aquecimento da economia. Tais segmentos, \u00e9 claro, devem seguir as normas de sa\u00fade e de seguran\u00e7a.<\/p>\n\n\n\n<p class=\"has-background has-very-light-gray-background-color\">Quer saber as not\u00edcias do <strong>Aconteceu no Vale<\/strong> em primeira m\u00e3o? Siga-nos no Facebook <a rel=\"noreferrer noopener\" href=\"http:\/\/facebook.com\/aconteceunovale\" target=\"_blank\">@aconteceunovale<\/a>, Twitter <a rel=\"noreferrer noopener\" href=\"https:\/\/twitter.com\/noticiadosvales\" target=\"_blank\">@noticiadosvales<\/a> e Instagram <a rel=\"noreferrer noopener\" href=\"https:\/\/www.instagram.com\/aconteceunovale\" target=\"_blank\">@aconteceunovale<\/a>.<\/p>\n","protected":false},"excerpt":{"rendered":"<p>Ap\u00f3s delibera\u00e7\u00e3o do Comit\u00ea de Crise, criado para enfrentamento \u00e0 Covid-19, foram definidas novas regras para funcionamento do com\u00e9rcio de Capelinha (MG). A medida, que visa diminuir a circula\u00e7\u00e3o de pessoas, principalmente no Centro da cidade, foi tomada devido ao aumento do n\u00famero de casos confirmados de infec\u00e7\u00e3o pelo novo coronav\u00edrus no munic\u00edpio. O Decreto [&hellip;]<\/p>\n","protected":false},"author":1,"featured_media":165086,"comment_status":"open","ping_status":"closed","sticky":false,"template":"","format":"standard","meta":{"amp_status":"","footnotes":""},"categories":[120],"tags":[132,218007,221398,224309,223916,223915,224224,218179,218765,224739,224738,65998,224633,224348],"class_list":["post-165085","post","type-post","status-publish","format-standard","has-post-thumbnail","hentry","category-jequi","tag-capelinha","tag-caso-de-coronavirus-em-capelinha","tag-caso-de-covid-19-em-capelinha","tag-confirmado-o-quarto-caso-de-covid-19-em-capelinha","tag-confirmado-o-segundo-caso-de-coronavirus-em-capelinha","tag-confirmado-o-segundo-caso-de-covid-19-em-capelinha","tag-confirmado-o-terceiro-caso-de-covid-19-em-capelinha","tag-coronavirus-em-capelinha","tag-covid-19-em-capelinha","tag-funcionamento-do-comercio-de-capelinha","tag-novas-regras-para-o-comercio-de-capelinha-passam-a-valer-neste-sabado","tag-prefeitura-de-capelinha","tag-prefeitura-de-capelinha-confirma-dois-novos-casos-de-covid-19","tag-prefeitura-de-capelinha-confirma-quinto-caso-de-covid-19"],"_links":{"self":[{"href":"https:\/\/aconteceunovale.com.br\/portal\/index.php?rest_route=\/wp\/v2\/posts\/165085","targetHints":{"allow":["GET"]}}],"collection":[{"href":"https:\/\/aconteceunovale.com.br\/portal\/index.php?rest_route=\/wp\/v2\/posts"}],"about":[{"href":"https:\/\/aconteceunovale.com.br\/portal\/index.php?rest_route=\/wp\/v2\/types\/post"}],"author":[{"embeddable":true,"href":"https:\/\/aconteceunovale.com.br\/portal\/index.php?rest_route=\/wp\/v2\/users\/1"}],"replies":[{"embeddable":true,"href":"https:\/\/aconteceunovale.com.br\/portal\/index.php?rest_route=%2Fwp%2Fv2%2Fcomments&post=165085"}],"version-history":[{"count":2,"href":"https:\/\/aconteceunovale.com.br\/portal\/index.php?rest_route=\/wp\/v2\/posts\/165085\/revisions"}],"predecessor-version":[{"id":165099,"href":"https:\/\/aconteceunovale.com.br\/portal\/index.php?rest_route=\/wp\/v2\/posts\/165085\/revisions\/165099"}],"wp:featuredmedia":[{"embeddable":true,"href":"https:\/\/aconteceunovale.com.br\/portal\/index.php?rest_route=\/wp\/v2\/media\/165086"}],"wp:attachment":[{"href":"https:\/\/aconteceunovale.com.br\/portal\/index.php?rest_route=%2Fwp%2Fv2%2Fmedia&parent=165085"}],"wp:term":[{"taxonomy":"category","embeddable":true,"href":"https:\/\/aconteceunovale.com.br\/portal\/index.php?rest_route=%2Fwp%2Fv2%2Fcategories&post=165085"},{"taxonomy":"post_tag","embeddable":true,"href":"https:\/\/aconteceunovale.com.br\/portal\/index.php?rest_route=%2Fwp%2Fv2%2Ftags&post=165085"}],"curies":[{"name":"wp","href":"https:\/\/api.w.org\/{rel}","templated":true}]}}