{"id":165038,"date":"2020-07-01T22:56:02","date_gmt":"2020-07-02T01:56:02","guid":{"rendered":"https:\/\/aconteceunovale.com.br\/portal\/?p=165038"},"modified":"2020-07-01T22:56:42","modified_gmt":"2020-07-02T01:56:42","slug":"brasil-passa-de-60-mil-obitos-por-covid-19","status":"publish","type":"post","link":"https:\/\/aconteceunovale.com.br\/portal\/?p=165038","title":{"rendered":"Brasil passa de 60 mil \u00f3bitos por Covid-19"},"content":{"rendered":"\n<p>At\u00e9 o momento, 60.632 pessoas morreram em decorr\u00eancia da pandemia do novo coronav\u00edrus no Brasil, segundo atualiza\u00e7\u00e3o di\u00e1ria do Minist\u00e9rio da Sa\u00fade divulgada nesta quarta-feira (1\/7\/2020). Nas \u00faltimas 24 horas,\u00a01.038 \u00f3bitos por Covid-19 foram registrados nas \u00faltimas 24 horas. Outras 3.931 mortes est\u00e3o em investiga\u00e7\u00e3o.<\/p>\n\n\n\n<p>Contudo, na avalia\u00e7\u00e3o do Minist\u00e9rio da Sa\u00fade, o pa\u00eds atingiu um\u00a0<em>plat\u00f4<\/em>, quando a curva do\u00a0n\u00famero de\u00a0mortes entra em um momento de estabiliza\u00e7\u00e3o. Nas \u00faltimas semanas, o total de novos \u00f3bitos v\u00eam oscilando.<\/p>\n\n\n\n<p>Ainda de acordo com o balan\u00e7o do Minist\u00e9rio da Sa\u00fade, foram registrados 46.712 novos casos confirmados da doen\u00e7a. Com isso, o total de casos acumulados de covid-19 subiu para 1.488.753. Diferentemente da curva de mortes, na evolu\u00e7\u00e3o dos n\u00fameros de pessoas infectadas o Brasil segue subindo.<\/p>\n\n\n\n<p>\u201cA curva de novos casos vai numa inclina\u00e7\u00e3o e a curva dos \u00f3bitos tem se mantido\u201d, afirmou o secret\u00e1rio de Vigil\u00e2ncia em Sa\u00fade do Minist\u00e9rio da Sa\u00fade, Arnaldo de Medeiros, em entrevista coletiva\u00a0hoje\u00a0no Pal\u00e1cio do Planalto.<\/p>\n\n\n\n<p>Dados do Minist\u00e9rio da Sa\u00fade mostram que\u00a0561.255 pacientes est\u00e3o\u00a0em observa\u00e7\u00e3o, enquanto o total de recuperados desde o in\u00edcio da pandemia \u00e9 de 826.866.<\/p>\n\n\n\n<figure class=\"wp-block-gallery columns-1 is-cropped wp-block-gallery-1 is-layout-flex wp-block-gallery-is-layout-flex\"><ul class=\"blocks-gallery-grid\"><li class=\"blocks-gallery-item\"><figure><img loading=\"lazy\" decoding=\"async\" width=\"754\" height=\"425\" src=\"https:\/\/aconteceunovale.com.br\/portal\/wp-content\/uploads\/2020\/07\/corona_br_1julho.jpeg\" alt=\"\" data-id=\"165039\" data-full-url=\"https:\/\/aconteceunovale.com.br\/portal\/wp-content\/uploads\/2020\/07\/corona_br_1julho.jpeg\" data-link=\"https:\/\/aconteceunovale.com.br\/portal\/?attachment_id=165039\" class=\"wp-image-165039\" srcset=\"https:\/\/aconteceunovale.com.br\/portal\/wp-content\/uploads\/2020\/07\/corona_br_1julho.jpeg 754w, https:\/\/aconteceunovale.com.br\/portal\/wp-content\/uploads\/2020\/07\/corona_br_1julho-300x169.jpeg 300w, https:\/\/aconteceunovale.com.br\/portal\/wp-content\/uploads\/2020\/07\/corona_br_1julho-696x392.jpeg 696w, https:\/\/aconteceunovale.com.br\/portal\/wp-content\/uploads\/2020\/07\/corona_br_1julho-745x420.jpeg 745w\" sizes=\"auto, (max-width: 754px) 100vw, 754px\" \/><\/figure><\/li><\/ul><\/figure>\n\n\n\n<p>Conforme mostra tabela do Minist\u00e9rio da Sa\u00fade, os estados onde mais ocorreram \u00f3bitos por covid-19 foram&nbsp;S\u00e3o Paulo (15.030), Rio&nbsp;de Janeiro&nbsp;(10.198), Cear\u00e1 (6.180), Par\u00e1 (4.960) e Pernambuco (4.894). J\u00e1 as Unidades da Federa\u00e7\u00e3o com menos \u00f3bitos foram&nbsp;Mato Grosso do Sul (85), Tocantins (204), Roraima (314), Santa Catarina (347) e Acre (370).<\/p>\n\n\n\n<p>At\u00e9 o momento, 5.021 munic\u00edpios&nbsp;registram casos do novo coronav\u00edrus, o que equivale a 90,1% de todas as cidades do pa\u00eds. E 2.551 munic\u00edpios registraram \u00f3bitos por covid-19,&nbsp;o equivalente a 45,8% das cidades.<\/p>\n\n\n\n<p>O boletim confirmou a tend\u00eancia de interioriza\u00e7\u00e3o da pandemia. H\u00e1 pouco mais de um m\u00eas, eram registrados mais \u00f3bitos nas capitais do que nas demais cidades. Esta propor\u00e7\u00e3o se inverteu, chegando na 26\u00aa&nbsp;semana epidemiol\u00f3gica com 62% das mortes em consequ\u00eancia da covid-19 no interior e 38% nas capitais.<\/p>\n\n\n\n<p>J\u00e1 quando considerados os casos confirmados, h\u00e1 mais de dois meses, as notifica\u00e7\u00f5es nas capitais passavam dos 60%. Na \u00faltima semana, este \u00edndice caiu para pouco menos de 50%, com maior ocorr\u00eancia de pessoas infectadas no interior.<\/p>\n\n\n\n<h2 class=\"wp-block-heading\">SRAG<\/h2>\n\n\n\n<p>As hospitaliza\u00e7\u00f5es por S\u00edndrome Respirat\u00f3ria Aguda Grave (SRAG) somaram at\u00e9 o momento 323.423. Deste total, 148.785 foram por covid-19 e 70.710 ainda est\u00e3o em investiga\u00e7\u00e3o da causa. Na \u00faltima semana, foram notificadas 32.730 novas hospitaliza\u00e7\u00f5es, sendo&nbsp;20.246 (61,9%) por covid-19.<\/p>\n\n\n\n<p>Em rela\u00e7\u00e3o ao perfil dos internados, 50% tinham acima de 60 anos, 43% eram mulheres e 57% eram homens. No recorte por ra\u00e7a e cor, 31,1% eram pardos, 28% eram brancos, 4,6% eram pretos, 0,9% era\u00a0amarelo, 0,3% era\u00a0ind\u00edgena\u00a0e outros 35,1% n\u00e3o informaram essa caracter\u00edstica.<\/p>\n\n\n\n<p class=\"has-background has-very-light-gray-background-color\">Quer saber as not\u00edcias do <strong>Aconteceu no Vale<\/strong> em primeira m\u00e3o? Siga-nos no Facebook <a rel=\"noreferrer noopener\" href=\"http:\/\/facebook.com\/aconteceunovale\" target=\"_blank\">@aconteceunovale<\/a>, Twitter <a rel=\"noreferrer noopener\" href=\"https:\/\/twitter.com\/noticiadosvales\" target=\"_blank\">@noticiadosvales<\/a> e Instagram <a rel=\"noreferrer noopener\" href=\"https:\/\/www.instagram.com\/aconteceunovale\" target=\"_blank\">@aconteceunovale<\/a>.<\/p>\n","protected":false},"excerpt":{"rendered":"<p>At\u00e9 o momento, 60.632 pessoas morreram em decorr\u00eancia da pandemia do novo coronav\u00edrus no Brasil, segundo atualiza\u00e7\u00e3o di\u00e1ria do Minist\u00e9rio da Sa\u00fade divulgada nesta quarta-feira (1\/7\/2020). Nas \u00faltimas 24 horas,\u00a01.038 \u00f3bitos por Covid-19 foram registrados nas \u00faltimas 24 horas. Outras 3.931 mortes est\u00e3o em investiga\u00e7\u00e3o. Contudo, na avalia\u00e7\u00e3o do Minist\u00e9rio da Sa\u00fade, o pa\u00eds atingiu [&hellip;]<\/p>\n","protected":false},"author":1,"featured_media":161742,"comment_status":"open","ping_status":"closed","sticky":false,"template":"","format":"standard","meta":{"amp_status":"","footnotes":""},"categories":[6],"tags":[4785,220477,224696,220660,219520,218049,218205,214884,215394,216498,218043,19326,220349,218044,218045,215653,218206,219105,219104,218876,219519,140166,217692,220478,220479,220944,220945],"class_list":["post-165038","post","type-post","status-publish","format-standard","has-post-thumbnail","hentry","category-br","tag-brasil","tag-brasil-bate-recorde-de-obitos-e-casos-confirmados-em-um-dia","tag-brasil-passa-de-60-mil-obitos-por-covid-19","tag-brasil-ultrapassa-marca-de-4-mil-obitos-por-covid-19","tag-casos-confirmados-e-obitos-no-brasil","tag-casos-de-coronavirus-no-brasil","tag-casos-de-covid-19-no-brasil","tag-coronavirus","tag-coronavirus-no-brasil","tag-covid-19","tag-covid-19-no-brasil","tag-ministerio-da-saude","tag-ministerio-da-saude-atualiza-numeros-do-coronavirus-no-brasil","tag-mortes-por-coronavirus-no-brasil","tag-mortes-por-covid-19-no-brasil","tag-novo-coronavirus","tag-numero-de-casos-de-covid-19-confirmados-no-brasil","tag-numeros-da-covid-19-no-brasil","tag-numeros-do-coronavirus-no-brasil","tag-obitos-por-coronavirus-no-brasil","tag-obitos-por-covid-19-no-brasil","tag-pandemia","tag-pandemia-de-coronavirus","tag-recorde-de-obitos-por-coronavirus-no-brasil","tag-recorde-de-obitos-por-covid-19-no-brasil","tag-virus-vai-atingir-70-da-populacao","tag-virus-vai-atingir-70-da-populacao-diz-jair-bolsonaro"],"_links":{"self":[{"href":"https:\/\/aconteceunovale.com.br\/portal\/index.php?rest_route=\/wp\/v2\/posts\/165038","targetHints":{"allow":["GET"]}}],"collection":[{"href":"https:\/\/aconteceunovale.com.br\/portal\/index.php?rest_route=\/wp\/v2\/posts"}],"about":[{"href":"https:\/\/aconteceunovale.com.br\/portal\/index.php?rest_route=\/wp\/v2\/types\/post"}],"author":[{"embeddable":true,"href":"https:\/\/aconteceunovale.com.br\/portal\/index.php?rest_route=\/wp\/v2\/users\/1"}],"replies":[{"embeddable":true,"href":"https:\/\/aconteceunovale.com.br\/portal\/index.php?rest_route=%2Fwp%2Fv2%2Fcomments&post=165038"}],"version-history":[{"count":1,"href":"https:\/\/aconteceunovale.com.br\/portal\/index.php?rest_route=\/wp\/v2\/posts\/165038\/revisions"}],"predecessor-version":[{"id":165040,"href":"https:\/\/aconteceunovale.com.br\/portal\/index.php?rest_route=\/wp\/v2\/posts\/165038\/revisions\/165040"}],"wp:featuredmedia":[{"embeddable":true,"href":"https:\/\/aconteceunovale.com.br\/portal\/index.php?rest_route=\/wp\/v2\/media\/161742"}],"wp:attachment":[{"href":"https:\/\/aconteceunovale.com.br\/portal\/index.php?rest_route=%2Fwp%2Fv2%2Fmedia&parent=165038"}],"wp:term":[{"taxonomy":"category","embeddable":true,"href":"https:\/\/aconteceunovale.com.br\/portal\/index.php?rest_route=%2Fwp%2Fv2%2Fcategories&post=165038"},{"taxonomy":"post_tag","embeddable":true,"href":"https:\/\/aconteceunovale.com.br\/portal\/index.php?rest_route=%2Fwp%2Fv2%2Ftags&post=165038"}],"curies":[{"name":"wp","href":"https:\/\/api.w.org\/{rel}","templated":true}]}}