{"id":165035,"date":"2020-07-01T22:09:15","date_gmt":"2020-07-02T01:09:15","guid":{"rendered":"https:\/\/aconteceunovale.com.br\/portal\/?p=165035"},"modified":"2020-07-01T22:09:41","modified_gmt":"2020-07-02T01:09:41","slug":"prefeitura-de-ipatinga-adota-hidroxicloroquina-e-azitromicina-para-pacientes-com-sintomas-leves-da-covid-19","status":"publish","type":"post","link":"https:\/\/aconteceunovale.com.br\/portal\/?p=165035","title":{"rendered":"Prefeitura de Ipatinga adota Hidroxicloroquina e Azitromicina para pacientes com sintomas leves da Covid-19"},"content":{"rendered":"\n<p>Desde o \u00faltimo dia 22 de junho, m\u00e9dicos que atendem nas Unidades B\u00e1sicas de Sa\u00fade de Ipatinga (MG) j\u00e1 s\u00e3o orientados, por meio da nota t\u00e9cnica 01\/2020, publicada no Di\u00e1rio Oficial, ao uso da Hidroxicloroquina e Azitromicina para o tratamento da Covid-19. Os pacientes, mesmo ainda suspeitos, passaram a receber os medicamentos, em caso de prescri\u00e7\u00e3o m\u00e9dica, como forma de evitar o agravamento da doen\u00e7a a ponto de haver necessidade de interna\u00e7\u00e3o.<\/p>\n\n\n\n<p>A nota t\u00e9cnica 01\/2020, que trata do assunto, d\u00e1 mais seguran\u00e7a ao corpo m\u00e9dico para seguir orienta\u00e7\u00e3o do Minist\u00e9rio da Sa\u00fade e do Conselho Federal de Medicina.<\/p>\n\n\n\n<p>\u201cA Covid-19 \u00e9 algo din\u00e2mico e estamos acompanhando esse dinamismo. Atrav\u00e9s dessa nota t\u00e9cnica, n\u00f3s estamos dando ao m\u00e9dico que entender necess\u00e1rio, ainda na fase inicial da doen\u00e7a ou mesmo durante o est\u00e1gio de suspei\u00e7\u00e3o, a seguran\u00e7a para receitar a Hidroxicloroquina e Azitromicina. Esses medicamentos, inclusive, j\u00e1 eram usados nas fases mais avan\u00e7adas da doen\u00e7a. E, em breve, vamos emitir uma outra nota em rela\u00e7\u00e3o \u00e0 Ivermectina. Lembrando que essa a\u00e7\u00e3o tem por objetivo evitar o agravamento do quadro do paciente, com o tratamento precoce. Contudo, n\u00e3o podemos esquecer que \u00e9 um medicamento e, por isso, cabe ao m\u00e9dico a decis\u00e3o de prescri\u00e7\u00e3o. O paciente tamb\u00e9m ter\u00e1 de assinar um termo confirmando a ci\u00eancia, e, se necess\u00e1rio for, vamos fazer um eletrocardiograma para garantir a seguran\u00e7a dele\u201d, destacou a Administra\u00e7\u00e3o.<\/p>\n\n\n\n<p>Ainda segundo o Executivo de Ipatinga, em um primeiro momento o medicamento ser\u00e1 fornecido aos pacientes na rede p\u00fablica. \u201cN\u00f3s vamos tamb\u00e9m colocar \u00e0 disposi\u00e7\u00e3o, neste in\u00edcio, a cess\u00e3o destes medicamentos na Policl\u00ednica. Mas, sabemos que \u00e9 um momento dif\u00edcil para a compra de medicamentos. A princ\u00edpio temos na rede a Hidroxicloroquina e Azitromicina para atender a popula\u00e7\u00e3o\u201d, disse.<\/p>\n\n\n\n<p>O m\u00e9dico Leonardo Ennes Carrilho, Respons\u00e1vel T\u00e9cnico da Aten\u00e7\u00e3o B\u00e1sica, relata que os medicamentos, mesmo ainda em fase de testes, t\u00eam se mostrado eficazes no tratamento da doen\u00e7a. \u201cOs pacientes assinam um termo de consentimento dando conta de que est\u00e3o sendo inseridos em um tratamento que ainda n\u00e3o est\u00e1 completamente elucidado e esclarecido quanto \u00e0 efic\u00e1cia em rela\u00e7\u00e3o \u00e0 doen\u00e7a. Existem v\u00e1rios estudos em andamento no mundo e parece haver alguns resultados que se mostram promissores\u201d, disse.<\/p>\n\n\n\n<p><strong>Telemedicina<\/strong><\/p>\n\n\n\n<p>Al\u00e9m de ampliar o acesso dos pacientes ao tratamento precoce da doen\u00e7a, a Administra\u00e7\u00e3o montou uma estrat\u00e9gia para o monitoramento do uso pelos pacientes. Desta forma, ser\u00e1 poss\u00edvel avaliar a evolu\u00e7\u00e3o do quadro m\u00e9dico. Esse processo de monitoramento teve in\u00edcio nesta quarta-feira (1\u00b0), em parceria com a Faculdade de Medicina Univa\u00e7o.<\/p>\n\n\n\n<p>\u201cUma vez que o paciente recebe a prescri\u00e7\u00e3o, vamos fazer o monitoramento por telefone durante os cinco dias de uso, com a possibilidade de estender o acompanhamento at\u00e9 o d\u00e9cimo quarto dia. \u00c9 um trabalho em parceira com a Univa\u00e7o, com equipe composta pelos alunos da faculdade, sob a supervis\u00e3o de professores m\u00e9dicos\u201d, concluiu Carrilho.<\/p>\n\n\n\n<p class=\"has-background has-very-light-gray-background-color\">Quer saber as not\u00edcias do <strong>Aconteceu no Vale<\/strong> em primeira m\u00e3o? Siga-nos no Facebook <a rel=\"noreferrer noopener\" href=\"http:\/\/facebook.com\/aconteceunovale\" target=\"_blank\">@aconteceunovale<\/a>, Twitter <a rel=\"noreferrer noopener\" href=\"https:\/\/twitter.com\/noticiadosvales\" target=\"_blank\">@noticiadosvales<\/a> e Instagram <a rel=\"noreferrer noopener\" href=\"https:\/\/www.instagram.com\/aconteceunovale\" target=\"_blank\">@aconteceunovale<\/a>.<\/p>\n","protected":false},"excerpt":{"rendered":"<p>Desde o \u00faltimo dia 22 de junho, m\u00e9dicos que atendem nas Unidades B\u00e1sicas de Sa\u00fade de Ipatinga (MG) j\u00e1 s\u00e3o orientados, por meio da nota t\u00e9cnica 01\/2020, publicada no Di\u00e1rio Oficial, ao uso da Hidroxicloroquina e Azitromicina para o tratamento da Covid-19. Os pacientes, mesmo ainda suspeitos, passaram a receber os medicamentos, em caso de [&hellip;]<\/p>\n","protected":false},"author":1,"featured_media":165036,"comment_status":"open","ping_status":"closed","sticky":false,"template":"","format":"standard","meta":{"amp_status":"","footnotes":""},"categories":[121,40242],"tags":[222294,222296,214884,217741,223138,216498,223477,223378,222878,222972,1018,222975,223135,223136,223134,201,223028,222974,223926,222596,222641,223207,223290,223341,222754,223698,222370,222849,223078,224676,222917,223137,222369,222368,46322,224690,223961,222852,223133,222295,223435,222417,223029,223027,222973,224691,224692,224694,224693,224695],"class_list":["post-165035","post","type-post","status-publish","format-standard","has-post-thumbnail","hentry","category-leste","category-saude-2","tag-casos-confirmados-de-coronavirus-em-ipatinga","tag-casos-confirmados-de-covid-19-em-ipatinga","tag-coronavirus","tag-coronavirus-em-ipatinga","tag-coronavirus-em-ipatinga-numero-de-casos-confirmados-passa-de-500","tag-covid-19","tag-covid-19-ipatinga-registra-mais-49-casos-e-dois-obitos","tag-covid-19-ipatinga-tem-13-obitos-e-650-casos-confirmados","tag-covid-19-ipatinga-tem-319-casos-confirmados-e-4-obitos","tag-covid-19-prefeitura-de-ipatinga-confirma-mais-30-casos-e-dois-obitos","tag-destaque","tag-equipe-do-ibope-realiza-segunda-fase-de-pesquisa-sobre-coronavirus-em-ipatinga","tag-hospital-de-campanha-em-ipatinga","tag-hospital-de-retaguarda-em-ipatinga","tag-hospital-de-retaguarda-ja-esta-instalado-em-ipatinga","tag-ipatinga","tag-ipatinga-atinge-100-da-taxa-de-ocupacao-de-leitos-uti-covid-19-sus","tag-ipatinga-ativa-barreiras-sanitarias","tag-ipatinga-bate-recorde-de-novos-casos-de-covid-19-em-24-horas","tag-ipatinga-chega-a-200-casos-de-covid-19","tag-ipatinga-confirma-mais-dois-obitos-por-covid-19","tag-ipatinga-registra-68-novos-casos-de-covid-19","tag-ipatinga-registra-a-12a-morte-em-decorrencia-da-covid-19","tag-ipatinga-registra-a-13a-morte-em-decorrencia-da-covid-19","tag-ipatinga-registra-mais-29-casos-de-covid-19","tag-ipatinga-registra-mais-cinco-mortes-por-covid-19-e-soma-851-pessoas-infectadas","tag-ipatinga-registra-o-primeiro-obito-por-covid-19","tag-ipatinga-registra-o-quarto-obito-por-covid-19","tag-ipatinga-tem-476-casos-de-covid-19-249-pacientes-estao-recuperados-e-nove-morreram","tag-ipatinga-tem-quase-2-mil-casos-confirmados-de-covid-19-42-pacientes-morreram-e-1-463-estao-recuperados","tag-numero-de-casos-confirmados-de-covid-19-em-ipatinga-chega-a-340","tag-numero-de-casos-confirmados-de-covid-19-passa-de-500-em-ipatinga","tag-obito-por-coronavirus-em-ipatinga","tag-obito-por-covid-19-em-ipatinga","tag-prefeitura-de-ipatinga","tag-prefeitura-de-ipatinga-adota-hidroxicloroquina-e-azitromicina-para-pacientes-com-sintomas-leves-da-covid-19","tag-prefeitura-de-ipatinga-confirma-102-novos-casos-de-covid-19","tag-prefeitura-de-ipatinga-confirma-mais-27-casos-de-covid-19","tag-prefeitura-de-ipatinga-confirma-mais-duas-mortes-por-covid-19","tag-sobe-para-102-o-numero-de-casos-confirmados-de-covid-19-em-ipatinga","tag-sobe-para-14-o-numero-de-mortes-por-covid-19-em-ipatinga","tag-sobe-para-149-o-numero-de-casos-confirmados-de-coronavirus-em-ipatinga","tag-sobe-para-oito-o-numero-de-mortes-por-covid-19-em-ipatinga","tag-sobem-para-oito-os-obitos-por-covid-19-em-ipatinga","tag-sobem-para-seis-os-obitos-por-covid-19-em-ipatinga","tag-tratamento-da-covid-19-em-ipatinga","tag-tratamento-do-coronavirus-em-ipatinga","tag-uso-da-azitromicina-em-ipatinga","tag-uso-da-hidroxicloroquina-em-ipatinga","tag-uso-da-ivermectina-em-ipatinga"],"_links":{"self":[{"href":"https:\/\/aconteceunovale.com.br\/portal\/index.php?rest_route=\/wp\/v2\/posts\/165035","targetHints":{"allow":["GET"]}}],"collection":[{"href":"https:\/\/aconteceunovale.com.br\/portal\/index.php?rest_route=\/wp\/v2\/posts"}],"about":[{"href":"https:\/\/aconteceunovale.com.br\/portal\/index.php?rest_route=\/wp\/v2\/types\/post"}],"author":[{"embeddable":true,"href":"https:\/\/aconteceunovale.com.br\/portal\/index.php?rest_route=\/wp\/v2\/users\/1"}],"replies":[{"embeddable":true,"href":"https:\/\/aconteceunovale.com.br\/portal\/index.php?rest_route=%2Fwp%2Fv2%2Fcomments&post=165035"}],"version-history":[{"count":1,"href":"https:\/\/aconteceunovale.com.br\/portal\/index.php?rest_route=\/wp\/v2\/posts\/165035\/revisions"}],"predecessor-version":[{"id":165037,"href":"https:\/\/aconteceunovale.com.br\/portal\/index.php?rest_route=\/wp\/v2\/posts\/165035\/revisions\/165037"}],"wp:featuredmedia":[{"embeddable":true,"href":"https:\/\/aconteceunovale.com.br\/portal\/index.php?rest_route=\/wp\/v2\/media\/165036"}],"wp:attachment":[{"href":"https:\/\/aconteceunovale.com.br\/portal\/index.php?rest_route=%2Fwp%2Fv2%2Fmedia&parent=165035"}],"wp:term":[{"taxonomy":"category","embeddable":true,"href":"https:\/\/aconteceunovale.com.br\/portal\/index.php?rest_route=%2Fwp%2Fv2%2Fcategories&post=165035"},{"taxonomy":"post_tag","embeddable":true,"href":"https:\/\/aconteceunovale.com.br\/portal\/index.php?rest_route=%2Fwp%2Fv2%2Ftags&post=165035"}],"curies":[{"name":"wp","href":"https:\/\/api.w.org\/{rel}","templated":true}]}}