{"id":165030,"date":"2020-07-01T21:33:00","date_gmt":"2020-07-02T00:33:00","guid":{"rendered":"https:\/\/aconteceunovale.com.br\/portal\/?p=165030"},"modified":"2020-07-01T21:34:19","modified_gmt":"2020-07-02T00:34:19","slug":"covid-19-ipatinga-registra-mais-um-obito-e-152-casos","status":"publish","type":"post","link":"https:\/\/aconteceunovale.com.br\/portal\/?p=165030","title":{"rendered":"Covid-19: Ipatinga registra mais um \u00f3bito e 152 casos"},"content":{"rendered":"\n<p>A Prefeitura de Ipatinga registrou, nesta quarta-feira (1\/7\/2020), mais um \u00f3bito em decorr\u00eancia de complica\u00e7\u00f5es por Coronav\u00edrus. Trata-se de uma mulher, de 77 anos, que residia no bairro Veneza. Assim, sobe para 43 o n\u00famero de mortes por Covid-19 na cidade.<\/p>\n\n\n\n<p>A paciente deu entrada no Hospital Municipal de Ipatinga no dia 25 de junho, mesmo dia em que foi submetida a teste RT-PCR. A idosa faleceu nesta quarta-feira (1). O resultado do exame atestando a contamina\u00e7\u00e3o pelo Novo Coronav\u00edrus foi liberada na ter\u00e7a-feira (30).<\/p>\n\n\n\n<h2 class=\"wp-block-heading\"><strong>Recorde de casos confirmados<\/strong><\/h2>\n\n\n\n<p>O munic\u00edpio Ipatinga registrou mais 152 casos de Covid-19. O total de moradores do munic\u00edpio atingidos pelo novo coronav\u00edrus subiu de 1.998 para 2.150.<\/p>\n\n\n\n<p>De acordo com o boletim epidemiol\u00f3gico, 1.531 pacientes est\u00e3o recuperados (curados) e 43 morreram (um a mais que ontem).<\/p>\n\n\n\n<p><strong>Confira o boletim de 1\/7\/2020:<\/strong><\/p>\n\n\n\n<figure class=\"wp-block-image size-large\"><img decoding=\"async\" src=\"https:\/\/aconteceu.info\/boletins\/corona_ipatinga_1julho.jpg\" alt=\"\"\/><\/figure>\n\n\n\n<h2 class=\"wp-block-heading\"><strong>Munic\u00edpios com mais casos na Regional de Sa\u00fade de Coronel Fabriciano<\/strong><\/h2>\n\n\n\n<figure class=\"wp-block-table\"><table><tbody><tr><td><strong>Munic\u00edpio<\/strong><\/td><td class=\"has-text-align-center\" data-align=\"center\"><strong>Casos<\/strong><\/td><td class=\"has-text-align-center\" data-align=\"center\"><strong>\u00d3bitos<\/strong><\/td><td class=\"has-text-align-center\" data-align=\"center\"><strong>Curados<\/strong><\/td><\/tr><tr><td>Ipatinga<\/td><td class=\"has-text-align-center\" data-align=\"center\">2.150<\/td><td class=\"has-text-align-center\" data-align=\"center\">43<\/td><td class=\"has-text-align-center\" data-align=\"center\">1.531<\/td><\/tr><tr><td>Coronel Fabriciano<\/td><td class=\"has-text-align-center\" data-align=\"center\">643<\/td><td class=\"has-text-align-center\" data-align=\"center\">9<\/td><td class=\"has-text-align-center\" data-align=\"center\">533<\/td><\/tr><tr><td>Santana do Para\u00edso<\/td><td class=\"has-text-align-center\" data-align=\"center\">539<\/td><td class=\"has-text-align-center\" data-align=\"center\">12<\/td><td class=\"has-text-align-center\" data-align=\"center\">274<\/td><\/tr><tr><td>Tim\u00f3teo<\/td><td class=\"has-text-align-center\" data-align=\"center\">288<\/td><td class=\"has-text-align-center\" data-align=\"center\">7<\/td><td class=\"has-text-align-center\" data-align=\"center\">90<\/td><\/tr><tr><td>Caratinga<\/td><td class=\"has-text-align-center\" data-align=\"center\">283<\/td><td class=\"has-text-align-center\" data-align=\"center\">9<\/td><td class=\"has-text-align-center\" data-align=\"center\">117<\/td><\/tr><tr><td>Belo Oriente<\/td><td class=\"has-text-align-center\" data-align=\"center\">106<\/td><td class=\"has-text-align-center\" data-align=\"center\">4<\/td><td class=\"has-text-align-center\" data-align=\"center\">40<\/td><\/tr><tr><td>Ipaba<\/td><td class=\"has-text-align-center\" data-align=\"center\">72<\/td><td class=\"has-text-align-center\" data-align=\"center\">4<\/td><td class=\"has-text-align-center\" data-align=\"center\">54<\/td><\/tr><tr><td>Ubaporanga<\/td><td class=\"has-text-align-center\" data-align=\"center\">48<\/td><td class=\"has-text-align-center\" data-align=\"center\">0<\/td><td class=\"has-text-align-center\" data-align=\"center\">16<\/td><\/tr><\/tbody><\/table><\/figure>\n\n\n\n<p class=\"has-background has-very-light-gray-background-color\">Quer saber as not\u00edcias do <strong>Aconteceu no Vale<\/strong> em primeira m\u00e3o? Siga-nos no Facebook <a rel=\"noreferrer noopener\" href=\"http:\/\/facebook.com\/aconteceunovale\" target=\"_blank\">@aconteceunovale<\/a>, Twitter <a rel=\"noreferrer noopener\" href=\"https:\/\/twitter.com\/noticiadosvales\" target=\"_blank\">@noticiadosvales<\/a> e Instagram <a rel=\"noreferrer noopener\" href=\"https:\/\/www.instagram.com\/aconteceunovale\" target=\"_blank\">@aconteceunovale<\/a>.<\/p>\n","protected":false},"excerpt":{"rendered":"<p>A Prefeitura de Ipatinga registrou, nesta quarta-feira (1\/7\/2020), mais um \u00f3bito em decorr\u00eancia de complica\u00e7\u00f5es por Coronav\u00edrus. Trata-se de uma mulher, de 77 anos, que residia no bairro Veneza. Assim, sobe para 43 o n\u00famero de mortes por Covid-19 na cidade. A paciente deu entrada no Hospital Municipal de Ipatinga no dia 25 de junho, [&hellip;]<\/p>\n","protected":false},"author":1,"featured_media":165031,"comment_status":"open","ping_status":"closed","sticky":false,"template":"","format":"standard","meta":{"amp_status":"","footnotes":""},"categories":[40242],"tags":[222294,222296,214884,217741,223138,216498,223477,223378,222878,222972,222975,223135,223136,223134,201,223028,222974,223926,222596,222641,223207,223290,223341,222754,223698,222370,222849,223078,224676,222917,223137,222369,222368,46322,223961,222852,223133,222295,223435,222417,223029,223027,222973],"class_list":["post-165030","post","type-post","status-publish","format-standard","has-post-thumbnail","hentry","category-saude-2","tag-casos-confirmados-de-coronavirus-em-ipatinga","tag-casos-confirmados-de-covid-19-em-ipatinga","tag-coronavirus","tag-coronavirus-em-ipatinga","tag-coronavirus-em-ipatinga-numero-de-casos-confirmados-passa-de-500","tag-covid-19","tag-covid-19-ipatinga-registra-mais-49-casos-e-dois-obitos","tag-covid-19-ipatinga-tem-13-obitos-e-650-casos-confirmados","tag-covid-19-ipatinga-tem-319-casos-confirmados-e-4-obitos","tag-covid-19-prefeitura-de-ipatinga-confirma-mais-30-casos-e-dois-obitos","tag-equipe-do-ibope-realiza-segunda-fase-de-pesquisa-sobre-coronavirus-em-ipatinga","tag-hospital-de-campanha-em-ipatinga","tag-hospital-de-retaguarda-em-ipatinga","tag-hospital-de-retaguarda-ja-esta-instalado-em-ipatinga","tag-ipatinga","tag-ipatinga-atinge-100-da-taxa-de-ocupacao-de-leitos-uti-covid-19-sus","tag-ipatinga-ativa-barreiras-sanitarias","tag-ipatinga-bate-recorde-de-novos-casos-de-covid-19-em-24-horas","tag-ipatinga-chega-a-200-casos-de-covid-19","tag-ipatinga-confirma-mais-dois-obitos-por-covid-19","tag-ipatinga-registra-68-novos-casos-de-covid-19","tag-ipatinga-registra-a-12a-morte-em-decorrencia-da-covid-19","tag-ipatinga-registra-a-13a-morte-em-decorrencia-da-covid-19","tag-ipatinga-registra-mais-29-casos-de-covid-19","tag-ipatinga-registra-mais-cinco-mortes-por-covid-19-e-soma-851-pessoas-infectadas","tag-ipatinga-registra-o-primeiro-obito-por-covid-19","tag-ipatinga-registra-o-quarto-obito-por-covid-19","tag-ipatinga-tem-476-casos-de-covid-19-249-pacientes-estao-recuperados-e-nove-morreram","tag-ipatinga-tem-quase-2-mil-casos-confirmados-de-covid-19-42-pacientes-morreram-e-1-463-estao-recuperados","tag-numero-de-casos-confirmados-de-covid-19-em-ipatinga-chega-a-340","tag-numero-de-casos-confirmados-de-covid-19-passa-de-500-em-ipatinga","tag-obito-por-coronavirus-em-ipatinga","tag-obito-por-covid-19-em-ipatinga","tag-prefeitura-de-ipatinga","tag-prefeitura-de-ipatinga-confirma-102-novos-casos-de-covid-19","tag-prefeitura-de-ipatinga-confirma-mais-27-casos-de-covid-19","tag-prefeitura-de-ipatinga-confirma-mais-duas-mortes-por-covid-19","tag-sobe-para-102-o-numero-de-casos-confirmados-de-covid-19-em-ipatinga","tag-sobe-para-14-o-numero-de-mortes-por-covid-19-em-ipatinga","tag-sobe-para-149-o-numero-de-casos-confirmados-de-coronavirus-em-ipatinga","tag-sobe-para-oito-o-numero-de-mortes-por-covid-19-em-ipatinga","tag-sobem-para-oito-os-obitos-por-covid-19-em-ipatinga","tag-sobem-para-seis-os-obitos-por-covid-19-em-ipatinga"],"_links":{"self":[{"href":"https:\/\/aconteceunovale.com.br\/portal\/index.php?rest_route=\/wp\/v2\/posts\/165030","targetHints":{"allow":["GET"]}}],"collection":[{"href":"https:\/\/aconteceunovale.com.br\/portal\/index.php?rest_route=\/wp\/v2\/posts"}],"about":[{"href":"https:\/\/aconteceunovale.com.br\/portal\/index.php?rest_route=\/wp\/v2\/types\/post"}],"author":[{"embeddable":true,"href":"https:\/\/aconteceunovale.com.br\/portal\/index.php?rest_route=\/wp\/v2\/users\/1"}],"replies":[{"embeddable":true,"href":"https:\/\/aconteceunovale.com.br\/portal\/index.php?rest_route=%2Fwp%2Fv2%2Fcomments&post=165030"}],"version-history":[{"count":1,"href":"https:\/\/aconteceunovale.com.br\/portal\/index.php?rest_route=\/wp\/v2\/posts\/165030\/revisions"}],"predecessor-version":[{"id":165032,"href":"https:\/\/aconteceunovale.com.br\/portal\/index.php?rest_route=\/wp\/v2\/posts\/165030\/revisions\/165032"}],"wp:featuredmedia":[{"embeddable":true,"href":"https:\/\/aconteceunovale.com.br\/portal\/index.php?rest_route=\/wp\/v2\/media\/165031"}],"wp:attachment":[{"href":"https:\/\/aconteceunovale.com.br\/portal\/index.php?rest_route=%2Fwp%2Fv2%2Fmedia&parent=165030"}],"wp:term":[{"taxonomy":"category","embeddable":true,"href":"https:\/\/aconteceunovale.com.br\/portal\/index.php?rest_route=%2Fwp%2Fv2%2Fcategories&post=165030"},{"taxonomy":"post_tag","embeddable":true,"href":"https:\/\/aconteceunovale.com.br\/portal\/index.php?rest_route=%2Fwp%2Fv2%2Ftags&post=165030"}],"curies":[{"name":"wp","href":"https:\/\/api.w.org\/{rel}","templated":true}]}}