{"id":165018,"date":"2020-07-01T00:12:52","date_gmt":"2020-07-01T03:12:52","guid":{"rendered":"https:\/\/aconteceunovale.com.br\/portal\/?p=165018"},"modified":"2020-07-01T00:13:36","modified_gmt":"2020-07-01T03:13:36","slug":"diamantina-confirma-obito-de-crianca-por-covid-19","status":"publish","type":"post","link":"https:\/\/aconteceunovale.com.br\/portal\/?p=165018","title":{"rendered":"Prefeitura de Diamantina confirma \u00f3bito de crian\u00e7a por Covid-19"},"content":{"rendered":"\n<p>A Prefeitura de Diamantina (MG) confirmou nesta ter\u00e7a-feira (30\/6\/2020) o primeiro \u00f3bito em decorr\u00eancia da Covid-19 no munic\u00edpio. Trata-se de uma crian\u00e7a, que j\u00e1 tinha comorbidades e estava internada no Hospital Nossa Senhora da Sa\u00fade.<\/p>\n\n\n\n<p>Diamantina tem 30 casos confirmados da doen\u00e7a. Segundo informa\u00e7\u00f5es do boletim epidemiol\u00f3gico, \u00e0s 18h, sete pacientes est\u00e3o em isolamento domiciliar e outros 22 j\u00e1 se recuperaram.<\/p>\n\n\n\n<p>Ainda segundo o boletim epidemiol\u00f3gico, 135 pessoas est\u00e3o classificadas como suspeitas de terem contra\u00eddo a doen\u00e7a. Dessas, 128 est\u00e3o em isolamento domiciliar e sete internadas.<\/p>\n\n\n\n<p>At\u00e9 hoje, conforme o boletim, 174 casos foram descartados por exames laboratoriais e 166 conclu\u00edram o monitoramento por crit\u00e9rio cl\u00ednico. O n\u00famero total de notifica\u00e7\u00f5es desde o in\u00edcio da pandemia \u00e9 de 505.<\/p>\n\n\n\n<p><strong>Confira o boletim de 30\/6\/2020:<\/strong><\/p>\n\n\n\n<figure class=\"wp-block-image size-large\"><img decoding=\"async\" src=\"https:\/\/aconteceu.info\/boletins\/corona_diamantina_30junho.png\" alt=\"\"\/><\/figure>\n\n\n\n<h2 class=\"wp-block-heading\"><strong>Munic\u00edpios com mais casos na Regional de Sa\u00fade de Diamantina<\/strong><\/h2>\n\n\n\n<figure class=\"wp-block-table\"><table><tbody><tr><td><strong>Munic\u00edpio<\/strong><\/td><td class=\"has-text-align-center\" data-align=\"center\"><strong>Casos<\/strong><\/td><td class=\"has-text-align-center\" data-align=\"center\"><strong>\u00d3bitos<\/strong><\/td><td class=\"has-text-align-center\" data-align=\"center\"><strong>Curados<\/strong><\/td><\/tr><tr><td>Concei\u00e7\u00e3o do Mato Dentro<\/td><td class=\"has-text-align-center\" data-align=\"center\">124<\/td><td class=\"has-text-align-center\" data-align=\"center\">1<\/td><td class=\"has-text-align-center\" data-align=\"center\">38<\/td><\/tr><tr><td>Diamantina<\/td><td class=\"has-text-align-center\" data-align=\"center\">30<\/td><td class=\"has-text-align-center\" data-align=\"center\">1<\/td><td class=\"has-text-align-center\" data-align=\"center\">22<\/td><\/tr><tr><td>Serro<\/td><td class=\"has-text-align-center\" data-align=\"center\">22<\/td><td class=\"has-text-align-center\" data-align=\"center\">1<\/td><td class=\"has-text-align-center\" data-align=\"center\">4<\/td><\/tr><\/tbody><\/table><\/figure>\n\n\n\n<p class=\"has-background has-very-light-gray-background-color\">Quer saber as not\u00edcias do <strong>Aconteceu no Vale<\/strong> em primeira m\u00e3o? Siga-nos no Facebook <a rel=\"noreferrer noopener\" href=\"http:\/\/facebook.com\/aconteceunovale\" target=\"_blank\">@aconteceunovale<\/a>, Twitter <a rel=\"noreferrer noopener\" href=\"https:\/\/twitter.com\/noticiadosvales\" target=\"_blank\">@noticiadosvales<\/a> e Instagram <a rel=\"noreferrer noopener\" href=\"https:\/\/www.instagram.com\/aconteceunovale\" target=\"_blank\">@aconteceunovale<\/a>.<\/p>\n","protected":false},"excerpt":{"rendered":"<p>A Prefeitura de Diamantina (MG) confirmou nesta ter\u00e7a-feira (30\/6\/2020) o primeiro \u00f3bito em decorr\u00eancia da Covid-19 no munic\u00edpio. Trata-se de uma crian\u00e7a, que j\u00e1 tinha comorbidades e estava internada no Hospital Nossa Senhora da Sa\u00fade. Diamantina tem 30 casos confirmados da doen\u00e7a. Segundo informa\u00e7\u00f5es do boletim epidemiol\u00f3gico, \u00e0s 18h, sete pacientes est\u00e3o em isolamento domiciliar [&hellip;]<\/p>\n","protected":false},"author":1,"featured_media":163320,"comment_status":"open","ping_status":"closed","sticky":false,"template":"","format":"standard","meta":{"amp_status":"","footnotes":""},"categories":[40242,120],"tags":[221709,223061,221708,223062,221707,223063,221710,223064,221711,223065,1018,198,221784,224677,221712,221713,222693,221716,221919,223071,221714,223072,223380,222429,221715,223077,223073,223074,223060,154,223066,223067,223068,223069,223070,221920,223075,222599,223076],"class_list":["post-165018","post","type-post","status-publish","format-standard","has-post-thumbnail","hentry","category-saude-2","category-jequi","tag-caso-confirmado-de-coronavirus-em-diamantina","tag-caso-confirmado-de-coronavirus-em-serro","tag-caso-de-coronavirus-em-diamantina","tag-caso-de-coronavirus-em-serro","tag-caso-de-covid-19-em-diamantina","tag-caso-de-covid-19-em-serro","tag-confirmado-o-primeiro-caso-de-coronavirus-em-diamantina","tag-confirmado-o-primeiro-caso-de-coronavirus-em-serro","tag-coronavirus-em-diamantina","tag-coronavirus-em-serro","tag-destaque","tag-diamantina","tag-diamantina-confirma-mais-quatro-casos-de-covid-19","tag-diamantina-confirma-obito-de-crianca-por-covid-19","tag-diamantina-coronavirus","tag-diamantina-covid-19","tag-diamantina-tem-cinco-pacientes-recuperados-da-covid-19","tag-diamantina-tem-primeiro-caso-confirmado-de-coronavirus","tag-novas-medidas-obrigatorias-para-os-supermercados-de-diamantina","tag-novas-medidas-obrigatorias-para-os-supermercados-de-serro","tag-paciente-com-coronavirus-em-diamantina","tag-paciente-com-coronavirus-em-serro","tag-prefeitura-de-diamantina-confirma-dois-novos-casos-de-covid-19","tag-prefeitura-de-diamantina-confirma-mais-um-caso-de-coronavirus","tag-prefeitura-de-diamantina-confirma-primeiro-caso-de-coronavirus","tag-prefeitura-de-diamantina-confirma-primeiro-obito-por-covid-19","tag-prefeitura-de-serro-confirma-mais-um-caso-de-coronavirus","tag-prefeitura-de-serro-confirma-primeiro-caso-de-coronavirus","tag-prefeitura-de-serro-confirma-primeiro-obito-por-covid-19","tag-serro","tag-serro-confirma-mais-quatro-casos-de-covid-19","tag-serro-coronavirus","tag-serro-covid-19","tag-serro-tem-cinco-pacientes-recuperados-da-covid-19","tag-serro-tem-primeiro-caso-confirmado-de-coronavirus","tag-sobe-para-7-o-numero-de-casos-confirmados-de-covid-19-em-diamantina","tag-sobe-para-7-o-numero-de-casos-confirmados-de-covid-19-em-serro","tag-sobe-para-9-o-numero-de-casos-confirmados-de-covid-19-em-diamantina","tag-sobe-para-9-o-numero-de-casos-confirmados-de-covid-19-em-serro"],"_links":{"self":[{"href":"https:\/\/aconteceunovale.com.br\/portal\/index.php?rest_route=\/wp\/v2\/posts\/165018","targetHints":{"allow":["GET"]}}],"collection":[{"href":"https:\/\/aconteceunovale.com.br\/portal\/index.php?rest_route=\/wp\/v2\/posts"}],"about":[{"href":"https:\/\/aconteceunovale.com.br\/portal\/index.php?rest_route=\/wp\/v2\/types\/post"}],"author":[{"embeddable":true,"href":"https:\/\/aconteceunovale.com.br\/portal\/index.php?rest_route=\/wp\/v2\/users\/1"}],"replies":[{"embeddable":true,"href":"https:\/\/aconteceunovale.com.br\/portal\/index.php?rest_route=%2Fwp%2Fv2%2Fcomments&post=165018"}],"version-history":[{"count":2,"href":"https:\/\/aconteceunovale.com.br\/portal\/index.php?rest_route=\/wp\/v2\/posts\/165018\/revisions"}],"predecessor-version":[{"id":165020,"href":"https:\/\/aconteceunovale.com.br\/portal\/index.php?rest_route=\/wp\/v2\/posts\/165018\/revisions\/165020"}],"wp:featuredmedia":[{"embeddable":true,"href":"https:\/\/aconteceunovale.com.br\/portal\/index.php?rest_route=\/wp\/v2\/media\/163320"}],"wp:attachment":[{"href":"https:\/\/aconteceunovale.com.br\/portal\/index.php?rest_route=%2Fwp%2Fv2%2Fmedia&parent=165018"}],"wp:term":[{"taxonomy":"category","embeddable":true,"href":"https:\/\/aconteceunovale.com.br\/portal\/index.php?rest_route=%2Fwp%2Fv2%2Fcategories&post=165018"},{"taxonomy":"post_tag","embeddable":true,"href":"https:\/\/aconteceunovale.com.br\/portal\/index.php?rest_route=%2Fwp%2Fv2%2Ftags&post=165018"}],"curies":[{"name":"wp","href":"https:\/\/api.w.org\/{rel}","templated":true}]}}