{"id":165013,"date":"2020-06-30T23:21:55","date_gmt":"2020-07-01T02:21:55","guid":{"rendered":"https:\/\/aconteceunovale.com.br\/portal\/?p=165013"},"modified":"2020-06-30T23:22:21","modified_gmt":"2020-07-01T02:22:21","slug":"ipatinga-tem-quase-2-mil-casos-confirmados-de-covid-19-42-pacientes-morreram-e-1-463-estao-recuperados","status":"publish","type":"post","link":"https:\/\/aconteceunovale.com.br\/portal\/?p=165013","title":{"rendered":"Ipatinga tem quase 2 mil casos confirmados de Covid-19; 42 pacientes morreram e 1.463 est\u00e3o recuperados"},"content":{"rendered":"\n<p>A Prefeitura de Ipatinga confirmou nesta ter\u00e7a-feira (30\/6\/2020) a morte de dois homens e de uma mulher em decorr\u00eancia de complica\u00e7\u00f5es por Covid-19. Com esses tr\u00eas novos registros, sobe para 42 o n\u00famero de \u00f3bitos por coronav\u00edrus na cidade.<\/p>\n\n\n\n<p>Um dos pacientes masculinos, de 88 anos, era morador do bairro Vale do Sol e morreu nesta ter\u00e7a-feira (30\/6). Ele estava internado no Hospital Municipal de Ipatinga desde 17 de junho, sendo submetido ao teste RT-PCR na mesma data. O resultado positivo para a doen\u00e7a foi liberado em 22 de junho.<\/p>\n\n\n\n<p><strong>Outros dois \u00f3bitos<\/strong><\/p>\n\n\n\n<p>Os outros dois pacientes estavam internados no Hospital M\u00e1rcio Cunha. Um deles \u00e9 um homem de 82 anos, que veio a \u00f3bito ontem (29). Ele era morador do bairro Bom Retiro e foi submetido ao teste RT-PCR no dia 13 de junho. O resultado saiu no dia 18.&nbsp;<\/p>\n\n\n\n<p>J\u00e1 o outro \u00f3bito aconteceu no dia 24 de junho. Trata-se uma mulher de 68 anos, moradora do bairro Novo Cruzeiro. Ela foi submetida ao teste RT-PCR no dia em que veio a \u00f3bito, mas o resultado do exame conclusivo para Covid-19 foi liberado somente no dia 29 de junho.<\/p>\n\n\n\n<h2 class=\"wp-block-heading\"><strong>Recorde de casos confirmados<\/strong><\/h2>\n\n\n\n<p>O munic\u00edpio Ipatinga registrou mais 135 casos de Covid-19. O total de moradores do munic\u00edpio atingidos pelo novo coronav\u00edrus subiu de 1.863 para 1.998.<\/p>\n\n\n\n<p>De acordo com o boletim epidemiol\u00f3gico, 1.463 pacientes est\u00e3o recuperados (curados) e 42 morreram (tr\u00eas a mais que ontem). 4.419 casos suspeitos foram notificados, sendo que 2.817 cumpriram o isolamento domiciliar e 1.602 seguem em monitoramento.<\/p>\n\n\n\n<p>O boletim aponta ainda que 3.132 casos foram descartados com base em resultados de testes r\u00e1pidos (622) e de exames RT-PCR (2.510).<\/p>\n\n\n\n<p><strong>Confira o boletim de 30\/6\/2020:<\/strong><\/p>\n\n\n\n<figure class=\"wp-block-image size-large\"><img decoding=\"async\" src=\"https:\/\/aconteceu.info\/boletins\/corona_ipatinga_30junho_1.jpeg\" alt=\"\"\/><\/figure>\n\n\n\n<figure class=\"wp-block-image size-large\"><img decoding=\"async\" src=\"https:\/\/aconteceu.info\/boletins\/corona_ipatinga_30junho_2.jpeg\" alt=\"\"\/><\/figure>\n\n\n\n<figure class=\"wp-block-image size-large\"><img decoding=\"async\" src=\"https:\/\/aconteceu.info\/boletins\/corona_ipatinga_30junho_3.jpeg\" alt=\"\"\/><\/figure>\n\n\n\n<h2 class=\"wp-block-heading\"><strong>Munic\u00edpios com mais casos na Regional de Sa\u00fade de Coronel Fabriciano<\/strong><\/h2>\n\n\n\n<figure class=\"wp-block-table\"><table><tbody><tr><td><strong>Munic\u00edpio<\/strong><\/td><td class=\"has-text-align-center\" data-align=\"center\"><strong>Casos<\/strong><\/td><td class=\"has-text-align-center\" data-align=\"center\"><strong>\u00d3bitos<\/strong><\/td><td class=\"has-text-align-center\" data-align=\"center\"><strong>Curados<\/strong><\/td><\/tr><tr><td>Ipatinga<\/td><td class=\"has-text-align-center\" data-align=\"center\">1.998<\/td><td class=\"has-text-align-center\" data-align=\"center\">42<\/td><td class=\"has-text-align-center\" data-align=\"center\">1.463<\/td><\/tr><tr><td>Coronel Fabriciano<\/td><td class=\"has-text-align-center\" data-align=\"center\">609<\/td><td class=\"has-text-align-center\" data-align=\"center\">9<\/td><td class=\"has-text-align-center\" data-align=\"center\">502<\/td><\/tr><tr><td>Santana do Para\u00edso<\/td><td class=\"has-text-align-center\" data-align=\"center\">518<\/td><td class=\"has-text-align-center\" data-align=\"center\">12<\/td><td class=\"has-text-align-center\" data-align=\"center\">272<\/td><\/tr><tr><td>Tim\u00f3teo<\/td><td class=\"has-text-align-center\" data-align=\"center\">278<\/td><td class=\"has-text-align-center\" data-align=\"center\">6<\/td><td class=\"has-text-align-center\" data-align=\"center\">90<\/td><\/tr><tr><td>Caratinga<\/td><td class=\"has-text-align-center\" data-align=\"center\">262<\/td><td class=\"has-text-align-center\" data-align=\"center\">8<\/td><td class=\"has-text-align-center\" data-align=\"center\">93<\/td><\/tr><tr><td>Belo Oriente<\/td><td class=\"has-text-align-center\" data-align=\"center\">103<\/td><td class=\"has-text-align-center\" data-align=\"center\">4<\/td><td class=\"has-text-align-center\" data-align=\"center\">37<\/td><\/tr><tr><td>Ipaba<\/td><td class=\"has-text-align-center\" data-align=\"center\">70<\/td><td class=\"has-text-align-center\" data-align=\"center\">4<\/td><td class=\"has-text-align-center\" data-align=\"center\">54<\/td><\/tr><\/tbody><\/table><\/figure>\n\n\n\n<p class=\"has-background has-very-light-gray-background-color\">Quer saber as not\u00edcias do <strong>Aconteceu no Vale<\/strong> em primeira m\u00e3o? Siga-nos no Facebook <a rel=\"noreferrer noopener\" href=\"http:\/\/facebook.com\/aconteceunovale\" target=\"_blank\">@aconteceunovale<\/a>, Twitter <a rel=\"noreferrer noopener\" href=\"https:\/\/twitter.com\/noticiadosvales\" target=\"_blank\">@noticiadosvales<\/a> e Instagram <a rel=\"noreferrer noopener\" href=\"https:\/\/www.instagram.com\/aconteceunovale\" target=\"_blank\">@aconteceunovale<\/a>.<\/p>\n","protected":false},"excerpt":{"rendered":"<p>A Prefeitura de Ipatinga confirmou nesta ter\u00e7a-feira (30\/6\/2020) a morte de dois homens e de uma mulher em decorr\u00eancia de complica\u00e7\u00f5es por Covid-19. Com esses tr\u00eas novos registros, sobe para 42 o n\u00famero de \u00f3bitos por coronav\u00edrus na cidade. Um dos pacientes masculinos, de 88 anos, era morador do bairro Vale do Sol e morreu [&hellip;]<\/p>\n","protected":false},"author":1,"featured_media":163432,"comment_status":"open","ping_status":"closed","sticky":false,"template":"","format":"standard","meta":{"amp_status":"","footnotes":""},"categories":[121,40242],"tags":[222294,222296,214884,217741,223138,216498,223477,223378,222878,222972,222975,223135,223136,223134,201,223028,222974,223926,222596,222641,223207,223290,223341,222754,223698,222370,222849,223078,224676,222917,223137,222369,222368,46322,223961,222852,223133,222295,223435,222417,223029,223027,222973],"class_list":["post-165013","post","type-post","status-publish","format-standard","has-post-thumbnail","hentry","category-leste","category-saude-2","tag-casos-confirmados-de-coronavirus-em-ipatinga","tag-casos-confirmados-de-covid-19-em-ipatinga","tag-coronavirus","tag-coronavirus-em-ipatinga","tag-coronavirus-em-ipatinga-numero-de-casos-confirmados-passa-de-500","tag-covid-19","tag-covid-19-ipatinga-registra-mais-49-casos-e-dois-obitos","tag-covid-19-ipatinga-tem-13-obitos-e-650-casos-confirmados","tag-covid-19-ipatinga-tem-319-casos-confirmados-e-4-obitos","tag-covid-19-prefeitura-de-ipatinga-confirma-mais-30-casos-e-dois-obitos","tag-equipe-do-ibope-realiza-segunda-fase-de-pesquisa-sobre-coronavirus-em-ipatinga","tag-hospital-de-campanha-em-ipatinga","tag-hospital-de-retaguarda-em-ipatinga","tag-hospital-de-retaguarda-ja-esta-instalado-em-ipatinga","tag-ipatinga","tag-ipatinga-atinge-100-da-taxa-de-ocupacao-de-leitos-uti-covid-19-sus","tag-ipatinga-ativa-barreiras-sanitarias","tag-ipatinga-bate-recorde-de-novos-casos-de-covid-19-em-24-horas","tag-ipatinga-chega-a-200-casos-de-covid-19","tag-ipatinga-confirma-mais-dois-obitos-por-covid-19","tag-ipatinga-registra-68-novos-casos-de-covid-19","tag-ipatinga-registra-a-12a-morte-em-decorrencia-da-covid-19","tag-ipatinga-registra-a-13a-morte-em-decorrencia-da-covid-19","tag-ipatinga-registra-mais-29-casos-de-covid-19","tag-ipatinga-registra-mais-cinco-mortes-por-covid-19-e-soma-851-pessoas-infectadas","tag-ipatinga-registra-o-primeiro-obito-por-covid-19","tag-ipatinga-registra-o-quarto-obito-por-covid-19","tag-ipatinga-tem-476-casos-de-covid-19-249-pacientes-estao-recuperados-e-nove-morreram","tag-ipatinga-tem-quase-2-mil-casos-confirmados-de-covid-19-42-pacientes-morreram-e-1-463-estao-recuperados","tag-numero-de-casos-confirmados-de-covid-19-em-ipatinga-chega-a-340","tag-numero-de-casos-confirmados-de-covid-19-passa-de-500-em-ipatinga","tag-obito-por-coronavirus-em-ipatinga","tag-obito-por-covid-19-em-ipatinga","tag-prefeitura-de-ipatinga","tag-prefeitura-de-ipatinga-confirma-102-novos-casos-de-covid-19","tag-prefeitura-de-ipatinga-confirma-mais-27-casos-de-covid-19","tag-prefeitura-de-ipatinga-confirma-mais-duas-mortes-por-covid-19","tag-sobe-para-102-o-numero-de-casos-confirmados-de-covid-19-em-ipatinga","tag-sobe-para-14-o-numero-de-mortes-por-covid-19-em-ipatinga","tag-sobe-para-149-o-numero-de-casos-confirmados-de-coronavirus-em-ipatinga","tag-sobe-para-oito-o-numero-de-mortes-por-covid-19-em-ipatinga","tag-sobem-para-oito-os-obitos-por-covid-19-em-ipatinga","tag-sobem-para-seis-os-obitos-por-covid-19-em-ipatinga"],"_links":{"self":[{"href":"https:\/\/aconteceunovale.com.br\/portal\/index.php?rest_route=\/wp\/v2\/posts\/165013","targetHints":{"allow":["GET"]}}],"collection":[{"href":"https:\/\/aconteceunovale.com.br\/portal\/index.php?rest_route=\/wp\/v2\/posts"}],"about":[{"href":"https:\/\/aconteceunovale.com.br\/portal\/index.php?rest_route=\/wp\/v2\/types\/post"}],"author":[{"embeddable":true,"href":"https:\/\/aconteceunovale.com.br\/portal\/index.php?rest_route=\/wp\/v2\/users\/1"}],"replies":[{"embeddable":true,"href":"https:\/\/aconteceunovale.com.br\/portal\/index.php?rest_route=%2Fwp%2Fv2%2Fcomments&post=165013"}],"version-history":[{"count":1,"href":"https:\/\/aconteceunovale.com.br\/portal\/index.php?rest_route=\/wp\/v2\/posts\/165013\/revisions"}],"predecessor-version":[{"id":165014,"href":"https:\/\/aconteceunovale.com.br\/portal\/index.php?rest_route=\/wp\/v2\/posts\/165013\/revisions\/165014"}],"wp:featuredmedia":[{"embeddable":true,"href":"https:\/\/aconteceunovale.com.br\/portal\/index.php?rest_route=\/wp\/v2\/media\/163432"}],"wp:attachment":[{"href":"https:\/\/aconteceunovale.com.br\/portal\/index.php?rest_route=%2Fwp%2Fv2%2Fmedia&parent=165013"}],"wp:term":[{"taxonomy":"category","embeddable":true,"href":"https:\/\/aconteceunovale.com.br\/portal\/index.php?rest_route=%2Fwp%2Fv2%2Fcategories&post=165013"},{"taxonomy":"post_tag","embeddable":true,"href":"https:\/\/aconteceunovale.com.br\/portal\/index.php?rest_route=%2Fwp%2Fv2%2Ftags&post=165013"}],"curies":[{"name":"wp","href":"https:\/\/api.w.org\/{rel}","templated":true}]}}