{"id":165006,"date":"2020-06-30T22:24:40","date_gmt":"2020-07-01T01:24:40","guid":{"rendered":"https:\/\/aconteceunovale.com.br\/portal\/?p=165006"},"modified":"2020-07-02T16:43:29","modified_gmt":"2020-07-02T19:43:29","slug":"tempestades-provocam-tres-mortes-em-santa-catarina","status":"publish","type":"post","link":"https:\/\/aconteceunovale.com.br\/portal\/?p=165006","title":{"rendered":"Tempestades provocam tr\u00eas mortes em Santa Catarina"},"content":{"rendered":"\n<p class=\"wp-block-paragraph\">Os ventos fortes e chuvas que atingiram Santa Catarina nesta ter\u00e7a-feira (30\/6\/2020) deixaram tr\u00eas mortos, segundo levantamento do Corpo de Bombeiros Militar do estado, at\u00e9 as 18h. Uma idosa de 78 anos morreu em Chapec\u00f3 atingida por uma \u00e1rvore, e um homem, em Santo Amaro da Imperatriz, morreu ap\u00f3s ser atingido por fios de alta-tens\u00e3o. A terceira morte ocorreu na cidade de Tijucas ap\u00f3s um desabamento. No local, outra pessoa est\u00e1 desaparecida.\u00a0<\/p>\n\n\n\n<p class=\"wp-block-paragraph\">Segundo levantamento das coordenadorias regionais da Defesa Civil de Santa Catarina, 25 munic\u00edpios foram atingidos no estado e os bombeiros atenderam a 900 ocorr\u00eancias. A Defesa Civil relatou que ventos chegaram a 120km\/h no Morro da Igreja, no Parque Nacional de S\u00e3o Joaquim, pr\u00f3ximo ao munic\u00edpio de Bom Jardim da Serra.<\/p>\n\n\n\n<p class=\"wp-block-paragraph\">Pelo Twitter, o governador Carlos Mois\u00e9s afirmou que as equipes da Defesa Civil e outros \u00f3rg\u00e3os do governo estadual continuam monitorando a situa\u00e7\u00e3o. \u201cVamos empenhar todos os esfor\u00e7os necess\u00e1rios para n\u00e3o deixar ningu\u00e9m desassistido\u201d, escreveu na rede social. \u201cNossas equipes seguem com o trabalho nas regi\u00f5es atingidas. Recebo com muita tristeza a not\u00edcia de que pelo menos tr\u00eas pessoas perderam a vida em decorr\u00eancia do vendaval. Minha solidariedade a todas estas fam\u00edlias\u201d disse o governador.<\/p>\n\n\n\n<p class=\"wp-block-paragraph\">Segundo Mois\u00e9s, muitas cidades est\u00e3o sem sinal de telefone e internet e h\u00e1 mais de 1 milh\u00e3o de unidades consumidoras sem eletricidade. Ele pediu \u00e0 popula\u00e7\u00e3o que fique em local seguro, pois essa situa\u00e7\u00e3o dificulta a comunica\u00e7\u00e3o. \u201cCaso esteja em situa\u00e7\u00e3o de perigo, procure manter a calma e tente acionar os Bombeiros no 193.\u201d<\/p>\n\n\n\n<figure class=\"wp-block-gallery columns-1 is-cropped wp-block-gallery-1 is-layout-flex wp-block-gallery-is-layout-flex\"><ul class=\"blocks-gallery-grid\"><li class=\"blocks-gallery-item\"><figure><img loading=\"lazy\" decoding=\"async\" width=\"678\" height=\"406\" src=\"https:\/\/aconteceunovale.com.br\/portal\/wp-content\/uploads\/2020\/06\/chuva_santa_catarina.jpg\" alt=\"\" data-id=\"165007\" data-full-url=\"https:\/\/aconteceunovale.com.br\/portal\/wp-content\/uploads\/2020\/06\/chuva_santa_catarina.jpg\" data-link=\"https:\/\/aconteceunovale.com.br\/portal\/?attachment_id=165007\" class=\"wp-image-165007\" srcset=\"https:\/\/aconteceunovale.com.br\/portal\/wp-content\/uploads\/2020\/06\/chuva_santa_catarina.jpg 678w, https:\/\/aconteceunovale.com.br\/portal\/wp-content\/uploads\/2020\/06\/chuva_santa_catarina-300x180.jpg 300w\" sizes=\"auto, (max-width: 678px) 100vw, 678px\" \/><figcaption class=\"blocks-gallery-item__caption\"><em>Galp\u00e3o destru\u00eddo no munic\u00edpio de Palmitos &#8211; Foto: Divulga\u00e7\u00e3o \/ Defesa Civil de SC<\/em><\/figcaption><\/figure><\/li><\/ul><\/figure>\n\n\n\n<h2 class=\"wp-block-heading\"><strong>Paran\u00e1<\/strong><\/h2>\n\n\n\n<p class=\"wp-block-paragraph\">As fortes chuvas tamb\u00e9m chegaram ao Paran\u00e1, atingindo entre outras, a capital do estado, Curitiba, e cidades pr\u00f3ximas. At\u00e9 as 19h desta ter\u00e7a-feira (30), a prefeitura de Curitiba registrou 406 solicita\u00e7\u00f5es de ocorr\u00eancias com quedas de \u00e1rvores ou galhos, em vias p\u00fablicas e terrenos particulares. No entanto, muitas chamadas foram para um mesmo endere\u00e7o.<\/p>\n\n\n\n<p class=\"wp-block-paragraph\">\u201cEnquanto estiver chovendo, a orienta\u00e7\u00e3o da Defesa Civil \u00e9 que se evite sair de casa. Se a pessoa j\u00e1 estiver na rua, deve evitar se abrigar embaixo de \u00e1rvores e de estruturas met\u00e1licas, estando a p\u00e9 ou de carro. Redobre a aten\u00e7\u00e3o e reduza a velocidade\u201d, diz boletim da Defesa Civil de Curitiba.<\/p>\n\n\n\n<p class=\"wp-block-paragraph\">Segundo o Sistema de Tecnologia e Monitoramento Ambiental do Paran\u00e1 (Simepar),&nbsp;<em>site<\/em>&nbsp;de meteorologia oficial do Paran\u00e1, uma nova frente fria formou-se nesta ter\u00e7a-feira sobre o Sul do Brasil, com acumulados acima dos 100 mil\u00edmetros em alguns munic\u00edpios dos dois estados.&nbsp;<\/p>\n\n\n\n<p class=\"wp-block-paragraph\">\u201cEste sistema frontal avan\u00e7a tamb\u00e9m pelo Paran\u00e1 ao longo do dia, mas com chuva menos expressiva prevista. Algum temporal pontual n\u00e3o est\u00e1 descartado, e os ventos de norte\/noroeste sopram com intensidade moderada a forte por alguns momentos\u201d, diz nota no\u00a0<em>site<\/em>.<\/p>\n\n\n\n<p class=\"has-background has-very-light-gray-background-color wp-block-paragraph\">Quer saber as not\u00edcias do <strong>Aconteceu no Vale<\/strong> em primeira m\u00e3o? Siga-nos no Facebook <a rel=\"noreferrer noopener\" href=\"http:\/\/facebook.com\/aconteceunovale\" target=\"_blank\">@aconteceunovale<\/a>, Twitter <a rel=\"noreferrer noopener\" href=\"https:\/\/twitter.com\/noticiadosvales\" target=\"_blank\">@noticiadosvales<\/a> e Instagram <a rel=\"noreferrer noopener\" href=\"https:\/\/www.instagram.com\/aconteceunovale\" target=\"_blank\">@aconteceunovale<\/a>.<\/p>\n","protected":false},"excerpt":{"rendered":"<p>Os ventos fortes e chuvas que atingiram Santa Catarina nesta ter\u00e7a-feira (30\/6\/2020) deixaram tr\u00eas mortos, segundo levantamento do Corpo de Bombeiros Militar do estado, at\u00e9 as 18h. Uma idosa de 78 anos morreu em Chapec\u00f3 atingida por uma \u00e1rvore, e um homem, em Santo Amaro da Imperatriz, morreu ap\u00f3s ser atingido por fios de alta-tens\u00e3o. [&hellip;]<\/p>\n","protected":false},"author":1,"featured_media":165007,"comment_status":"open","ping_status":"closed","sticky":false,"template":"","format":"standard","meta":{"amp_status":"","footnotes":""},"categories":[6],"tags":[98903,196961,9083,224668,224712,224714,224715,224713,224716,224717,224718,224671,224673,224672,224669,224666,224665,224670,224667],"class_list":["post-165006","post","type-post","status-publish","format-standard","has-post-thumbnail","hentry","category-br","tag-bom-jardim-da-serra","tag-carlos-moises","tag-chapeco","tag-chuvas-fortes-em-santa-catarina","tag-ciclone-bomba","tag-ciclone-bomba-no-parana","tag-ciclone-bomba-no-rio-grande-do-sul","tag-ciclone-bomba-santa-catarina","tag-ciclone-em-santa-catarina","tag-ciclone-no-parana","tag-ciclone-no-rio-grande-do-sul","tag-defesa-civil-de-santa-catarina","tag-governador-carlos-moises","tag-parque-nacional-de-sao-joaquim","tag-santo-amaro-da-imperatriz","tag-tempestades-em-santa-catarina","tag-tempestades-provocam-tres-mortes-em-santa-catarina","tag-tijucas","tag-ventos-e-chuvas-fortes-em-santa-catarina"],"yoast_head":"<!-- This site is optimized with the Yoast SEO plugin v28.3 - https:\/\/yoast.com\/product\/yoast-seo-wordpress\/ -->\n<title>Tempestades provocam tr\u00eas mortes em Santa Catarina - Aconteceu no Vale<\/title>\n<meta name=\"robots\" content=\"index, follow, max-snippet:-1, max-image-preview:large, max-video-preview:-1\" \/>\n<link rel=\"canonical\" href=\"https:\/\/aconteceunovale.com.br\/portal\/?p=165006\" \/>\n<meta property=\"og:locale\" content=\"pt_BR\" \/>\n<meta property=\"og:type\" content=\"article\" \/>\n<meta property=\"og:title\" content=\"Tempestades provocam tr\u00eas mortes em Santa Catarina - Aconteceu no Vale\" \/>\n<meta property=\"og:description\" content=\"Os ventos fortes e chuvas que atingiram Santa Catarina nesta ter\u00e7a-feira (30\/6\/2020) deixaram tr\u00eas mortos, segundo levantamento do Corpo de Bombeiros Militar do estado, at\u00e9 as 18h. Uma idosa de 78 anos morreu em Chapec\u00f3 atingida por uma \u00e1rvore, e um homem, em Santo Amaro da Imperatriz, morreu ap\u00f3s ser atingido por fios de alta-tens\u00e3o. [&hellip;]\" \/>\n<meta property=\"og:url\" content=\"https:\/\/aconteceunovale.com.br\/portal\/?p=165006\" \/>\n<meta property=\"og:site_name\" content=\"Aconteceu no Vale\" \/>\n<meta property=\"article:publisher\" content=\"https:\/\/www.facebook.com\/aconteceunovale\/\" \/>\n<meta property=\"article:published_time\" content=\"2020-07-01T01:24:40+00:00\" \/>\n<meta property=\"article:modified_time\" content=\"2020-07-02T19:43:29+00:00\" \/>\n<meta property=\"og:image\" content=\"https:\/\/aconteceunovale.com.br\/portal\/wp-content\/uploads\/2020\/06\/chuva_santa_catarina.jpg\" \/>\n\t<meta property=\"og:image:width\" content=\"678\" \/>\n\t<meta property=\"og:image:height\" content=\"406\" \/>\n\t<meta property=\"og:image:type\" content=\"image\/jpeg\" \/>\n<meta name=\"author\" content=\"Aconteceu no Vale\" \/>\n<meta name=\"twitter:card\" content=\"summary_large_image\" \/>\n<meta name=\"twitter:creator\" content=\"@noticiadosvales\" \/>\n<meta name=\"twitter:site\" content=\"@noticiadosvales\" \/>\n<meta name=\"twitter:label1\" content=\"Escrito por\" \/>\n\t<meta name=\"twitter:data1\" content=\"Aconteceu no Vale\" \/>\n\t<meta name=\"twitter:label2\" content=\"Est. tempo de leitura\" \/>\n\t<meta name=\"twitter:data2\" content=\"3 minutos\" \/>\n<script type=\"application\/ld+json\" class=\"yoast-schema-graph\">{\"@context\":\"https:\\\/\\\/schema.org\",\"@graph\":[{\"@type\":\"Article\",\"@id\":\"https:\\\/\\\/aconteceunovale.com.br\\\/portal\\\/?p=165006#article\",\"isPartOf\":{\"@id\":\"https:\\\/\\\/aconteceunovale.com.br\\\/portal\\\/?p=165006\"},\"author\":{\"name\":\"Aconteceu no Vale\",\"@id\":\"https:\\\/\\\/aconteceunovale.com.br\\\/portal\\\/#\\\/schema\\\/person\\\/633529146f2c94272bef50ac2953d589\"},\"headline\":\"Tempestades provocam tr\u00eas mortes em Santa Catarina\",\"datePublished\":\"2020-07-01T01:24:40+00:00\",\"dateModified\":\"2020-07-02T19:43:29+00:00\",\"mainEntityOfPage\":{\"@id\":\"https:\\\/\\\/aconteceunovale.com.br\\\/portal\\\/?p=165006\"},\"wordCount\":528,\"commentCount\":0,\"image\":{\"@id\":\"https:\\\/\\\/aconteceunovale.com.br\\\/portal\\\/?p=165006#primaryimage\"},\"thumbnailUrl\":\"https:\\\/\\\/aconteceunovale.com.br\\\/portal\\\/wp-content\\\/uploads\\\/2020\\\/06\\\/chuva_santa_catarina.jpg\",\"keywords\":[\"Bom Jardim da Serra\",\"Carlos Mois\u00e9s\",\"Chapec\u00f3\",\"Chuvas fortes em Santa Catarina\",\"Ciclone bomba\",\"Ciclone bomba no Paran\u00e1\",\"Ciclone bomba no Rio Grande do Sul\",\"Ciclone bomba Santa Catarina\",\"Ciclone em Santa Catarina\",\"Ciclone no Paran\u00e1\",\"Ciclone no Rio Grande do Sul\",\"Defesa Civil de Santa Catarina\",\"Governador Carlos Mois\u00e9s\",\"Parque Nacional de S\u00e3o Joaquim\",\"Santo Amaro da Imperatriz\",\"Tempestades em Santa Catarina\",\"Tempestades provocam tr\u00eas mortes em Santa Catarina\",\"Tijucas\",\"Ventos e chuvas fortes em Santa Catarina\"],\"articleSection\":[\"Brasil\"],\"inLanguage\":\"pt-BR\",\"potentialAction\":[{\"@type\":\"CommentAction\",\"name\":\"Comment\",\"target\":[\"https:\\\/\\\/aconteceunovale.com.br\\\/portal\\\/?p=165006#respond\"]}]},{\"@type\":\"WebPage\",\"@id\":\"https:\\\/\\\/aconteceunovale.com.br\\\/portal\\\/?p=165006\",\"url\":\"https:\\\/\\\/aconteceunovale.com.br\\\/portal\\\/?p=165006\",\"name\":\"Tempestades provocam tr\u00eas mortes em Santa Catarina - Aconteceu no Vale\",\"isPartOf\":{\"@id\":\"https:\\\/\\\/aconteceunovale.com.br\\\/portal\\\/#website\"},\"primaryImageOfPage\":{\"@id\":\"https:\\\/\\\/aconteceunovale.com.br\\\/portal\\\/?p=165006#primaryimage\"},\"image\":{\"@id\":\"https:\\\/\\\/aconteceunovale.com.br\\\/portal\\\/?p=165006#primaryimage\"},\"thumbnailUrl\":\"https:\\\/\\\/aconteceunovale.com.br\\\/portal\\\/wp-content\\\/uploads\\\/2020\\\/06\\\/chuva_santa_catarina.jpg\",\"datePublished\":\"2020-07-01T01:24:40+00:00\",\"dateModified\":\"2020-07-02T19:43:29+00:00\",\"author\":{\"@id\":\"https:\\\/\\\/aconteceunovale.com.br\\\/portal\\\/#\\\/schema\\\/person\\\/633529146f2c94272bef50ac2953d589\"},\"breadcrumb\":{\"@id\":\"https:\\\/\\\/aconteceunovale.com.br\\\/portal\\\/?p=165006#breadcrumb\"},\"inLanguage\":\"pt-BR\",\"potentialAction\":[{\"@type\":\"ReadAction\",\"target\":[\"https:\\\/\\\/aconteceunovale.com.br\\\/portal\\\/?p=165006\"]}]},{\"@type\":\"ImageObject\",\"inLanguage\":\"pt-BR\",\"@id\":\"https:\\\/\\\/aconteceunovale.com.br\\\/portal\\\/?p=165006#primaryimage\",\"url\":\"https:\\\/\\\/aconteceunovale.com.br\\\/portal\\\/wp-content\\\/uploads\\\/2020\\\/06\\\/chuva_santa_catarina.jpg\",\"contentUrl\":\"https:\\\/\\\/aconteceunovale.com.br\\\/portal\\\/wp-content\\\/uploads\\\/2020\\\/06\\\/chuva_santa_catarina.jpg\",\"width\":678,\"height\":406,\"caption\":\"Galp\u00e3o destru\u00eddo no munic\u00edpio de palmitos. Foto: Divulga\u00e7\u00e3o DCSC\"},{\"@type\":\"BreadcrumbList\",\"@id\":\"https:\\\/\\\/aconteceunovale.com.br\\\/portal\\\/?p=165006#breadcrumb\",\"itemListElement\":[{\"@type\":\"ListItem\",\"position\":1,\"name\":\"In\u00edcio\",\"item\":\"https:\\\/\\\/aconteceunovale.com.br\\\/portal\\\/\"},{\"@type\":\"ListItem\",\"position\":2,\"name\":\"Tempestades provocam tr\u00eas mortes em Santa Catarina\"}]},{\"@type\":\"WebSite\",\"@id\":\"https:\\\/\\\/aconteceunovale.com.br\\\/portal\\\/#website\",\"url\":\"https:\\\/\\\/aconteceunovale.com.br\\\/portal\\\/\",\"name\":\"Aconteceu no Vale\",\"description\":\"Portal de Not\u00edcias\",\"potentialAction\":[{\"@type\":\"SearchAction\",\"target\":{\"@type\":\"EntryPoint\",\"urlTemplate\":\"https:\\\/\\\/aconteceunovale.com.br\\\/portal\\\/?s={search_term_string}\"},\"query-input\":{\"@type\":\"PropertyValueSpecification\",\"valueRequired\":true,\"valueName\":\"search_term_string\"}}],\"inLanguage\":\"pt-BR\"},{\"@type\":\"Person\",\"@id\":\"https:\\\/\\\/aconteceunovale.com.br\\\/portal\\\/#\\\/schema\\\/person\\\/633529146f2c94272bef50ac2953d589\",\"name\":\"Aconteceu no Vale\",\"description\":\"Equipe de reportagem do Aconteceu no Vale, portal de not\u00edcias do Vale do Jequitinhonha, em Minas Gerais. Cobrimos as 51 cidades do Vale desde 2013. Sugest\u00f5es de pauta e pedidos de corre\u00e7\u00e3o: contato@aconteceunovale.com.br\",\"sameAs\":[\"http:\\\/\\\/www.aconteceunovale.com.br\"],\"url\":\"https:\\\/\\\/aconteceunovale.com.br\\\/portal\\\/?author=1\"}]}<\/script>\n<!-- \/ Yoast SEO plugin. -->","yoast_head_json":{"title":"Tempestades provocam tr\u00eas mortes em Santa Catarina - Aconteceu no Vale","robots":{"index":"index","follow":"follow","max-snippet":"max-snippet:-1","max-image-preview":"max-image-preview:large","max-video-preview":"max-video-preview:-1"},"canonical":"https:\/\/aconteceunovale.com.br\/portal\/?p=165006","og_locale":"pt_BR","og_type":"article","og_title":"Tempestades provocam tr\u00eas mortes em Santa Catarina - Aconteceu no Vale","og_description":"Os ventos fortes e chuvas que atingiram Santa Catarina nesta ter\u00e7a-feira (30\/6\/2020) deixaram tr\u00eas mortos, segundo levantamento do Corpo de Bombeiros Militar do estado, at\u00e9 as 18h. Uma idosa de 78 anos morreu em Chapec\u00f3 atingida por uma \u00e1rvore, e um homem, em Santo Amaro da Imperatriz, morreu ap\u00f3s ser atingido por fios de alta-tens\u00e3o. [&hellip;]","og_url":"https:\/\/aconteceunovale.com.br\/portal\/?p=165006","og_site_name":"Aconteceu no Vale","article_publisher":"https:\/\/www.facebook.com\/aconteceunovale\/","article_published_time":"2020-07-01T01:24:40+00:00","article_modified_time":"2020-07-02T19:43:29+00:00","og_image":[{"width":678,"height":406,"url":"https:\/\/aconteceunovale.com.br\/portal\/wp-content\/uploads\/2020\/06\/chuva_santa_catarina.jpg","type":"image\/jpeg"}],"author":"Aconteceu no Vale","twitter_card":"summary_large_image","twitter_creator":"@noticiadosvales","twitter_site":"@noticiadosvales","twitter_misc":{"Escrito por":"Aconteceu no Vale","Est. tempo de leitura":"3 minutos"},"schema":{"@context":"https:\/\/schema.org","@graph":[{"@type":"Article","@id":"https:\/\/aconteceunovale.com.br\/portal\/?p=165006#article","isPartOf":{"@id":"https:\/\/aconteceunovale.com.br\/portal\/?p=165006"},"author":{"name":"Aconteceu no Vale","@id":"https:\/\/aconteceunovale.com.br\/portal\/#\/schema\/person\/633529146f2c94272bef50ac2953d589"},"headline":"Tempestades provocam tr\u00eas mortes em Santa Catarina","datePublished":"2020-07-01T01:24:40+00:00","dateModified":"2020-07-02T19:43:29+00:00","mainEntityOfPage":{"@id":"https:\/\/aconteceunovale.com.br\/portal\/?p=165006"},"wordCount":528,"commentCount":0,"image":{"@id":"https:\/\/aconteceunovale.com.br\/portal\/?p=165006#primaryimage"},"thumbnailUrl":"https:\/\/aconteceunovale.com.br\/portal\/wp-content\/uploads\/2020\/06\/chuva_santa_catarina.jpg","keywords":["Bom Jardim da Serra","Carlos Mois\u00e9s","Chapec\u00f3","Chuvas fortes em Santa Catarina","Ciclone bomba","Ciclone bomba no Paran\u00e1","Ciclone bomba no Rio Grande do Sul","Ciclone bomba Santa Catarina","Ciclone em Santa Catarina","Ciclone no Paran\u00e1","Ciclone no Rio Grande do Sul","Defesa Civil de Santa Catarina","Governador Carlos Mois\u00e9s","Parque Nacional de S\u00e3o Joaquim","Santo Amaro da Imperatriz","Tempestades em Santa Catarina","Tempestades provocam tr\u00eas mortes em Santa Catarina","Tijucas","Ventos e chuvas fortes em Santa Catarina"],"articleSection":["Brasil"],"inLanguage":"pt-BR","potentialAction":[{"@type":"CommentAction","name":"Comment","target":["https:\/\/aconteceunovale.com.br\/portal\/?p=165006#respond"]}]},{"@type":"WebPage","@id":"https:\/\/aconteceunovale.com.br\/portal\/?p=165006","url":"https:\/\/aconteceunovale.com.br\/portal\/?p=165006","name":"Tempestades provocam tr\u00eas mortes em Santa Catarina - Aconteceu no Vale","isPartOf":{"@id":"https:\/\/aconteceunovale.com.br\/portal\/#website"},"primaryImageOfPage":{"@id":"https:\/\/aconteceunovale.com.br\/portal\/?p=165006#primaryimage"},"image":{"@id":"https:\/\/aconteceunovale.com.br\/portal\/?p=165006#primaryimage"},"thumbnailUrl":"https:\/\/aconteceunovale.com.br\/portal\/wp-content\/uploads\/2020\/06\/chuva_santa_catarina.jpg","datePublished":"2020-07-01T01:24:40+00:00","dateModified":"2020-07-02T19:43:29+00:00","author":{"@id":"https:\/\/aconteceunovale.com.br\/portal\/#\/schema\/person\/633529146f2c94272bef50ac2953d589"},"breadcrumb":{"@id":"https:\/\/aconteceunovale.com.br\/portal\/?p=165006#breadcrumb"},"inLanguage":"pt-BR","potentialAction":[{"@type":"ReadAction","target":["https:\/\/aconteceunovale.com.br\/portal\/?p=165006"]}]},{"@type":"ImageObject","inLanguage":"pt-BR","@id":"https:\/\/aconteceunovale.com.br\/portal\/?p=165006#primaryimage","url":"https:\/\/aconteceunovale.com.br\/portal\/wp-content\/uploads\/2020\/06\/chuva_santa_catarina.jpg","contentUrl":"https:\/\/aconteceunovale.com.br\/portal\/wp-content\/uploads\/2020\/06\/chuva_santa_catarina.jpg","width":678,"height":406,"caption":"Galp\u00e3o destru\u00eddo no munic\u00edpio de palmitos. Foto: Divulga\u00e7\u00e3o DCSC"},{"@type":"BreadcrumbList","@id":"https:\/\/aconteceunovale.com.br\/portal\/?p=165006#breadcrumb","itemListElement":[{"@type":"ListItem","position":1,"name":"In\u00edcio","item":"https:\/\/aconteceunovale.com.br\/portal\/"},{"@type":"ListItem","position":2,"name":"Tempestades provocam tr\u00eas mortes em Santa Catarina"}]},{"@type":"WebSite","@id":"https:\/\/aconteceunovale.com.br\/portal\/#website","url":"https:\/\/aconteceunovale.com.br\/portal\/","name":"Aconteceu no Vale","description":"Portal de Not\u00edcias","potentialAction":[{"@type":"SearchAction","target":{"@type":"EntryPoint","urlTemplate":"https:\/\/aconteceunovale.com.br\/portal\/?s={search_term_string}"},"query-input":{"@type":"PropertyValueSpecification","valueRequired":true,"valueName":"search_term_string"}}],"inLanguage":"pt-BR"},{"@type":"Person","@id":"https:\/\/aconteceunovale.com.br\/portal\/#\/schema\/person\/633529146f2c94272bef50ac2953d589","name":"Aconteceu no Vale","description":"Equipe de reportagem do Aconteceu no Vale, portal de not\u00edcias do Vale do Jequitinhonha, em Minas Gerais. Cobrimos as 51 cidades do Vale desde 2013. Sugest\u00f5es de pauta e pedidos de corre\u00e7\u00e3o: contato@aconteceunovale.com.br","sameAs":["http:\/\/www.aconteceunovale.com.br"],"url":"https:\/\/aconteceunovale.com.br\/portal\/?author=1"}]}},"_links":{"self":[{"href":"https:\/\/aconteceunovale.com.br\/portal\/index.php?rest_route=\/wp\/v2\/posts\/165006","targetHints":{"allow":["GET"]}}],"collection":[{"href":"https:\/\/aconteceunovale.com.br\/portal\/index.php?rest_route=\/wp\/v2\/posts"}],"about":[{"href":"https:\/\/aconteceunovale.com.br\/portal\/index.php?rest_route=\/wp\/v2\/types\/post"}],"author":[{"embeddable":true,"href":"https:\/\/aconteceunovale.com.br\/portal\/index.php?rest_route=\/wp\/v2\/users\/1"}],"replies":[{"embeddable":true,"href":"https:\/\/aconteceunovale.com.br\/portal\/index.php?rest_route=%2Fwp%2Fv2%2Fcomments&post=165006"}],"version-history":[{"count":1,"href":"https:\/\/aconteceunovale.com.br\/portal\/index.php?rest_route=\/wp\/v2\/posts\/165006\/revisions"}],"predecessor-version":[{"id":165008,"href":"https:\/\/aconteceunovale.com.br\/portal\/index.php?rest_route=\/wp\/v2\/posts\/165006\/revisions\/165008"}],"wp:featuredmedia":[{"embeddable":true,"href":"https:\/\/aconteceunovale.com.br\/portal\/index.php?rest_route=\/wp\/v2\/media\/165007"}],"wp:attachment":[{"href":"https:\/\/aconteceunovale.com.br\/portal\/index.php?rest_route=%2Fwp%2Fv2%2Fmedia&parent=165006"}],"wp:term":[{"taxonomy":"category","embeddable":true,"href":"https:\/\/aconteceunovale.com.br\/portal\/index.php?rest_route=%2Fwp%2Fv2%2Fcategories&post=165006"},{"taxonomy":"post_tag","embeddable":true,"href":"https:\/\/aconteceunovale.com.br\/portal\/index.php?rest_route=%2Fwp%2Fv2%2Ftags&post=165006"}],"curies":[{"name":"wp","href":"https:\/\/api.w.org\/{rel}","templated":true}]}}