{"id":164820,"date":"2020-06-25T20:08:18","date_gmt":"2020-06-25T23:08:18","guid":{"rendered":"https:\/\/aconteceunovale.com.br\/portal\/?p=164820"},"modified":"2020-06-25T20:08:48","modified_gmt":"2020-06-25T23:08:48","slug":"vitoria-florianopolis-e-campinas-ganham-condicao-de-metropole","status":"publish","type":"post","link":"https:\/\/aconteceunovale.com.br\/portal\/?p=164820","title":{"rendered":"Vit\u00f3ria, Florian\u00f3polis e Campinas ganham condi\u00e7\u00e3o de metr\u00f3pole"},"content":{"rendered":"\n<p>Vit\u00f3ria (ES), Florian\u00f3polis (SC) e Campinas (SP) passaram \u00e0\u00a0condi\u00e7\u00e3o de metr\u00f3pole, segundo a pesquisa Regi\u00f5es de Influ\u00eancia das Cidades (Regic), com base em dados de 2018, que o Instituto Brasileiro de Geografia e Estat\u00edstica (IBGE) divulgou\u00a0hoje\u00a0(25\/6\/2020).<\/p>\n\n\n\n<p>As tr\u00eas&nbsp;cidades passaram&nbsp;a figurar entre as atuais 15 metr\u00f3poles brasileiras. Com a ascens\u00e3o de Campinas, \u00fanico munic\u00edpio que n\u00e3o \u00e9 uma capital estadual, S\u00e3o Paulo se tornou&nbsp;a primeira unidade da federa\u00e7\u00e3o a ter&nbsp;duas metr\u00f3poles.<\/p>\n\n\n\n<p>Segundo o IBGE, Vit\u00f3ria,&nbsp;Florian\u00f3polis e Campinas&nbsp;atingiram o n\u00edvel de metr\u00f3pole por terem elevado o n\u00famero de empresas e institui\u00e7\u00f5es p\u00fablicas, atraindo contingentes populacionais muito significativos de outras cidades para acessarem bens e servi\u00e7os.<\/p>\n\n\n\n<p>O gerente de Redes e Fluxos Geogr\u00e1ficos do IBGE, Bruno Hidalgo, destacou as atividades econ\u00f4micas que impulsionaram o alto n\u00famero de empresas nas novas metr\u00f3poles. Ele lembrou que Campinas \u00e9 um polo tecnol\u00f3gico e log\u00edstico relevante, cortada por rodovias importantes, com uma das principais universidades brasileiras \u2013 a Universidade Estadual de Campinas (Unicamp).<\/p>\n\n\n\n<p>J\u00e1 a capital do Esp\u00edrito Santo abriga o Porto de&nbsp;Tubar\u00e3o, um dos mais importantes do pa\u00eds, com exporta\u00e7\u00e3o de min\u00e9rio de ferro. O estado tem produ\u00e7\u00e3o de petr\u00f3leo, siderurgia e celulose. No caso de Florian\u00f3polis, diz o pesquisador, n\u00e3o s\u00f3 o turismo \u00e9 importante para a economia, mas o estado abriga agroind\u00fastria, produ\u00e7\u00e3o naval e empresas de tecnologia.<\/p>\n\n\n\n<p>S\u00e3o Paulo, Bras\u00edlia, Rio&nbsp;de Janeiro, Bel\u00e9m, Belo Horizonte, Curitiba, Fortaleza, Goi\u00e2nia, Porto Alegre, Recife, Salvador e Manaus completam o grupo das metr\u00f3poles.<\/p>\n\n\n\n<p>Entre as&nbsp;capitais&nbsp;regionais, s\u00e3o 32 novas cidades nessa categoria, totalizando 97. O&nbsp;estado de S\u00e3o Paulo apresentou o maior aumento absoluto, passando de 12 para 20&nbsp;capitais&nbsp;regionais. Mato Grosso e Rond\u00f4nia, que tinham apenas Cuiab\u00e1 e Porto Velho como&nbsp;capitais&nbsp;regionais,&nbsp;passaram a&nbsp;ter&nbsp;mais duas cidades nesse n\u00edvel, respectivamente, Sinop e Rondon\u00f3polis; e Cacoal e Ji-Paran\u00e1. Goi\u00e1s, que n\u00e3o&nbsp;tinha&nbsp;nenhuma,&nbsp;passou a&nbsp;ter&nbsp;An\u00e1polis como&nbsp;capital&nbsp;regional.<\/p>\n\n\n\n<p>Bruno Hidalgo\u00a0chamou\u00a0a aten\u00e7\u00e3o\u00a0para o fato de\u00a0que as capitais regionais de Goi\u00e1s, Mato Grosso e Rond\u00f4nia est\u00e3o ligadas \u00e0s frentes do agroneg\u00f3cio.<\/p>\n\n\n\n<figure class=\"wp-block-gallery columns-1 is-cropped wp-block-gallery-1 is-layout-flex wp-block-gallery-is-layout-flex\"><ul class=\"blocks-gallery-grid\"><li class=\"blocks-gallery-item\"><figure><img loading=\"lazy\" decoding=\"async\" width=\"674\" height=\"450\" src=\"https:\/\/aconteceunovale.com.br\/portal\/wp-content\/uploads\/2020\/06\/vitoria_es.jpg\" alt=\"\" data-id=\"164821\" data-full-url=\"https:\/\/aconteceunovale.com.br\/portal\/wp-content\/uploads\/2020\/06\/vitoria_es.jpg\" data-link=\"https:\/\/aconteceunovale.com.br\/portal\/?attachment_id=164821\" class=\"wp-image-164821\" srcset=\"https:\/\/aconteceunovale.com.br\/portal\/wp-content\/uploads\/2020\/06\/vitoria_es.jpg 674w, https:\/\/aconteceunovale.com.br\/portal\/wp-content\/uploads\/2020\/06\/vitoria_es-300x200.jpg 300w, https:\/\/aconteceunovale.com.br\/portal\/wp-content\/uploads\/2020\/06\/vitoria_es-629x420.jpg 629w\" sizes=\"auto, (max-width: 674px) 100vw, 674px\" \/><figcaption class=\"blocks-gallery-item__caption\"><em>Vit\u00f3ria agora \u00e9 uma das 15 metr\u00f3poles do Pa\u00eds (Foto: Diego Alves \/ Prefeitura de Vit\u00f3ria)<\/em><\/figcaption><\/figure><\/li><\/ul><\/figure>\n\n\n\n<h2 class=\"wp-block-heading\">Deslocamentos populacionais<\/h2>\n\n\n\n<p>A pesquisa mostrou tamb\u00e9m a dist\u00e2ncia a ser percorrida pela popula\u00e7\u00e3o de um determinado local para adquirir produtos e servi\u00e7os em outras cidades. Para cursar ensino superior, a m\u00e9dia de deslocamento foi de 92 quil\u00f4metros (km) enquanto para atividades culturais, o estudo mostra que a m\u00e9dia foi de 66 km.&nbsp;Para atividades esportivas, a m\u00e9dia \u00e9 de 73 km.<\/p>\n\n\n\n<p>De acordo com o levantamento, h\u00e1 grande difus\u00e3o da procura por cursos de n\u00edvel superior pelo territ\u00f3rio, com cidades m\u00e9dias atraindo estudantes al\u00e9m das capitais estaduais. \u201c\u00c9 um tema que depende do estado e da regi\u00e3o, mas em&nbsp;geral, tem uma presen\u00e7a de centros intermedi\u00e1rios importantes em rela\u00e7\u00e3o a outros temas da pesquisa\u201d, disse Hidalgo.<\/p>\n\n\n\n<p>A ida a aeroportos proporciona a maior dist\u00e2ncia m\u00e9dia de deslocamento, com 174 km \u2013 considerando medidas em linha reta das liga\u00e7\u00f5es entre cidades. Segundo o IBGE, como os aeroportos est\u00e3o presentes em um pequeno n\u00famero de centros urbanos, os brasileiros necessitam se deslocar mais para acessar esse servi\u00e7o.<\/p>\n\n\n\n<p>O estado que registrou o maior deslocamento m\u00e9dio foi Mato Grosso, com 284 km na m\u00e9dia, seguido pelo Amazonas, com 273 km. No outro extremo, os estados que proporcionaram os menores deslocamentos s\u00e3o os de pequena \u00e1rea territorial, como Sergipe (74 km) e Alagoas (114 km).<\/p>\n\n\n\n<p>As liga\u00e7\u00f5es rodovi\u00e1rias e hidrovi\u00e1rias apresentam elevada capilaridade. Por esse motivo, a m\u00e9dia nacional de deslocamento para transporte rodovi\u00e1rio e hidrovi\u00e1rio foi de 75 km, considerando as medidas das liga\u00e7\u00f5es entre as cidades em linha reta.<\/p>\n\n\n\n<p>Para servi\u00e7os de sa\u00fade de alta complexidade, o\u00a0deslocamento da popula\u00e7\u00e3o\u00a0entre cidades foi de 155 km, enquanto para servi\u00e7os de sa\u00fade de m\u00e9dia e baixa complexidade foi de 72 km.\u00a0<\/p>\n\n\n\n<p>O deslocamento m\u00e9dio da popula\u00e7\u00e3o para comprar\u00a0eletroeletr\u00f4nicos\u00a0e m\u00f3veis foi de 73 km. J\u00e1 o deslocamento m\u00e9dio para a aquisi\u00e7\u00e3o de vestu\u00e1rio e cal\u00e7ados foi de 78km.\u00a0<\/p>\n\n\n\n<p>Segundo o IBGE, os dados relativos aos servi\u00e7os de sa\u00fade e de compras de vestu\u00e1rio e eletroeletr\u00f4nicos foram antecipados em abril e maio, respectivamente, para auxiliar no combate \u00e0 pandemia de covid-19.<\/p>\n\n\n\n<p>A pesquisa, feita a cada dez anos pelo IBGE, identifica e analisa a rede urbana brasileira, estabelecendo a hierarquia dos centros urbanos e as regi\u00f5es de influ\u00eancia das cidades. O resultado mostra a forma pela qual as cidades se relacionam entre si, por meio\u00a0do deslocamento de pessoas em busca de bens e servi\u00e7os, bem como pelas liga\u00e7\u00f5es entre sedes e filiais de empresas e institui\u00e7\u00f5es p\u00fablicas multilocalizadas.<\/p>\n\n\n\n<p class=\"has-background has-very-light-gray-background-color\">Quer saber as not\u00edcias do <strong>Aconteceu no Vale<\/strong> em primeira m\u00e3o? Siga-nos no Facebook <a rel=\"noreferrer noopener\" href=\"http:\/\/facebook.com\/aconteceunovale\" target=\"_blank\">@aconteceunovale<\/a>, Twitter <a rel=\"noreferrer noopener\" href=\"https:\/\/twitter.com\/noticiadosvales\" target=\"_blank\">@noticiadosvales<\/a> e Instagram <a rel=\"noreferrer noopener\" href=\"https:\/\/www.instagram.com\/aconteceunovale\" target=\"_blank\">@aconteceunovale<\/a>.<\/p>\n","protected":false},"excerpt":{"rendered":"<p>Vit\u00f3ria (ES), Florian\u00f3polis (SC) e Campinas (SP) passaram \u00e0\u00a0condi\u00e7\u00e3o de metr\u00f3pole, segundo a pesquisa Regi\u00f5es de Influ\u00eancia das Cidades (Regic), com base em dados de 2018, que o Instituto Brasileiro de Geografia e Estat\u00edstica (IBGE) divulgou\u00a0hoje\u00a0(25\/6\/2020). As tr\u00eas&nbsp;cidades passaram&nbsp;a figurar entre as atuais 15 metr\u00f3poles brasileiras. Com a ascens\u00e3o de Campinas, \u00fanico munic\u00edpio que n\u00e3o [&hellip;]<\/p>\n","protected":false},"author":1,"featured_media":164821,"comment_status":"open","ping_status":"closed","sticky":false,"template":"","format":"standard","meta":{"amp_status":"","footnotes":""},"categories":[6],"tags":[44110,194,4606,4607,224341,4608,1018,68211,224338,224340,14684,4609,23427,224337,4613,21177,1104,6531,2382,9763,224336,224339],"class_list":["post-164820","post","type-post","status-publish","format-standard","has-post-thumbnail","hentry","category-br","tag-belem","tag-belo-horizonte","tag-brasilia","tag-campinas","tag-campinas-ganha-condicao-de-metropole","tag-curitiba","tag-destaque","tag-florianopolis","tag-florianopolis-e-campinas-ganham-condicao-de-metropole","tag-florianopolis-ganha-condicao-de-metropole","tag-fortaleza","tag-goiania","tag-manaus","tag-metropoles-do-brasil","tag-porto-alegre","tag-recife","tag-rio-de-janeiro","tag-salvador","tag-sao-paulo","tag-vitoria","tag-vitoria-agora-e-uma-das-15-metropoles-do-brasil","tag-vitoria-ganha-condicao-de-metropole"],"_links":{"self":[{"href":"https:\/\/aconteceunovale.com.br\/portal\/index.php?rest_route=\/wp\/v2\/posts\/164820","targetHints":{"allow":["GET"]}}],"collection":[{"href":"https:\/\/aconteceunovale.com.br\/portal\/index.php?rest_route=\/wp\/v2\/posts"}],"about":[{"href":"https:\/\/aconteceunovale.com.br\/portal\/index.php?rest_route=\/wp\/v2\/types\/post"}],"author":[{"embeddable":true,"href":"https:\/\/aconteceunovale.com.br\/portal\/index.php?rest_route=\/wp\/v2\/users\/1"}],"replies":[{"embeddable":true,"href":"https:\/\/aconteceunovale.com.br\/portal\/index.php?rest_route=%2Fwp%2Fv2%2Fcomments&post=164820"}],"version-history":[{"count":1,"href":"https:\/\/aconteceunovale.com.br\/portal\/index.php?rest_route=\/wp\/v2\/posts\/164820\/revisions"}],"predecessor-version":[{"id":164822,"href":"https:\/\/aconteceunovale.com.br\/portal\/index.php?rest_route=\/wp\/v2\/posts\/164820\/revisions\/164822"}],"wp:featuredmedia":[{"embeddable":true,"href":"https:\/\/aconteceunovale.com.br\/portal\/index.php?rest_route=\/wp\/v2\/media\/164821"}],"wp:attachment":[{"href":"https:\/\/aconteceunovale.com.br\/portal\/index.php?rest_route=%2Fwp%2Fv2%2Fmedia&parent=164820"}],"wp:term":[{"taxonomy":"category","embeddable":true,"href":"https:\/\/aconteceunovale.com.br\/portal\/index.php?rest_route=%2Fwp%2Fv2%2Fcategories&post=164820"},{"taxonomy":"post_tag","embeddable":true,"href":"https:\/\/aconteceunovale.com.br\/portal\/index.php?rest_route=%2Fwp%2Fv2%2Ftags&post=164820"}],"curies":[{"name":"wp","href":"https:\/\/api.w.org\/{rel}","templated":true}]}}