{"id":164815,"date":"2020-06-25T19:18:21","date_gmt":"2020-06-25T22:18:21","guid":{"rendered":"https:\/\/aconteceunovale.com.br\/portal\/?p=164815"},"modified":"2020-06-25T19:18:36","modified_gmt":"2020-06-25T22:18:36","slug":"luiz-fux-e-eleito-presidente-do-stf","status":"publish","type":"post","link":"https:\/\/aconteceunovale.com.br\/portal\/?p=164815","title":{"rendered":"Luiz Fux \u00e9 eleito presidente do STF"},"content":{"rendered":"\n<p>O ministro do Supremo Tribunal Federal (STF) Luiz Fux foi eleito\u00a0hoje\u00a0(25\/6\/2020) para o cargo de presidente da Corte. Atualmente, Fux ocupa a vaga de vice-presidente e passar\u00e1 a comandar o tribunal no dia\u00a010 de setembro, quando termina o mandato de dois anos do presidente, Dias Toffoli.\u00a0<\/p>\n\n\n\n<p>Em um breve discurso de agradecimento, Fux disse que vai se empenhar para manter o patamar do STF.\u00a0<\/p>\n\n\n\n<p>\u201cEu prometo aos meus colegas que vou lutar intensamente para manter o Supremo Tribunal Federal no mais alto patamar das institui\u00e7\u00f5es brasileiras. Vou sempre me empenhar pelos valores morais, pelos valores republicanos, me empenhar pela luta pela democracia e respeitar a independ\u00eancia entre os poderes dentro dos limites da Constitui\u00e7\u00e3o e da lei. Que Deus me proteja\u201d, disse.\u00a0<\/p>\n\n\n\n<p>A elei\u00e7\u00e3o ocorreu de forma simb\u00f3lica porque n\u00e3o h\u00e1 disputa. A investidura no cargo segue ordem de antiguidade de entrada no tribunal.&nbsp;<\/p>\n\n\n\n<p>Luiz Fux tomou posse no STF em 2011, ap\u00f3s ser indicado para o cargo pela ex-presidente da Rep\u00fablica Dilma Rousseff e ser aprovado pelo Senado. O ministro \u00e9 magistrado de carreira desde 1983 e tamb\u00e9m foi respons\u00e1vel pela elabora\u00e7\u00e3o do C\u00f3digo de Processo Civil (CPC), aprovado pelo Congresso em 2015. Antes de chegar ao tribunal, Fux era ministro do Superior Tribunal de Justi\u00e7a (STJ).&nbsp;<\/p>\n\n\n\n<p>A vice-presidente ser\u00e1 a ministra Rosa Weber.\u00a0<\/p>\n\n\n\n<figure class=\"wp-block-gallery columns-1 is-cropped wp-block-gallery-1 is-layout-flex wp-block-gallery-is-layout-flex\"><ul class=\"blocks-gallery-grid\"><li class=\"blocks-gallery-item\"><figure><img loading=\"lazy\" decoding=\"async\" width=\"678\" height=\"406\" src=\"https:\/\/aconteceunovale.com.br\/portal\/wp-content\/uploads\/2020\/06\/fux.jpg\" alt=\"\" data-id=\"164816\" data-full-url=\"https:\/\/aconteceunovale.com.br\/portal\/wp-content\/uploads\/2020\/06\/fux.jpg\" data-link=\"https:\/\/aconteceunovale.com.br\/portal\/?attachment_id=164816\" class=\"wp-image-164816\" srcset=\"https:\/\/aconteceunovale.com.br\/portal\/wp-content\/uploads\/2020\/06\/fux.jpg 678w, https:\/\/aconteceunovale.com.br\/portal\/wp-content\/uploads\/2020\/06\/fux-300x180.jpg 300w\" sizes=\"auto, (max-width: 678px) 100vw, 678px\" \/><figcaption class=\"blocks-gallery-item__caption\"><em>Luiz Fux &#8211; Foto: Marcelo Camargo \/ Ag\u00eancia Brasil<\/em><\/figcaption><\/figure><\/li><\/ul><\/figure>\n\n\n\n<p class=\"has-background has-very-light-gray-background-color\">Quer saber as not\u00edcias do <strong>Aconteceu no Vale<\/strong> em primeira m\u00e3o? Siga-nos no Facebook <a rel=\"noreferrer noopener\" href=\"http:\/\/facebook.com\/aconteceunovale\" target=\"_blank\">@aconteceunovale<\/a>, Twitter <a rel=\"noreferrer noopener\" href=\"https:\/\/twitter.com\/noticiadosvales\" target=\"_blank\">@noticiadosvales<\/a> e Instagram <a rel=\"noreferrer noopener\" href=\"https:\/\/www.instagram.com\/aconteceunovale\" target=\"_blank\">@aconteceunovale<\/a>.<\/p>\n","protected":false},"excerpt":{"rendered":"<p>O ministro do Supremo Tribunal Federal (STF) Luiz Fux foi eleito\u00a0hoje\u00a0(25\/6\/2020) para o cargo de presidente da Corte. Atualmente, Fux ocupa a vaga de vice-presidente e passar\u00e1 a comandar o tribunal no dia\u00a010 de setembro, quando termina o mandato de dois anos do presidente, Dias Toffoli.\u00a0 Em um breve discurso de agradecimento, Fux disse que [&hellip;]<\/p>\n","protected":false},"author":1,"featured_media":164816,"comment_status":"open","ping_status":"closed","sticky":false,"template":"","format":"standard","meta":{"amp_status":"","footnotes":""},"categories":[6],"tags":[77985,224332,224333,224334,224335],"class_list":["post-164815","post","type-post","status-publish","format-standard","has-post-thumbnail","hentry","category-br","tag-luiz-fux","tag-luiz-fux-e-eleito-presidente-do-stf","tag-novo-presidente-do-stf","tag-presidente-eleito-para-o-stf","tag-stf-supremo-tribunal-federal"],"_links":{"self":[{"href":"https:\/\/aconteceunovale.com.br\/portal\/index.php?rest_route=\/wp\/v2\/posts\/164815","targetHints":{"allow":["GET"]}}],"collection":[{"href":"https:\/\/aconteceunovale.com.br\/portal\/index.php?rest_route=\/wp\/v2\/posts"}],"about":[{"href":"https:\/\/aconteceunovale.com.br\/portal\/index.php?rest_route=\/wp\/v2\/types\/post"}],"author":[{"embeddable":true,"href":"https:\/\/aconteceunovale.com.br\/portal\/index.php?rest_route=\/wp\/v2\/users\/1"}],"replies":[{"embeddable":true,"href":"https:\/\/aconteceunovale.com.br\/portal\/index.php?rest_route=%2Fwp%2Fv2%2Fcomments&post=164815"}],"version-history":[{"count":1,"href":"https:\/\/aconteceunovale.com.br\/portal\/index.php?rest_route=\/wp\/v2\/posts\/164815\/revisions"}],"predecessor-version":[{"id":164817,"href":"https:\/\/aconteceunovale.com.br\/portal\/index.php?rest_route=\/wp\/v2\/posts\/164815\/revisions\/164817"}],"wp:featuredmedia":[{"embeddable":true,"href":"https:\/\/aconteceunovale.com.br\/portal\/index.php?rest_route=\/wp\/v2\/media\/164816"}],"wp:attachment":[{"href":"https:\/\/aconteceunovale.com.br\/portal\/index.php?rest_route=%2Fwp%2Fv2%2Fmedia&parent=164815"}],"wp:term":[{"taxonomy":"category","embeddable":true,"href":"https:\/\/aconteceunovale.com.br\/portal\/index.php?rest_route=%2Fwp%2Fv2%2Fcategories&post=164815"},{"taxonomy":"post_tag","embeddable":true,"href":"https:\/\/aconteceunovale.com.br\/portal\/index.php?rest_route=%2Fwp%2Fv2%2Ftags&post=164815"}],"curies":[{"name":"wp","href":"https:\/\/api.w.org\/{rel}","templated":true}]}}