{"id":164812,"date":"2020-06-25T19:14:03","date_gmt":"2020-06-25T22:14:03","guid":{"rendered":"https:\/\/aconteceunovale.com.br\/portal\/?p=164812"},"modified":"2020-06-25T19:14:16","modified_gmt":"2020-06-25T22:14:16","slug":"jair-bolsonaro-anuncia-carlos-decotelli-como-novo-ministro-da-educacao","status":"publish","type":"post","link":"https:\/\/aconteceunovale.com.br\/portal\/?p=164812","title":{"rendered":"Jair Bolsonaro anuncia Carlos Decotelli como novo ministro da Educa\u00e7\u00e3o"},"content":{"rendered":"\n<p>O presidente Jair Bolsonaro anunciou, na tarde desta\u00a0quinta-feira (25\/6\/2020), que o professor Carlos Alberto Decotelli da Silva ser\u00e1 o novo ministro da Educa\u00e7\u00e3o. O decreto de nomea\u00e7\u00e3o foi publicado em\u00a0<a rel=\"noreferrer noopener\" href=\"http:\/\/www.in.gov.br\/en\/web\/dou\/-\/decreto-de-25-de-junho-de-2020-263472722\" target=\"_blank\">edi\u00e7\u00e3o extra do\u00a0<em>Di\u00e1rio Oficial da Uni\u00e3o<\/em><\/a>. Em uma postagem\u00a0<a rel=\"noreferrer noopener\" href=\"https:\/\/www.facebook.com\/jairmessias.bolsonaro\/photos\/a.250567771758883\/1986942701454706\/?type=3&amp;theater\" target=\"_blank\">nas redes sociais<\/a>, Bolsonaro publicou uma foto ao lado de\u00a0Decotelli e destacou a forma\u00e7\u00e3o acad\u00eamica do novo ministro.\u00a0<\/p>\n\n\n\n<p>&#8220;Decotelli \u00e9 bacharel em Ci\u00eancias Econ\u00f4micas pela UERJ, mestre pela FGV, doutor pela Universidade de Ros\u00e1rio, Argentina, e p\u00f3s-doutor pela Universidade de Wuppertal, na Alemanha&#8221;, escreveu o presidente.<\/p>\n\n\n\n<p>O novo ministro ocupava at\u00e9 recentemente o cargo de presidente do Fundo Nacional de Desenvolvimento da Educa\u00e7\u00e3o (FNDE), autarquia vinculada ao Minist\u00e9rio da Educa\u00e7\u00e3o, respons\u00e1vel por executar parte das a\u00e7\u00f5es da pasta relacionadas \u00e0 educa\u00e7\u00e3o b\u00e1sica em apoio aos munic\u00edpios, como alimenta\u00e7\u00e3o e transporte escolar. Ele entra no lugar de Abraham Weintraub,\u00a0demitido na semana passada. \u00c9 o terceiro ministro a comandar o MEC desde o in\u00edcio do governo Bolsonaro.\u00a0<\/p>\n\n\n\n<p>Segundo informa\u00e7\u00f5es oficiais, Decotelli atuou durante toda a transi\u00e7\u00e3o de governo ap\u00f3s a elei\u00e7\u00e3o de Bolsonaro, em 2018, e ajudou a definir ideias e novas estrat\u00e9gias para as pol\u00edticas educacionais da atual gest\u00e3o.<\/p>\n\n\n\n<p>Financista, autor de livros e professor, Decotelli fez\u00a0p\u00f3s-doutorado na Bergische Universit\u00e3t Wuppertal (Alemanha), \u00e9 doutor em administra\u00e7\u00e3o financeira pela Universidade Nacional de Ros\u00e1rio (Argentina), mestre em administra\u00e7\u00e3o pela Funda\u00e7\u00e3o Getulio Vargas (FGV), possui MBA em administra\u00e7\u00e3o tamb\u00e9m pela FGV e \u00e9 bacharel em ci\u00eancias econ\u00f4micas pela Universidade do Estado do Rio\u00a0de Janeiro\u00a0(Uerj). O novo ministro ainda passou pelas For\u00e7as Armadas como professor e atualmente \u00e9 oficial da reserva da Marinha.\u00a0<\/p>\n\n\n\n<figure class=\"wp-block-gallery columns-1 is-cropped wp-block-gallery-1 is-layout-flex wp-block-gallery-is-layout-flex\"><ul class=\"blocks-gallery-grid\"><li class=\"blocks-gallery-item\"><figure><img loading=\"lazy\" decoding=\"async\" width=\"675\" height=\"450\" src=\"https:\/\/aconteceunovale.com.br\/portal\/wp-content\/uploads\/2020\/06\/novo_ministro_educacao.jpg\" alt=\"\" data-id=\"164813\" data-full-url=\"https:\/\/aconteceunovale.com.br\/portal\/wp-content\/uploads\/2020\/06\/novo_ministro_educacao.jpg\" data-link=\"https:\/\/aconteceunovale.com.br\/portal\/?attachment_id=164813\" class=\"wp-image-164813\" srcset=\"https:\/\/aconteceunovale.com.br\/portal\/wp-content\/uploads\/2020\/06\/novo_ministro_educacao.jpg 675w, https:\/\/aconteceunovale.com.br\/portal\/wp-content\/uploads\/2020\/06\/novo_ministro_educacao-300x200.jpg 300w, https:\/\/aconteceunovale.com.br\/portal\/wp-content\/uploads\/2020\/06\/novo_ministro_educacao-630x420.jpg 630w\" sizes=\"auto, (max-width: 675px) 100vw, 675px\" \/><figcaption class=\"blocks-gallery-item__caption\"><em>Foto: Divulga\u00e7\u00e3o \/ Bolsonaro<\/em><\/figcaption><\/figure><\/li><\/ul><\/figure>\n\n\n\n<p class=\"has-background has-very-light-gray-background-color\">Quer saber as not\u00edcias do <strong>Aconteceu no Vale<\/strong> em primeira m\u00e3o? Siga-nos no Facebook <a rel=\"noreferrer noopener\" href=\"http:\/\/facebook.com\/aconteceunovale\" target=\"_blank\">@aconteceunovale<\/a>, Twitter <a rel=\"noreferrer noopener\" href=\"https:\/\/twitter.com\/noticiadosvales\" target=\"_blank\">@noticiadosvales<\/a> e Instagram <a rel=\"noreferrer noopener\" href=\"https:\/\/www.instagram.com\/aconteceunovale\" target=\"_blank\">@aconteceunovale<\/a>.<\/p>\n","protected":false},"excerpt":{"rendered":"<p>O presidente Jair Bolsonaro anunciou, na tarde desta\u00a0quinta-feira (25\/6\/2020), que o professor Carlos Alberto Decotelli da Silva ser\u00e1 o novo ministro da Educa\u00e7\u00e3o. O decreto de nomea\u00e7\u00e3o foi publicado em\u00a0edi\u00e7\u00e3o extra do\u00a0Di\u00e1rio Oficial da Uni\u00e3o. Em uma postagem\u00a0nas redes sociais, Bolsonaro publicou uma foto ao lado de\u00a0Decotelli e destacou a forma\u00e7\u00e3o acad\u00eamica do novo ministro.\u00a0 [&hellip;]<\/p>\n","protected":false},"author":1,"featured_media":164813,"comment_status":"open","ping_status":"closed","sticky":false,"template":"","format":"standard","meta":{"amp_status":"","footnotes":""},"categories":[6,40238,40240],"tags":[100375,224331,224329,224330,1018,26436,224328,1168,22390,40778],"class_list":["post-164812","post","type-post","status-publish","format-standard","has-post-thumbnail","hentry","category-br","category-educacao-2","category-politica-2","tag-bolsonaro","tag-carlos-alberto-decotelli-da-silva","tag-carlos-decotelli","tag-carlos-decotelli-ministro-da-educacao","tag-destaque","tag-jair-bolsonaro","tag-jair-bolsonaro-anuncia-carlos-decotelli-como-novo-ministro-da-educacao","tag-mec","tag-ministerio-da-educacao","tag-novo-ministro-da-educacao"],"_links":{"self":[{"href":"https:\/\/aconteceunovale.com.br\/portal\/index.php?rest_route=\/wp\/v2\/posts\/164812","targetHints":{"allow":["GET"]}}],"collection":[{"href":"https:\/\/aconteceunovale.com.br\/portal\/index.php?rest_route=\/wp\/v2\/posts"}],"about":[{"href":"https:\/\/aconteceunovale.com.br\/portal\/index.php?rest_route=\/wp\/v2\/types\/post"}],"author":[{"embeddable":true,"href":"https:\/\/aconteceunovale.com.br\/portal\/index.php?rest_route=\/wp\/v2\/users\/1"}],"replies":[{"embeddable":true,"href":"https:\/\/aconteceunovale.com.br\/portal\/index.php?rest_route=%2Fwp%2Fv2%2Fcomments&post=164812"}],"version-history":[{"count":1,"href":"https:\/\/aconteceunovale.com.br\/portal\/index.php?rest_route=\/wp\/v2\/posts\/164812\/revisions"}],"predecessor-version":[{"id":164814,"href":"https:\/\/aconteceunovale.com.br\/portal\/index.php?rest_route=\/wp\/v2\/posts\/164812\/revisions\/164814"}],"wp:featuredmedia":[{"embeddable":true,"href":"https:\/\/aconteceunovale.com.br\/portal\/index.php?rest_route=\/wp\/v2\/media\/164813"}],"wp:attachment":[{"href":"https:\/\/aconteceunovale.com.br\/portal\/index.php?rest_route=%2Fwp%2Fv2%2Fmedia&parent=164812"}],"wp:term":[{"taxonomy":"category","embeddable":true,"href":"https:\/\/aconteceunovale.com.br\/portal\/index.php?rest_route=%2Fwp%2Fv2%2Fcategories&post=164812"},{"taxonomy":"post_tag","embeddable":true,"href":"https:\/\/aconteceunovale.com.br\/portal\/index.php?rest_route=%2Fwp%2Fv2%2Ftags&post=164812"}],"curies":[{"name":"wp","href":"https:\/\/api.w.org\/{rel}","templated":true}]}}