{"id":164810,"date":"2020-06-25T19:05:39","date_gmt":"2020-06-25T22:05:39","guid":{"rendered":"https:\/\/aconteceunovale.com.br\/portal\/?p=164810"},"modified":"2020-06-25T19:09:22","modified_gmt":"2020-06-25T22:09:22","slug":"nuvem-de-gafanhotos-ministerio-da-agricultura-do-brasil-declara-emergencia-fitossanitaria-em-dois-estados","status":"publish","type":"post","link":"https:\/\/aconteceunovale.com.br\/portal\/?p=164810","title":{"rendered":"Nuvem de gafanhotos: Minist\u00e9rio da Agricultura do Brasil declara emerg\u00eancia fitossanit\u00e1ria em dois estados"},"content":{"rendered":"\n<p>O Minist\u00e9rio da Agricultura, Pecu\u00e1ria e Abastecimento declarou estado de emerg\u00eancia fitossanit\u00e1ria no Rio Grande do Sul e em Santa Catarina devido ao risco de surto da praga Schistocerca cancellata nas \u00e1reas produtoras dos dois estados. A portaria com a medida est\u00e1 publicada no&nbsp;<a href=\"http:\/\/www.in.gov.br\/web\/dou\/-\/portaria-n-201-de-24-de-junho-de-2020-263404246\" target=\"_blank\" rel=\"noreferrer noopener\"><em>Di\u00e1rio Oficial da Uni\u00e3o&nbsp;<\/em><\/a>desta quinta-feira (25).<\/p>\n\n\n\n<p>O estado de emerg\u00eancia tem por objetivo permitir a implementa\u00e7\u00e3o de plano de supress\u00e3o da praga e ado\u00e7\u00e3o de medidas emergenciais. De acordo com o minist\u00e9rio, a emerg\u00eancia fitossanit\u00e1ria \u00e9 por um prazo de 1 ano.<\/p>\n\n\n\n<p>A nuvem de gafanhotos est\u00e1 a cerca de 250 quil\u00f4metros da fronteira do Rio Grande do Sul com a Argentina. A preocupa\u00e7\u00e3o das autoridades do setor agropecu\u00e1rio e de produtores rurais \u00e9 o dano que os insetos possam causar \u00e0s lavouras e pastagens, se houver infesta\u00e7\u00e3o.<\/p>\n\n\n\n<p>A dieta do inseto varia, conforme a esp\u00e9cie, entre folhas, cereais, capins e outras gram\u00edneas. Segundo informa\u00e7\u00f5es repassadas \u00e0 Secretaria da Agricultura, Pecu\u00e1ria e Desenvolvimento Rural do Rio Grande do Sul, a nuvem \u00e9 origin\u00e1ria do Paraguai, das prov\u00edncias de Formosa e Chaco, onde h\u00e1 culturas de cana-de-a\u00e7\u00facar, mandioca e milho.<\/p>\n\n\n\n<p>Em nota, o minst\u00e9rio informou que est\u00e1 acompanhando o fen\u00f4meno em tempo real e que \u201cemitiu alerta para as superintend\u00eancias federais de Agricultura e aos \u00f3rg\u00e3os estaduais de Defesa Agropecu\u00e1ria para que sejam tomadas medidas cab\u00edveis de monitoramento e orienta\u00e7\u00e3o aos agricultores da regi\u00e3o.<\/p>\n\n\n\n<p>De acordo com a pasta, especialistas argentinos estimam que os insetos sigam em dire\u00e7\u00e3o ao Uruguai. A ocorr\u00eancia e o deslocamento da nuvem de gafanhotos s\u00e3o influenciados pela temperatura e circula\u00e7\u00e3o dos ventos.<\/p>\n\n\n\n<p>O fen\u00f4meno \u00e9 mais comum com temperatura elevada. Segundo o setor de Meteorologia da secretaria ga\u00facha, h\u00e1 expectativa de aproxima\u00e7\u00e3o de uma frente fria pelo sul do estado, que deve intensificar os ventos de norte e noroeste, \u201cpotencializando o deslocamento do massivo para a Fronteira Oeste, Miss\u00f5es e M\u00e9dio e Alto Vale do Rio Uruguai\u201d.<\/p>\n\n\n\n<p>A nota diz ainda que o gafanhoto est\u00e1 presente no Brasil desde o s\u00e9culo 19 e que causou grandes perdas \u00e0s lavouras de arroz na Regi\u00e3o Sul no per\u00edodo de 1930 a 1940. &#8220;No entanto, desde ent\u00e3o, tem permanecido na sua fase \u2018isolada\u2019, que n\u00e3o causa danos \u00e0s lavouras.\u201d<\/p>\n\n\n\n<p>O minist\u00e9rio informa que especialistas est\u00e3o avaliando \u201cos fatores que levaram ao ressurgimento desta praga em sua fase mais agressiva&#8221; e que o fen\u00f4meno pode estar relacionado a uma conjun\u00e7\u00e3o de fatores clim\u00e1ticos.<\/p>\n\n\n\n<p>A Secretaria de Agricultura do Rio Grande do Sul orienta os produtores rurais ga\u00fachos a informar a Inspetoria de Defesa Agropecu\u00e1ria da sua localidade se identificar a presen\u00e7a de tais insetos em grande quantidade.<\/p>\n\n\n\n<h2 class=\"wp-block-heading\">Uruguai<\/h2>\n\n\n\n<p>No Uruguai, pa\u00eds que faz fronteira com o Rio Grande do Sul, um comunicado do Minist\u00e9rio da Agricultura afirma que o pa\u00eds est\u00e1 monitorando&nbsp;constantemente a&nbsp;movimenta\u00e7\u00e3o&nbsp;da praga,&nbsp;em&nbsp;parceria&nbsp;com&nbsp;autoridades&nbsp;argentinas.<\/p>\n\n\n\n<p>O comunicado diz ainda que, embora seja pouco prov\u00e1vel que os gafanhotos cheguem&nbsp;no pa\u00eds, caso isso ocorra&nbsp;exitste potencial para afetar a produ\u00e7\u00e3o agr\u00edcola. O Uruguai solicita que, caso sejam vistos gafanhotos em&nbsp;territ\u00f3rio nacional, deve-se denunciar \u00e0s autoridades competentes o mais r\u00e1pido poss\u00edvel.<\/p>\n\n\n\n<p>O ministro da Agricultura, Carlos Mar\u00eda Uriarte solicitou ainda que n\u00e3o se utilizem pesticidas que possam matar abelhas contra os gafanhotos.<\/p>\n\n\n\n<p class=\"has-background has-very-light-gray-background-color\">Quer saber as not\u00edcias do <strong>Aconteceu no Vale<\/strong> em primeira m\u00e3o? Siga-nos no Facebook <a rel=\"noreferrer noopener\" href=\"http:\/\/facebook.com\/aconteceunovale\" target=\"_blank\">@aconteceunovale<\/a>, Twitter <a rel=\"noreferrer noopener\" href=\"https:\/\/twitter.com\/noticiadosvales\" target=\"_blank\">@noticiadosvales<\/a> e Instagram <a rel=\"noreferrer noopener\" href=\"https:\/\/www.instagram.com\/aconteceunovale\" target=\"_blank\">@aconteceunovale<\/a>.<\/p>\n","protected":false},"excerpt":{"rendered":"<p>O Minist\u00e9rio da Agricultura, Pecu\u00e1ria e Abastecimento declarou estado de emerg\u00eancia fitossanit\u00e1ria no Rio Grande do Sul e em Santa Catarina devido ao risco de surto da praga Schistocerca cancellata nas \u00e1reas produtoras dos dois estados. A portaria com a medida est\u00e1 publicada no&nbsp;Di\u00e1rio Oficial da Uni\u00e3o&nbsp;desta quinta-feira (25). O estado de emerg\u00eancia tem por [&hellip;]<\/p>\n","protected":false},"author":1,"featured_media":164715,"comment_status":"open","ping_status":"closed","sticky":false,"template":"","format":"standard","meta":{"amp_status":"","footnotes":""},"categories":[6,28848],"tags":[224235,1018,224232,224234,224237,224233,224238,224236,224327,15954,224251,41282],"class_list":["post-164810","post","type-post","status-publish","format-standard","has-post-thumbnail","hentry","category-br","category-mundo","tag-chegada-de-nuvem-de-gafanhotos-no-brasil","tag-destaque","tag-nuvem-de-gafanhotos","tag-nuvem-de-gafanhotos-brasil","tag-nuvem-de-gafanhotos-esta-proxima-do-brasil","tag-nuvem-de-gafanhotos-na-argentina","tag-nuvem-de-gafanhotos-perto-do-brasil","tag-nuvem-de-gafanhotos-rio-grande-do-sul","tag-nuvem-de-gafanhotos-ministerio-da-agricultura-do-brasil-declara-emergencia-fitossanitaria-em-dois-estados","tag-rio-grande-do-sul","tag-saiba-como-se-forma-uma-nuvem-de-gafanhotos","tag-santa-fe"],"_links":{"self":[{"href":"https:\/\/aconteceunovale.com.br\/portal\/index.php?rest_route=\/wp\/v2\/posts\/164810","targetHints":{"allow":["GET"]}}],"collection":[{"href":"https:\/\/aconteceunovale.com.br\/portal\/index.php?rest_route=\/wp\/v2\/posts"}],"about":[{"href":"https:\/\/aconteceunovale.com.br\/portal\/index.php?rest_route=\/wp\/v2\/types\/post"}],"author":[{"embeddable":true,"href":"https:\/\/aconteceunovale.com.br\/portal\/index.php?rest_route=\/wp\/v2\/users\/1"}],"replies":[{"embeddable":true,"href":"https:\/\/aconteceunovale.com.br\/portal\/index.php?rest_route=%2Fwp%2Fv2%2Fcomments&post=164810"}],"version-history":[{"count":1,"href":"https:\/\/aconteceunovale.com.br\/portal\/index.php?rest_route=\/wp\/v2\/posts\/164810\/revisions"}],"predecessor-version":[{"id":164811,"href":"https:\/\/aconteceunovale.com.br\/portal\/index.php?rest_route=\/wp\/v2\/posts\/164810\/revisions\/164811"}],"wp:featuredmedia":[{"embeddable":true,"href":"https:\/\/aconteceunovale.com.br\/portal\/index.php?rest_route=\/wp\/v2\/media\/164715"}],"wp:attachment":[{"href":"https:\/\/aconteceunovale.com.br\/portal\/index.php?rest_route=%2Fwp%2Fv2%2Fmedia&parent=164810"}],"wp:term":[{"taxonomy":"category","embeddable":true,"href":"https:\/\/aconteceunovale.com.br\/portal\/index.php?rest_route=%2Fwp%2Fv2%2Fcategories&post=164810"},{"taxonomy":"post_tag","embeddable":true,"href":"https:\/\/aconteceunovale.com.br\/portal\/index.php?rest_route=%2Fwp%2Fv2%2Ftags&post=164810"}],"curies":[{"name":"wp","href":"https:\/\/api.w.org\/{rel}","templated":true}]}}