{"id":164797,"date":"2020-06-25T17:04:12","date_gmt":"2020-06-25T20:04:12","guid":{"rendered":"https:\/\/aconteceunovale.com.br\/portal\/?p=164797"},"modified":"2020-06-25T17:15:53","modified_gmt":"2020-06-25T20:15:53","slug":"onda-amarela-do-plano-minas-consciente-sera-suspensa-para-conter-avanco-do-coronavirus","status":"publish","type":"post","link":"https:\/\/aconteceunovale.com.br\/portal\/?p=164797","title":{"rendered":"Onda amarela do plano Minas Consciente ser\u00e1 suspensa para conter avan\u00e7o do coronav\u00edrus"},"content":{"rendered":"\n<p>O Comit\u00ea Extraordin\u00e1rio Covid-19, que se re\u00fane semanalmente para avaliar o avan\u00e7o da pandemia do coronav\u00edrus no estado, suspendeu, na macrorregi\u00e3o de Sa\u00fade\u00a0<a rel=\"noreferrer noopener\" href=\"http:\/\/www.agenciaminas.mg.gov.br\/ckeditor_assets\/attachments\/8140\/05_-_regional_leste_do_sul.pdf\" target=\"_blank\">Leste do Sul<\/a>, os protocolos da onda amarela do plano Minas Consciente. O programa foi criado pelo\u00a0Governo de Minas\u00a0para promover a retomada econ\u00f4mica gradual e coordenada nas cidades mineiras, sugerindo medidas que preservem a sa\u00fade dos mineiros.<\/p>\n\n\n\n<p>A orienta\u00e7\u00e3o do grupo t\u00e9cnico \u00e9 que a macrorregi\u00e3o Leste do Sul volte para a onda branca, unindo-se \u00e0s regi\u00f5es&nbsp;<a href=\"http:\/\/www.agenciaminas.mg.gov.br\/ckeditor_assets\/attachments\/8143\/08_-_regional_norte.pdf\" target=\"_blank\" rel=\"noreferrer noopener\">Norte<\/a>&nbsp;e&nbsp;<a href=\"http:\/\/www.agenciaminas.mg.gov.br\/ckeditor_assets\/attachments\/8146\/11_-_regional_sul.pdf\" target=\"_blank\" rel=\"noreferrer noopener\">Sul<\/a>, que t\u00eam uma taxa de ocupa\u00e7\u00e3o de leitos controlada at\u00e9 o momento. Como forma de preven\u00e7\u00e3o, dever\u00e3o ser fechados temporariamente estabelecimentos como papelarias, sal\u00f5es de beleza e lojas de roupas. Podem continuar funcionando os servi\u00e7os essenciais e as atividades autorizadas na onda branca, a exemplo das autoescolas, lojas de artigos esportivos e floriculturas.<\/p>\n\n\n\n<p>J\u00e1 as outras 11 macrorregi\u00f5es de Sa\u00fade do Estado dever\u00e3o seguir os protocolos da onda verde, abrindo somente os servi\u00e7os essenciais, como padarias, farm\u00e1cias e supermercados.<\/p>\n\n\n\n<p><strong>Medidas de preven\u00e7\u00e3o<\/strong><\/p>\n\n\n\n<p>A medida pretende preservar a sa\u00fade da popula\u00e7\u00e3o, j\u00e1 que Minas Gerais apresentou aumento expressivo no n\u00famero de casos da doen\u00e7a na \u00faltima semana, colocando em risco a capacidade assistencial da rede hospitalar. O governador Romeu Zema ressaltou a import\u00e2ncia de manter as medidas de preven\u00e7\u00e3o, como o isolamento social e o uso de m\u00e1scara, para desacelerar a dissemina\u00e7\u00e3o do v\u00edrus.<\/p>\n\n\n\n<p>\u201cPrecisamos ter em mente que ainda n\u00e3o vencemos o jogo &#8211; ainda devemos estar em 20 minutos do primeiro tempo. Isso vai demandar paci\u00eancia e comprometimento da popula\u00e7\u00e3o. Um Estado sozinho n\u00e3o consegue fazer tudo. Estamos tomando todas as medidas necess\u00e1rias e, por isso, o Estado est\u00e1 mais estruturado a cada dia. Mas, se as pessoas estiverem fazendo churrasco, saindo de casa desnecessariamente e reduzindo o uso de m\u00e1scara e a higiene das m\u00e3os, n\u00e3o teremos como conter o avan\u00e7o dessa pandemia. Pe\u00e7o a todos que participem desse esfor\u00e7o\u201d, pediu.<\/p>\n\n\n\n<figure class=\"wp-block-gallery columns-1 is-cropped wp-block-gallery-1 is-layout-flex wp-block-gallery-is-layout-flex\"><ul class=\"blocks-gallery-grid\"><li class=\"blocks-gallery-item\"><figure><img loading=\"lazy\" decoding=\"async\" width=\"678\" height=\"422\" src=\"https:\/\/aconteceunovale.com.br\/portal\/wp-content\/uploads\/2020\/06\/minas_consciente_25junho_2.png\" alt=\"\" data-id=\"164798\" data-full-url=\"https:\/\/aconteceunovale.com.br\/portal\/wp-content\/uploads\/2020\/06\/minas_consciente_25junho_2.png\" data-link=\"https:\/\/aconteceunovale.com.br\/portal\/?attachment_id=164798\" class=\"wp-image-164798\" srcset=\"https:\/\/aconteceunovale.com.br\/portal\/wp-content\/uploads\/2020\/06\/minas_consciente_25junho_2.png 678w, https:\/\/aconteceunovale.com.br\/portal\/wp-content\/uploads\/2020\/06\/minas_consciente_25junho_2-300x187.png 300w, https:\/\/aconteceunovale.com.br\/portal\/wp-content\/uploads\/2020\/06\/minas_consciente_25junho_2-675x420.png 675w\" sizes=\"auto, (max-width: 678px) 100vw, 678px\" \/><\/figure><\/li><\/ul><\/figure>\n\n\n\n<p>Zema tamb\u00e9m salientou que algumas cidades mineiras j\u00e1 decretaram o lockdown, quando o distanciamento social se torna obrigat\u00f3rio e as medidas de abertura s\u00e3o mais r\u00edgidas at\u00e9 mesmo para os servi\u00e7os essenciais. Ele tamb\u00e9m destacou que existe a possibilidade de o Executivo estadual adotar a medida nas macrorregi\u00f5es que apresentarem uma taxa de ocupa\u00e7\u00e3o hospitalar considerada cr\u00edtica.<\/p>\n\n\n\n<p>\u201cProvavelmente, n\u00e3o decretaremos lockdown em todo o estado, pois Minas possui um territ\u00f3rio muito amplo e precisamos avaliar a situa\u00e7\u00e3o de cada regi\u00e3o. Mas n\u00e3o descartamos a possibilidade de fechar as regi\u00f5es que estiverem mais cr\u00edticas. \u00c9 uma medida extrema, mas que pode ser necess\u00e1ria para preservar a sa\u00fade de todos os mineiros\u201d, disse.<\/p>\n\n\n\n<p>Todas as mudan\u00e7as definidas na reuni\u00e3o do Comit\u00ea Extraordin\u00e1rio Covid-19 passar\u00e3o a valer a partir do pr\u00f3ximo s\u00e1bado (27\/6), com a publica\u00e7\u00e3o no&nbsp;<a href=\"http:\/\/www.jornalminasgerais.mg.gov.br\/\" target=\"_blank\" rel=\"noreferrer noopener\">Di\u00e1rio Oficial do Estado<\/a>.<\/p>\n\n\n\n<p><strong>Minas Consciente<\/strong><\/p>\n\n\n\n<p>At\u00e9 o dia 24 de junho, 155 prefeituras j\u00e1 tinham oficializado a ades\u00e3o ao Minas Consciente, impactando 3,7 milh\u00f5es de mineiros. O plano setoriza as atividades econ\u00f4micas em quatro \u201condas\u201d (onda verde \u2013 servi\u00e7os essenciais; onda branca \u2013 primeira fase; onda amarela \u2013 segunda fase; onda vermelha \u2013 terceira fase), a serem liberadas para funcionamento de forma progressiva, conforme indicadores de capacidade assistencial e de propaga\u00e7\u00e3o da doen\u00e7a.<\/p>\n\n\n\n<p>As mudan\u00e7as de ondas s\u00e3o avaliadas semanalmente pelo Comit\u00ea Extraordin\u00e1rio Covid-19. Al\u00e9m do governador e de todo o secretariado do Executivo mineiro, o grupo, criado especialmente para monitorar o avan\u00e7o da epidemia no estado, conta com representantes do Minist\u00e9rio P\u00fablico do Trabalho, do Minist\u00e9rio P\u00fablico de Minas Gerais, da Defensoria P\u00fablica e do Tribunal de Contas do Estado.<\/p>\n\n\n\n<figure class=\"wp-block-gallery columns-1 is-cropped wp-block-gallery-2 is-layout-flex wp-block-gallery-is-layout-flex\"><ul class=\"blocks-gallery-grid\"><li class=\"blocks-gallery-item\"><figure><img loading=\"lazy\" decoding=\"async\" width=\"678\" height=\"422\" src=\"https:\/\/aconteceunovale.com.br\/portal\/wp-content\/uploads\/2020\/06\/minas_consciente_25junho_3.png\" alt=\"\" data-id=\"164799\" data-full-url=\"https:\/\/aconteceunovale.com.br\/portal\/wp-content\/uploads\/2020\/06\/minas_consciente_25junho_3.png\" data-link=\"https:\/\/aconteceunovale.com.br\/portal\/?attachment_id=164799\" class=\"wp-image-164799\" srcset=\"https:\/\/aconteceunovale.com.br\/portal\/wp-content\/uploads\/2020\/06\/minas_consciente_25junho_3.png 678w, https:\/\/aconteceunovale.com.br\/portal\/wp-content\/uploads\/2020\/06\/minas_consciente_25junho_3-300x187.png 300w, https:\/\/aconteceunovale.com.br\/portal\/wp-content\/uploads\/2020\/06\/minas_consciente_25junho_3-675x420.png 675w\" sizes=\"auto, (max-width: 678px) 100vw, 678px\" \/><\/figure><\/li><\/ul><\/figure>\n\n\n\n<p>O plano tem objetivo de orientar as prefeituras. Fica a crit\u00e9rio de cada prefeito aderir e seguir os protocolos em seu munic\u00edpio. Os empres\u00e1rios que desejam reativar seus estabelecimentos devem consultar se a prefeitura local aderiu ao plano e seguir as orienta\u00e7\u00f5es da\u00a0Secretaria de Estado de Sa\u00fade (SES-MG).<\/p>\n\n\n\n<p><strong>Onda branca<\/strong><\/p>\n\n\n\n<figure class=\"wp-block-gallery columns-1 is-cropped wp-block-gallery-3 is-layout-flex wp-block-gallery-is-layout-flex\"><ul class=\"blocks-gallery-grid\"><li class=\"blocks-gallery-item\"><figure><img loading=\"lazy\" decoding=\"async\" width=\"678\" height=\"422\" src=\"https:\/\/aconteceunovale.com.br\/portal\/wp-content\/uploads\/2020\/06\/minas_consciente_25junho_4.png\" alt=\"\" data-id=\"164800\" data-full-url=\"https:\/\/aconteceunovale.com.br\/portal\/wp-content\/uploads\/2020\/06\/minas_consciente_25junho_4.png\" data-link=\"https:\/\/aconteceunovale.com.br\/portal\/?attachment_id=164800\" class=\"wp-image-164800\" srcset=\"https:\/\/aconteceunovale.com.br\/portal\/wp-content\/uploads\/2020\/06\/minas_consciente_25junho_4.png 678w, https:\/\/aconteceunovale.com.br\/portal\/wp-content\/uploads\/2020\/06\/minas_consciente_25junho_4-300x187.png 300w, https:\/\/aconteceunovale.com.br\/portal\/wp-content\/uploads\/2020\/06\/minas_consciente_25junho_4-675x420.png 675w\" sizes=\"auto, (max-width: 678px) 100vw, 678px\" \/><\/figure><\/li><\/ul><\/figure>\n\n\n\n<p>Ap\u00f3s voltar para a onda branca, a macrorregi\u00e3o&nbsp;<a href=\"http:\/\/www.agenciaminas.mg.gov.br\/ckeditor_assets\/attachments\/8140\/05_-_regional_leste_do_sul.pdf\" target=\"_blank\" rel=\"noreferrer noopener\">Leste do Sul<\/a>&nbsp;se junta \u00e0s macrorregi\u00f5es de Sa\u00fade&nbsp;<a href=\"http:\/\/www.agenciaminas.mg.gov.br\/ckeditor_assets\/attachments\/8143\/08_-_regional_norte.pdf\" target=\"_blank\" rel=\"noreferrer noopener\">Norte<\/a>&nbsp;e&nbsp;<a href=\"http:\/\/www.agenciaminas.mg.gov.br\/ckeditor_assets\/attachments\/8146\/11_-_regional_sul.pdf\" target=\"_blank\" rel=\"noreferrer noopener\">Sul<\/a>, que dever\u00e3o manter as medidas j\u00e1 adotadas nas \u00faltimas semanas.<\/p>\n\n\n\n<p>Algumas das orienta\u00e7\u00f5es s\u00e3o que os estabelecimentos tenham meios para higieniza\u00e7\u00e3o das m\u00e3os com \u00e1gua e sab\u00e3o ou \u00e1lcool em gel 70%. Eles tamb\u00e9m devem fornecer Equipamentos de Prote\u00e7\u00e3o Individual adequados para a atividade exercida e providenciar barreira de prote\u00e7\u00e3o f\u00edsica quando os funcion\u00e1rios estiverem em contato com o cliente.<\/p>\n\n\n\n<p><strong>Onda verde<\/strong><\/p>\n\n\n\n<figure class=\"wp-block-gallery columns-1 is-cropped wp-block-gallery-4 is-layout-flex wp-block-gallery-is-layout-flex\"><ul class=\"blocks-gallery-grid\"><li class=\"blocks-gallery-item\"><figure><img loading=\"lazy\" decoding=\"async\" width=\"678\" height=\"422\" src=\"https:\/\/aconteceunovale.com.br\/portal\/wp-content\/uploads\/2020\/06\/minas_consciente_25junho_5.png\" alt=\"\" data-id=\"164801\" data-full-url=\"https:\/\/aconteceunovale.com.br\/portal\/wp-content\/uploads\/2020\/06\/minas_consciente_25junho_5.png\" data-link=\"https:\/\/aconteceunovale.com.br\/portal\/?attachment_id=164801\" class=\"wp-image-164801\" srcset=\"https:\/\/aconteceunovale.com.br\/portal\/wp-content\/uploads\/2020\/06\/minas_consciente_25junho_5.png 678w, https:\/\/aconteceunovale.com.br\/portal\/wp-content\/uploads\/2020\/06\/minas_consciente_25junho_5-300x187.png 300w, https:\/\/aconteceunovale.com.br\/portal\/wp-content\/uploads\/2020\/06\/minas_consciente_25junho_5-675x420.png 675w\" sizes=\"auto, (max-width: 678px) 100vw, 678px\" \/><\/figure><\/li><\/ul><\/figure>\n\n\n\n<p>Al\u00e9m da regi\u00e3o Centro-Sul, que voltou \u00e0 onda verde ap\u00f3s aumento no n\u00famero de casos, as regi\u00f5es&nbsp;<a href=\"http:\/\/www.agenciaminas.mg.gov.br\/ckeditor_assets\/attachments\/8231\/01_-_regional_centro_vr.pdf\" target=\"_blank\" rel=\"noreferrer noopener\">Centro<\/a>,&nbsp;<a href=\"http:\/\/www.agenciaminas.mg.gov.br\/ckeditor_assets\/attachments\/8142\/07_-_regional_noroeste.pdf\" target=\"_blank\" rel=\"noreferrer noopener\">Noroeste<\/a>,&nbsp;<a href=\"http:\/\/www.agenciaminas.mg.gov.br\/ckeditor_assets\/attachments\/8141\/06_-_regional_nordeste.pdf\" target=\"_blank\" rel=\"noreferrer noopener\">Nordeste<\/a>,&nbsp;<a href=\"http:\/\/www.agenciaminas.mg.gov.br\/ckeditor_assets\/attachments\/8138\/03_-_regional_jequitinhonha.pdf\" target=\"_blank\" rel=\"noreferrer noopener\">Jequitinhonha<\/a>,&nbsp;<a href=\"http:\/\/www.agenciaminas.mg.gov.br\/ckeditor_assets\/attachments\/8139\/04_-_regional_leste.pdf\" target=\"_blank\" rel=\"noreferrer noopener\">Leste<\/a>,&nbsp;<a href=\"http:\/\/www.agenciaminas.mg.gov.br\/ckeditor_assets\/attachments\/8149\/14_-_regional_vale_do_aco.pdf\" target=\"_blank\" rel=\"noreferrer noopener\">Vale do A\u00e7o<\/a>,&nbsp;<a href=\"http:\/\/www.agenciaminas.mg.gov.br\/ckeditor_assets\/attachments\/8145\/10_-_regional_sudeste.pdf\" target=\"_blank\" rel=\"noreferrer noopener\">Sudeste<\/a>,&nbsp;<a href=\"http:\/\/www.agenciaminas.mg.gov.br\/ckeditor_assets\/attachments\/8144\/09_-_regional_oeste.pdf\" target=\"_blank\" rel=\"noreferrer noopener\">Oeste<\/a>,&nbsp;<a href=\"http:\/\/www.agenciaminas.mg.gov.br\/ckeditor_assets\/attachments\/8148\/13_-_regional_triangulo_sul.pdf\" target=\"_blank\" rel=\"noreferrer noopener\">Tri\u00e2ngulo do Sul<\/a>&nbsp;e&nbsp;<a href=\"http:\/\/www.agenciaminas.mg.gov.br\/ckeditor_assets\/attachments\/8147\/12_-_regional_triangulo_norte.pdf\" target=\"_blank\" rel=\"noreferrer noopener\">Tri\u00e2ngulo do Norte<\/a>&nbsp;n\u00e3o apresentaram \u00edndices favor\u00e1veis para a retomada de novos setores econ\u00f4micos. A rela\u00e7\u00e3o entre o n\u00famero de leitos e a incid\u00eancia de novos casos, al\u00e9m do tempo m\u00e9dio para interna\u00e7\u00e3o ap\u00f3s solicita\u00e7\u00e3o, n\u00e3o permitem uma folga confi\u00e1vel se a demanda crescer em decorr\u00eancia da reabertura de novos estabelecimentos.<\/p>\n\n\n\n<p>A orienta\u00e7\u00e3o \u00e9 que os munic\u00edpios dessas regi\u00f5es continuem seguindo os protocolos previstos na onda verde, para preservar a sa\u00fade da popula\u00e7\u00e3o e a capacidade de atendimento do sistema de sa\u00fade local.<\/p>\n\n\n\n<figure class=\"wp-block-gallery columns-1 is-cropped wp-block-gallery-5 is-layout-flex wp-block-gallery-is-layout-flex\"><ul class=\"blocks-gallery-grid\"><li class=\"blocks-gallery-item\"><figure><img loading=\"lazy\" decoding=\"async\" width=\"678\" height=\"422\" src=\"https:\/\/aconteceunovale.com.br\/portal\/wp-content\/uploads\/2020\/06\/minas_consciente_25junho_6.png\" alt=\"\" data-id=\"164803\" data-full-url=\"https:\/\/aconteceunovale.com.br\/portal\/wp-content\/uploads\/2020\/06\/minas_consciente_25junho_6.png\" data-link=\"https:\/\/aconteceunovale.com.br\/portal\/?attachment_id=164803\" class=\"wp-image-164803\" srcset=\"https:\/\/aconteceunovale.com.br\/portal\/wp-content\/uploads\/2020\/06\/minas_consciente_25junho_6.png 678w, https:\/\/aconteceunovale.com.br\/portal\/wp-content\/uploads\/2020\/06\/minas_consciente_25junho_6-300x187.png 300w, https:\/\/aconteceunovale.com.br\/portal\/wp-content\/uploads\/2020\/06\/minas_consciente_25junho_6-675x420.png 675w\" sizes=\"auto, (max-width: 678px) 100vw, 678px\" \/><\/figure><\/li><li class=\"blocks-gallery-item\"><figure><img loading=\"lazy\" decoding=\"async\" width=\"678\" height=\"422\" src=\"https:\/\/aconteceunovale.com.br\/portal\/wp-content\/uploads\/2020\/06\/minas_consciente_25junho_7.png\" alt=\"\" data-id=\"164802\" data-full-url=\"https:\/\/aconteceunovale.com.br\/portal\/wp-content\/uploads\/2020\/06\/minas_consciente_25junho_7.png\" data-link=\"https:\/\/aconteceunovale.com.br\/portal\/?attachment_id=164802\" class=\"wp-image-164802\" srcset=\"https:\/\/aconteceunovale.com.br\/portal\/wp-content\/uploads\/2020\/06\/minas_consciente_25junho_7.png 678w, https:\/\/aconteceunovale.com.br\/portal\/wp-content\/uploads\/2020\/06\/minas_consciente_25junho_7-300x187.png 300w, https:\/\/aconteceunovale.com.br\/portal\/wp-content\/uploads\/2020\/06\/minas_consciente_25junho_7-675x420.png 675w\" sizes=\"auto, (max-width: 678px) 100vw, 678px\" \/><\/figure><\/li><\/ul><\/figure>\n\n\n\n<p>Entenda os protocolos previstos para cada onda:<\/p>\n\n\n\n<p>O Minas Consciente setoriza as atividades econ\u00f4micas em quatro \u201condas\u201d, a serem liberadas para funcionamento de forma progressiva, conforme indicadores de capacidade assistencial e de propaga\u00e7\u00e3o da doen\u00e7a.<\/p>\n\n\n\n<p>\u2022\u00a0 \u00a0<a rel=\"noreferrer noopener\" href=\"https:\/\/www.mg.gov.br\/minasconsciente\/empresarios\" target=\"_blank\">Onda verde \u2013\u00a0 servi\u00e7os essenciais<\/a><\/p>\n\n\n\n<p>\u2022\u00a0\u00a0\u00a0<a rel=\"noreferrer noopener\" href=\"https:\/\/www.mg.gov.br\/minasconsciente\/empresarios\" target=\"_blank\">Onda branca \u2013 1\u00aa fase<\/a><\/p>\n\n\n\n<p>\u2022\u00a0\u00a0\u00a0<a rel=\"noreferrer noopener\" href=\"https:\/\/www.mg.gov.br\/minasconsciente\/empresarios\" target=\"_blank\">Onda amarela \u2013 2\u00aa fase<\/a><\/p>\n\n\n\n<p>\u2022\u00a0\u00a0\u00a0<a rel=\"noreferrer noopener\" href=\"https:\/\/www.mg.gov.br\/minasconsciente\/empresarios\" target=\"_blank\">Onda vermelha \u2013 3\u00aa fase<\/a><\/p>\n\n\n\n<p>Vale ressaltar que alguns setores foram exclu\u00eddos das ondas por necessitarem de uma \u00f3tica diferenciada de tratamento. S\u00e3o eles:<\/p>\n\n\n\n<p><strong>Setores que s\u00f3 poder\u00e3o ser retomadas quando houver controle da pandemia:<\/strong>\u00a0atividades que geram um risco extremamente alto para a popula\u00e7\u00e3o brasileira, com grande aglomera\u00e7\u00e3o de pessoas e grande possibilidade de cont\u00e1gio, tais como grandes eventos, museus, cinemas e demais atividades incentivadoras de grandes aglomera\u00e7\u00f5es, al\u00e9m de turismo em geral, clubes, academias, atividades de lazer e esportivas;<\/p>\n\n\n\n<p><strong>Institui\u00e7\u00f5es de ensino:<\/strong>\u00a0estas atividades possuem uma \u00f3tica particular de funcionamento, que perpassam as ondas e que devem ser avaliadas pela\u00a0<a rel=\"noreferrer noopener\" href=\"http:\/\/educacao.mg.gov.br\/\" target=\"_blank\">Secretaria de Estado de Educa\u00e7\u00e3o (SEE)<\/a>\u00a0em conjunto com as demais secretarias;<\/p>\n\n\n\n<p><strong>Administra\u00e7\u00e3o p\u00fablica, organismos internacionais e transporte p\u00fablico:\u00a0<\/strong>regulados em atos pr\u00f3prios.<\/p>\n\n\n\n<p class=\"has-background has-very-light-gray-background-color\">Quer saber as not\u00edcias do <strong>Aconteceu no Vale<\/strong> em primeira m\u00e3o? Siga-nos no Facebook <a rel=\"noreferrer noopener\" href=\"http:\/\/facebook.com\/aconteceunovale\" target=\"_blank\">@aconteceunovale<\/a>, Twitter <a rel=\"noreferrer noopener\" href=\"https:\/\/twitter.com\/noticiadosvales\" target=\"_blank\">@noticiadosvales<\/a> e Instagram <a rel=\"noreferrer noopener\" href=\"https:\/\/www.instagram.com\/aconteceunovale\" target=\"_blank\">@aconteceunovale<\/a>.<\/p>\n","protected":false},"excerpt":{"rendered":"<p>O Comit\u00ea Extraordin\u00e1rio Covid-19, que se re\u00fane semanalmente para avaliar o avan\u00e7o da pandemia do coronav\u00edrus no estado, suspendeu, na macrorregi\u00e3o de Sa\u00fade\u00a0Leste do Sul, os protocolos da onda amarela do plano Minas Consciente. O programa foi criado pelo\u00a0Governo de Minas\u00a0para promover a retomada econ\u00f4mica gradual e coordenada nas cidades mineiras, sugerindo medidas que preservem [&hellip;]<\/p>\n","protected":false},"author":1,"featured_media":164804,"comment_status":"open","ping_status":"closed","sticky":false,"template":"","format":"standard","meta":{"amp_status":"","footnotes":""},"categories":[123],"tags":[217799,219851,219853,214884,218078,216498,218079,221718,223944,220474,219855,145,215653,221717,219854,219852,224326,217692,221719,220285,220287,220286],"class_list":["post-164797","post","type-post","status-publish","format-standard","has-post-thumbnail","hentry","category-gerais","tag-casos-de-coronavirus-em-minas-gerais","tag-casos-de-covid-19-em-minas-gerais","tag-cidades-com-casos-de-coronavirus-em-minas-gerais","tag-coronavirus","tag-coronavirus-no-norte-de-minas","tag-covid-19","tag-covid-19-no-norte-de-minas","tag-curados-do-coronavirus-em-minas-gerais","tag-macrorregioes-centro-e-norte-voltarao-a-ondas-mais-rigidas-do-plano-minas-consciente-apos-aumento-de-casos","tag-minas-consciente","tag-mortes-por-coronavirus-em-minas-gerais","tag-norte-de-minas","tag-novo-coronavirus","tag-numero-de-curados-do-coronavirus-em-minas-gerais","tag-numeros-do-coronavirus-em-minas-gerais","tag-obitos-por-coronavirus-em-minas-gerias","tag-onda-amarela-do-plano-minas-consciente-sera-suspensa-para-conter-avanco-do-coronavirus","tag-pandemia-de-coronavirus","tag-recuperados-do-coronavirus-em-minas-gerais","tag-secretaria-de-saude-atualiza-numeros-do-coronavirus-em-minas-gerais","tag-secretaria-de-saude-de-minas-gerais-atualiza-numeros-do-coronavirus","tag-ses-mg-atualiza-numeros-do-coronavirus"],"_links":{"self":[{"href":"https:\/\/aconteceunovale.com.br\/portal\/index.php?rest_route=\/wp\/v2\/posts\/164797","targetHints":{"allow":["GET"]}}],"collection":[{"href":"https:\/\/aconteceunovale.com.br\/portal\/index.php?rest_route=\/wp\/v2\/posts"}],"about":[{"href":"https:\/\/aconteceunovale.com.br\/portal\/index.php?rest_route=\/wp\/v2\/types\/post"}],"author":[{"embeddable":true,"href":"https:\/\/aconteceunovale.com.br\/portal\/index.php?rest_route=\/wp\/v2\/users\/1"}],"replies":[{"embeddable":true,"href":"https:\/\/aconteceunovale.com.br\/portal\/index.php?rest_route=%2Fwp%2Fv2%2Fcomments&post=164797"}],"version-history":[{"count":1,"href":"https:\/\/aconteceunovale.com.br\/portal\/index.php?rest_route=\/wp\/v2\/posts\/164797\/revisions"}],"predecessor-version":[{"id":164805,"href":"https:\/\/aconteceunovale.com.br\/portal\/index.php?rest_route=\/wp\/v2\/posts\/164797\/revisions\/164805"}],"wp:featuredmedia":[{"embeddable":true,"href":"https:\/\/aconteceunovale.com.br\/portal\/index.php?rest_route=\/wp\/v2\/media\/164804"}],"wp:attachment":[{"href":"https:\/\/aconteceunovale.com.br\/portal\/index.php?rest_route=%2Fwp%2Fv2%2Fmedia&parent=164797"}],"wp:term":[{"taxonomy":"category","embeddable":true,"href":"https:\/\/aconteceunovale.com.br\/portal\/index.php?rest_route=%2Fwp%2Fv2%2Fcategories&post=164797"},{"taxonomy":"post_tag","embeddable":true,"href":"https:\/\/aconteceunovale.com.br\/portal\/index.php?rest_route=%2Fwp%2Fv2%2Ftags&post=164797"}],"curies":[{"name":"wp","href":"https:\/\/api.w.org\/{rel}","templated":true}]}}