{"id":164793,"date":"2020-06-25T16:19:58","date_gmt":"2020-06-25T19:19:58","guid":{"rendered":"https:\/\/aconteceunovale.com.br\/portal\/?p=164793"},"modified":"2020-06-25T16:20:18","modified_gmt":"2020-06-25T19:20:18","slug":"agricultores-familiares-do-leste-de-minas-apostam-na-producao-de-gengibre-para-exportacao","status":"publish","type":"post","link":"https:\/\/aconteceunovale.com.br\/portal\/?p=164793","title":{"rendered":"Agricultores familiares do Leste de Minas apostam na produ\u00e7\u00e3o de gengibre para exporta\u00e7\u00e3o"},"content":{"rendered":"\n<p>O gengibre \u00e9 origin\u00e1rio da \u00c1sia e chegou ao Brasil trazido pelos portugueses. Cada vez mais utilizado na culin\u00e1ria por seu aroma e sabor picante, tamb\u00e9m \u00e9 muito procurado pela ind\u00fastria de cosm\u00e9ticos, bebidas e medicamentos. O maior produtor do pa\u00eds \u00e9 o Esp\u00edrito Santo, que exporta boa parte da safra. Em Minas Gerais, alguns agricultores que come\u00e7aram a investir na cultura est\u00e3o conseguindo bons resultados.<\/p>\n\n\n\n<p>Um exemplo vem de Aimor\u00e9s, munic\u00edpio que faz divisa com o Esp\u00edrito Santo, e que j\u00e1 foi um grande produtor de arroz. Hoje, o caf\u00e9 \u00e9 o carro-chefe da produ\u00e7\u00e3o agr\u00edcola do local. Mas, de olho na diversifica\u00e7\u00e3o de atividades, um grupo de agricultores familiares do distrito de Alto Capim fez o primeiro plantio de gengibre em 2019. Se nos s\u00e9culos passados a raiz veio de terras estrangeiras, agora est\u00e1 fazendo o caminho inverso. Toda a produ\u00e7\u00e3o de Aimor\u00e9s est\u00e1 sendo exportada para a Europa e os Estados Unidos.&nbsp;&nbsp;<\/p>\n\n\n\n<p>\u201cA explora\u00e7\u00e3o de gengibre \u00e9 mais uma diversifica\u00e7\u00e3o para gera\u00e7\u00e3o de renda e incentivo ao produtor para continuar no meio rural, evitando a migra\u00e7\u00e3o para os grandes centros\u201d, explica o t\u00e9cnico da Emater-MG, Wagner de Lima Mendes.<\/p>\n\n\n\n<figure class=\"wp-block-gallery columns-1 is-cropped wp-block-gallery-1 is-layout-flex wp-block-gallery-is-layout-flex\"><ul class=\"blocks-gallery-grid\"><li class=\"blocks-gallery-item\"><figure><img loading=\"lazy\" decoding=\"async\" width=\"600\" height=\"450\" src=\"https:\/\/aconteceunovale.com.br\/portal\/wp-content\/uploads\/2020\/06\/gengibre_leste_minas_1.jpeg\" alt=\"\" data-id=\"164794\" data-full-url=\"https:\/\/aconteceunovale.com.br\/portal\/wp-content\/uploads\/2020\/06\/gengibre_leste_minas_1.jpeg\" data-link=\"https:\/\/aconteceunovale.com.br\/portal\/?attachment_id=164794\" class=\"wp-image-164794\" srcset=\"https:\/\/aconteceunovale.com.br\/portal\/wp-content\/uploads\/2020\/06\/gengibre_leste_minas_1.jpeg 600w, https:\/\/aconteceunovale.com.br\/portal\/wp-content\/uploads\/2020\/06\/gengibre_leste_minas_1-300x225.jpeg 300w, https:\/\/aconteceunovale.com.br\/portal\/wp-content\/uploads\/2020\/06\/gengibre_leste_minas_1-80x60.jpeg 80w, https:\/\/aconteceunovale.com.br\/portal\/wp-content\/uploads\/2020\/06\/gengibre_leste_minas_1-265x198.jpeg 265w, https:\/\/aconteceunovale.com.br\/portal\/wp-content\/uploads\/2020\/06\/gengibre_leste_minas_1-560x420.jpeg 560w\" sizes=\"auto, (max-width: 600px) 100vw, 600px\" \/><figcaption class=\"blocks-gallery-item__caption\"><em>Foto: Divulga\u00e7\u00e3o \/ Emater-MG<\/em><\/figcaption><\/figure><\/li><\/ul><\/figure>\n\n\n\n<p><strong>Plantio experimental<\/strong><\/p>\n\n\n\n<p>A produ\u00e7\u00e3o no distrito teve in\u00edcio com Silv\u00e9rio Jos\u00e9 Vassuler, do munic\u00edpio capixaba de Santa Maria de Jetib\u00e1, um dos destaques na produ\u00e7\u00e3o nacional de gengibre e na venda para os consumidores internacionais. Ele conta que tem parentes e conhecia alguns produtores de Aimor\u00e9s. Ent\u00e3o, resolveu fazer um plantio experimental na regi\u00e3o e mostrar a cultura para os agricultores locais. \u201cFoi uma surpresa, produziu muito bem\u201d, conta.<\/p>\n\n\n\n<p>Para o produtor capixaba, a fertilidade do solo, a altitude entre 700 e 900 metros, e o clima da regi\u00e3o favorecem o bom desenvolvimento do gengibre. \u201cFaz muito calor durante o dia, mas a temperatura tem uma boa queda durante a noite. Isso \u00e9 bom para a produ\u00e7\u00e3o\u201d, observa.<\/p>\n\n\n\n<p>Com os bons resultados do plantio experimental, ele fez uma parceria com nove fam\u00edlias de agricultores familiares que tamb\u00e9m plantam caf\u00e9 no distrito. Hoje, as lavouras de gengibre somam 20 hectares e a primeira colheita j\u00e1 foi realizada. Tudo foi exportado. \u201cEsse distrito foi um dos \u00faltimos a se desenvolver em Aimor\u00e9s pela dificuldade de acesso e por demorar a ter energia el\u00e9trica. Atualmente, ele \u00e9 refer\u00eancia no munic\u00edpio, principalmente pela diversifica\u00e7\u00e3o e os bons resultados na agropecu\u00e1ria\u201d, comenta o t\u00e9cnico da Emater-MG, Wagner Mendes.<\/p>\n\n\n\n<p>Pela parceria feita com o grupo de agricultores, Silv\u00e9rio fornece mudas, esterco, maquin\u00e1rio, caixas para embalagem e o transporte para escoar o gengibre. Os agricultores locais ficam respons\u00e1veis pelo plantio, condu\u00e7\u00e3o da lavoura, colheita e embalagem. Eles recebem 40% do valor da caixa de gengibre.\u00a0\u00a0<\/p>\n\n\n\n<p>O cafeicultor Iran Carlos Oliveira faz parte dos agricultores de gengibre em Aimor\u00e9s. Ele foi ao Esp\u00edrito Santo para conhecer a cultura e resolveu apostar na atividade. Ap\u00f3s a primeira colheita no in\u00edcio deste ano, n\u00e3o demonstra arrependimento. \u201cO gengibre rende muito em uma pequena \u00e1rea. Em cada metro corrido plantado, a gente colheu uma caixa\u201d, diz.<\/p>\n\n\n\n<p>Ele e a esposa colheram 505 caixas de gengibre antes de come\u00e7ar a colheita do caf\u00e9. A partir de agosto, eles devem pegar outras 500 caixas. Cada uma delas tem 14 quilos e rende, para a fam\u00edlia, R$ 45. \u201cPode at\u00e9 ser melhor que o caf\u00e9, que nem sempre tem pre\u00e7o que compensa\u201d, afirma Oliveira.<\/p>\n\n\n\n<p><strong>Colheita<\/strong><\/p>\n\n\n\n<p>A colheita do gengibre come\u00e7a cerca de sete meses depois do plantio das mudas. Em regi\u00f5es onde a cultura j\u00e1 est\u00e1 consolidada, a produ\u00e7\u00e3o \u00e9 quase ininterrupta, j\u00e1 que ele pode ser colhido tanto verde, quanto maduro.\u00a0<\/p>\n\n\n\n<figure class=\"wp-block-gallery columns-1 is-cropped wp-block-gallery-2 is-layout-flex wp-block-gallery-is-layout-flex\"><ul class=\"blocks-gallery-grid\"><li class=\"blocks-gallery-item\"><figure><img loading=\"lazy\" decoding=\"async\" width=\"600\" height=\"450\" src=\"https:\/\/aconteceunovale.com.br\/portal\/wp-content\/uploads\/2020\/06\/gengibre_leste_minas_2.jpeg\" alt=\"\" data-id=\"164795\" data-full-url=\"https:\/\/aconteceunovale.com.br\/portal\/wp-content\/uploads\/2020\/06\/gengibre_leste_minas_2.jpeg\" data-link=\"https:\/\/aconteceunovale.com.br\/portal\/?attachment_id=164795\" class=\"wp-image-164795\" srcset=\"https:\/\/aconteceunovale.com.br\/portal\/wp-content\/uploads\/2020\/06\/gengibre_leste_minas_2.jpeg 600w, https:\/\/aconteceunovale.com.br\/portal\/wp-content\/uploads\/2020\/06\/gengibre_leste_minas_2-300x225.jpeg 300w, https:\/\/aconteceunovale.com.br\/portal\/wp-content\/uploads\/2020\/06\/gengibre_leste_minas_2-80x60.jpeg 80w, https:\/\/aconteceunovale.com.br\/portal\/wp-content\/uploads\/2020\/06\/gengibre_leste_minas_2-265x198.jpeg 265w, https:\/\/aconteceunovale.com.br\/portal\/wp-content\/uploads\/2020\/06\/gengibre_leste_minas_2-560x420.jpeg 560w\" sizes=\"auto, (max-width: 600px) 100vw, 600px\" \/><figcaption class=\"blocks-gallery-item__caption\"><em>Foto: Divulga\u00e7\u00e3o \/ Emater-MG<\/em><\/figcaption><\/figure><\/li><\/ul><\/figure>\n\n\n\n<p class=\"has-background has-very-light-gray-background-color\">Quer saber as not\u00edcias do <strong>Aconteceu no Vale<\/strong> em primeira m\u00e3o? Siga-nos no Facebook <a rel=\"noreferrer noopener\" href=\"http:\/\/facebook.com\/aconteceunovale\" target=\"_blank\">@aconteceunovale<\/a>, Twitter <a rel=\"noreferrer noopener\" href=\"https:\/\/twitter.com\/noticiadosvales\" target=\"_blank\">@noticiadosvales<\/a> e Instagram <a rel=\"noreferrer noopener\" href=\"https:\/\/www.instagram.com\/aconteceunovale\" target=\"_blank\">@aconteceunovale<\/a>.<\/p>\n","protected":false},"excerpt":{"rendered":"<p>O gengibre \u00e9 origin\u00e1rio da \u00c1sia e chegou ao Brasil trazido pelos portugueses. Cada vez mais utilizado na culin\u00e1ria por seu aroma e sabor picante, tamb\u00e9m \u00e9 muito procurado pela ind\u00fastria de cosm\u00e9ticos, bebidas e medicamentos. O maior produtor do pa\u00eds \u00e9 o Esp\u00edrito Santo, que exporta boa parte da safra. Em Minas Gerais, alguns [&hellip;]<\/p>\n","protected":false},"author":1,"featured_media":164794,"comment_status":"open","ping_status":"closed","sticky":false,"template":"","format":"standard","meta":{"amp_status":"","footnotes":""},"categories":[121],"tags":[224325,273,1018,25775,125370,224320,224321,224318,224324,224323,224319,135476,224322,221680],"class_list":["post-164793","post","type-post","status-publish","format-standard","has-post-thumbnail","hentry","category-leste","tag-agricultores-familiares-do-leste-de-minas-apostam-na-producao-de-gengibre-para-exportacao","tag-aimores","tag-destaque","tag-emater-mg","tag-gengibre","tag-gengibre-do-leste-de-minas","tag-gengibre-emater-mg","tag-gengibre-para-exportacao","tag-gengibre-para-exportacao-e-nova-aposta-de-agricultores-familiares-de-aimores","tag-iran-carlos-oliveira","tag-producao-de-gengibre-no-leste-de-minas","tag-santa-maria-de-jetiba","tag-silverio-jose-vassuler","tag-wagner-de-lima-mendes"],"_links":{"self":[{"href":"https:\/\/aconteceunovale.com.br\/portal\/index.php?rest_route=\/wp\/v2\/posts\/164793","targetHints":{"allow":["GET"]}}],"collection":[{"href":"https:\/\/aconteceunovale.com.br\/portal\/index.php?rest_route=\/wp\/v2\/posts"}],"about":[{"href":"https:\/\/aconteceunovale.com.br\/portal\/index.php?rest_route=\/wp\/v2\/types\/post"}],"author":[{"embeddable":true,"href":"https:\/\/aconteceunovale.com.br\/portal\/index.php?rest_route=\/wp\/v2\/users\/1"}],"replies":[{"embeddable":true,"href":"https:\/\/aconteceunovale.com.br\/portal\/index.php?rest_route=%2Fwp%2Fv2%2Fcomments&post=164793"}],"version-history":[{"count":1,"href":"https:\/\/aconteceunovale.com.br\/portal\/index.php?rest_route=\/wp\/v2\/posts\/164793\/revisions"}],"predecessor-version":[{"id":164796,"href":"https:\/\/aconteceunovale.com.br\/portal\/index.php?rest_route=\/wp\/v2\/posts\/164793\/revisions\/164796"}],"wp:featuredmedia":[{"embeddable":true,"href":"https:\/\/aconteceunovale.com.br\/portal\/index.php?rest_route=\/wp\/v2\/media\/164794"}],"wp:attachment":[{"href":"https:\/\/aconteceunovale.com.br\/portal\/index.php?rest_route=%2Fwp%2Fv2%2Fmedia&parent=164793"}],"wp:term":[{"taxonomy":"category","embeddable":true,"href":"https:\/\/aconteceunovale.com.br\/portal\/index.php?rest_route=%2Fwp%2Fv2%2Fcategories&post=164793"},{"taxonomy":"post_tag","embeddable":true,"href":"https:\/\/aconteceunovale.com.br\/portal\/index.php?rest_route=%2Fwp%2Fv2%2Ftags&post=164793"}],"curies":[{"name":"wp","href":"https:\/\/api.w.org\/{rel}","templated":true}]}}