{"id":164789,"date":"2020-06-25T16:05:48","date_gmt":"2020-06-25T19:05:48","guid":{"rendered":"https:\/\/aconteceunovale.com.br\/portal\/?p=164789"},"modified":"2020-06-25T16:06:14","modified_gmt":"2020-06-25T19:06:14","slug":"proposta-da-previdencia-de-minas-gerais-preve-aliquotas-menores-para-quem-ganha-menos","status":"publish","type":"post","link":"https:\/\/aconteceunovale.com.br\/portal\/?p=164789","title":{"rendered":"Proposta da Previd\u00eancia de Minas Gerais prev\u00ea al\u00edquotas menores para quem ganha menos"},"content":{"rendered":"\n<p>Enviada pelo governador Romeu Zema \u00e0 Assembleia Legislativa, na \u00faltima sexta-feira (19\/6), a proposta de Reforma da Previd\u00eancia dos servidores civis estaduais mineiros inseridos no Regime Pr\u00f3prio de Previd\u00eancia Social (RPPS) prop\u00f5e uma tabela de contribui\u00e7\u00e3o progressiva. Dessa forma, quem ganha menos contribui menos.<\/p>\n\n\n\n<p>De acordo com o texto do Executivo, do total de 184.284 servidores ativos do RPPS, 83% recebem at\u00e9 R$ 6 mil. Esse grupo vai contribuir com al\u00edquotas efetivas (descontos reais nos vencimentos) que variam de 13% a 13,67%, ou seja, \u00edndices inferiores aos 14% exigidos pelo governo federal. J\u00e1 para os grupos formados por servidores com sal\u00e1rios maiores as al\u00edquotas efetivas variam de 15,13% a 18,38%.<\/p>\n\n\n\n<p>Confra as\u00a0al\u00edquotas propostas no quadro:\u00a0<\/p>\n\n\n\n<figure class=\"wp-block-gallery columns-1 is-cropped wp-block-gallery-1 is-layout-flex wp-block-gallery-is-layout-flex\"><ul class=\"blocks-gallery-grid\"><li class=\"blocks-gallery-item\"><figure><img loading=\"lazy\" decoding=\"async\" width=\"630\" height=\"258\" src=\"https:\/\/aconteceunovale.com.br\/portal\/wp-content\/uploads\/2020\/06\/reforma_mg_1.jpg\" alt=\"\" data-id=\"164790\" data-full-url=\"https:\/\/aconteceunovale.com.br\/portal\/wp-content\/uploads\/2020\/06\/reforma_mg_1.jpg\" data-link=\"https:\/\/aconteceunovale.com.br\/portal\/?attachment_id=164790\" class=\"wp-image-164790\" srcset=\"https:\/\/aconteceunovale.com.br\/portal\/wp-content\/uploads\/2020\/06\/reforma_mg_1.jpg 630w, https:\/\/aconteceunovale.com.br\/portal\/wp-content\/uploads\/2020\/06\/reforma_mg_1-300x123.jpg 300w\" sizes=\"auto, (max-width: 630px) 100vw, 630px\" \/><\/figure><\/li><\/ul><\/figure>\n\n\n\n<p>A reforma, que se refere aos servidores civis do RPPS de todos os Poderes, inclui ainda 251.004 aposentados e 38.476 pensionistas. Para esses, a proposta \u00e9 que os benefici\u00e1rios que recebem at\u00e9 um sal\u00e1rio m\u00ednimo fiquem isentos de contribui\u00e7\u00e3o. Para os benef\u00edcios acima do sal\u00e1rio m\u00ednimo, as al\u00edquotas progressivas seguem a mesma tabela adotada para os servidores ativos.<\/p>\n\n\n\n<p><strong>D\u00e9ficits sucessivos<\/strong><\/p>\n\n\n\n<p>Deve-se ressaltar que a reforma proposta \u00e9 reflexo de uma nova realidade. Hoje, felizmente, a expectativa de vida tem aumentado continuamente. Vivemos mais do que nossos antepassados e \u00e9 preciso que a seguridade social seja ajustada para garantir aposentadorias e pens\u00f5es dignas a todos os trabalhadores. \u00c9 bom lembrar que essas adequa\u00e7\u00f5es v\u00eam acontecendo em todo o mundo.<\/p>\n\n\n\n<p>Para o secret\u00e1rio de Fazenda, Gustavo Barbosa, a Reforma da Previd\u00eancia mineira \u00e9 extremamente necess\u00e1ria, considerando os sucessivos d\u00e9ficits previdenci\u00e1rios enfrentados pelo Estado. Somente nos \u00faltimos oito anos, a Previd\u00eancia consumiu, em valores atualizados, mais de R$ 130 bilh\u00f5es do tesouro estadual. Numa situa\u00e7\u00e3o de normalidade, esses recursos poderiam ter sido direcionados para pol\u00edticas p\u00fablicas nas \u00e1reas essenciais como Educa\u00e7\u00e3o, Sa\u00fade e Seguran\u00e7a.<\/p>\n\n\n\n<p>\u201cAs propostas encaminhadas para an\u00e1lise dos deputados estaduais t\u00eam como objetivo principal mitigar o d\u00e9ficit, a longo prazo. O que esperamos \u00e9 que elas ajudem a evitar que futuras gera\u00e7\u00f5es sejam oneradas ou vivam sob a constante amea\u00e7a de um sistema previdenci\u00e1rio insustent\u00e1vel\u201d, analisou.<\/p>\n\n\n\n<p>A expectativa \u00e9 que, com a reformula\u00e7\u00e3o do sistema previdenci\u00e1rio mineiro, o Estado alcance uma economia de R$ 32,5 bilh\u00f5es nos pr\u00f3ximos dez anos, sendo R$ 2,3 bilh\u00f5es j\u00e1 em 2021.<\/p>\n\n\n\n<p class=\"has-background has-very-light-gray-background-color\">Quer saber as not\u00edcias do <strong>Aconteceu no Vale<\/strong> em primeira m\u00e3o? Siga-nos no Facebook <a rel=\"noreferrer noopener\" href=\"http:\/\/facebook.com\/aconteceunovale\" target=\"_blank\">@aconteceunovale<\/a>, Twitter <a rel=\"noreferrer noopener\" href=\"https:\/\/twitter.com\/noticiadosvales\" target=\"_blank\">@noticiadosvales<\/a> e Instagram <a rel=\"noreferrer noopener\" href=\"https:\/\/www.instagram.com\/aconteceunovale\" target=\"_blank\">@aconteceunovale<\/a>.<\/p>\n","protected":false},"excerpt":{"rendered":"<p>Enviada pelo governador Romeu Zema \u00e0 Assembleia Legislativa, na \u00faltima sexta-feira (19\/6), a proposta de Reforma da Previd\u00eancia dos servidores civis estaduais mineiros inseridos no Regime Pr\u00f3prio de Previd\u00eancia Social (RPPS) prop\u00f5e uma tabela de contribui\u00e7\u00e3o progressiva. Dessa forma, quem ganha menos contribui menos. De acordo com o texto do Executivo, do total de 184.284 [&hellip;]<\/p>\n","protected":false},"author":1,"featured_media":164791,"comment_status":"open","ping_status":"closed","sticky":false,"template":"","format":"standard","meta":{"amp_status":"","footnotes":""},"categories":[123],"tags":[224168,752,24358,224177,224176,91496,6546,224172,224171,224175,901,224174,224173,224167,224170,224317,224166,224165,224169,178207],"class_list":["post-164789","post","type-post","status-publish","format-standard","has-post-thumbnail","hentry","category-gerais","tag-aliquotas-da-reforma-da-previdencia-de-minas-gerais","tag-almg","tag-assembleia-legislativa-de-minas-gerais","tag-fepremg","tag-ffp-mg","tag-funfip","tag-governo-de-minas","tag-idade-minima-para-aposentar-em-minas-gerais","tag-idade-para-aposentar-em-minas-gerais","tag-instituto-de-previdencia-dos-servidores-do-estado-de-minas-gerais","tag-ipsemg","tag-mgprev","tag-minas-gerais-previdencia-dos-servidores-publicos-civis-do-estado","tag-o-que-muda-com-a-reforma-da-previdencia-de-minas-gerais","tag-previdencia-de-romeu-zema","tag-proposta-da-previdencia-de-minas-gerais-preve-aliquotas-menores-para-quem-ganha-menos","tag-reforma-da-previdencia-de-minas-gerais","tag-reforma-da-previdencia-de-minas-gerais-preve-quatro-aliquotas","tag-reforma-da-previdencia-de-romeu-zema","tag-romeu-zema"],"_links":{"self":[{"href":"https:\/\/aconteceunovale.com.br\/portal\/index.php?rest_route=\/wp\/v2\/posts\/164789","targetHints":{"allow":["GET"]}}],"collection":[{"href":"https:\/\/aconteceunovale.com.br\/portal\/index.php?rest_route=\/wp\/v2\/posts"}],"about":[{"href":"https:\/\/aconteceunovale.com.br\/portal\/index.php?rest_route=\/wp\/v2\/types\/post"}],"author":[{"embeddable":true,"href":"https:\/\/aconteceunovale.com.br\/portal\/index.php?rest_route=\/wp\/v2\/users\/1"}],"replies":[{"embeddable":true,"href":"https:\/\/aconteceunovale.com.br\/portal\/index.php?rest_route=%2Fwp%2Fv2%2Fcomments&post=164789"}],"version-history":[{"count":1,"href":"https:\/\/aconteceunovale.com.br\/portal\/index.php?rest_route=\/wp\/v2\/posts\/164789\/revisions"}],"predecessor-version":[{"id":164792,"href":"https:\/\/aconteceunovale.com.br\/portal\/index.php?rest_route=\/wp\/v2\/posts\/164789\/revisions\/164792"}],"wp:featuredmedia":[{"embeddable":true,"href":"https:\/\/aconteceunovale.com.br\/portal\/index.php?rest_route=\/wp\/v2\/media\/164791"}],"wp:attachment":[{"href":"https:\/\/aconteceunovale.com.br\/portal\/index.php?rest_route=%2Fwp%2Fv2%2Fmedia&parent=164789"}],"wp:term":[{"taxonomy":"category","embeddable":true,"href":"https:\/\/aconteceunovale.com.br\/portal\/index.php?rest_route=%2Fwp%2Fv2%2Fcategories&post=164789"},{"taxonomy":"post_tag","embeddable":true,"href":"https:\/\/aconteceunovale.com.br\/portal\/index.php?rest_route=%2Fwp%2Fv2%2Ftags&post=164789"}],"curies":[{"name":"wp","href":"https:\/\/api.w.org\/{rel}","templated":true}]}}