{"id":164773,"date":"2020-06-24T09:20:00","date_gmt":"2020-06-24T12:20:00","guid":{"rendered":"https:\/\/aconteceunovale.com.br\/portal\/?p=164773"},"modified":"2020-06-25T10:24:53","modified_gmt":"2020-06-25T13:24:53","slug":"policia-civil-detem-dupla-por-trafico-de-drogas-em-turmalina","status":"publish","type":"post","link":"https:\/\/aconteceunovale.com.br\/portal\/?p=164773","title":{"rendered":"Pol\u00edcia Civil det\u00e9m dupla por tr\u00e1fico de drogas em Turmalina"},"content":{"rendered":"\n<p>A Pol\u00edcia Civil de Minas Gerais, por meio da Delegacia de Turmalina e com o apoio da 2\u00aa Delegacia Regional de Pol\u00edcia Civil de Capelinha, cumpriu nesta quarta-feira, 24\/06\/2020, mandados de busca e apreens\u00e3o nos bairros S\u00e3o Jo\u00e3o Batista e Nova Turmalina, no munic\u00edpio de Turmalina, visando apurar crimes de roubo e tr\u00e1fico de drogas.\u00a0<\/p>\n\n\n\n<p>Os policiais civis daquela cidade iniciaram as investiga\u00e7\u00f5es ap\u00f3s o roubo que culminou na subtra\u00e7\u00e3o de uma motocicleta no bairro Boa Vista, no m\u00eas de abril deste ano. Dessa forma, os policiais obtiveram informa\u00e7\u00f5es que permitiram a identifica\u00e7\u00e3o dos suspeitos, al\u00e9m de que, receberam informa\u00e7\u00f5es an\u00f4nimas que apontavam o envolvimento deles com o tr\u00e1fico de drogas. Assim, ap\u00f3s intenso trabalho investigativo e diante das provas produzidas no inqu\u00e9rito, a Autoridade Policial respons\u00e1vel pelas investiga\u00e7\u00f5es, representou pelos mandados de busca e apreens\u00e3o nas resid\u00eancias dos investigados, que foi atendida pela Justi\u00e7a P\u00fablica de Turmalina.<\/p>\n\n\n\n<p>Durante a a\u00e7\u00e3o policial foram arrecadados 01 simulacro de pistola .40, 02 por\u00e7\u00f5es de maconha, 11 pinos de coca\u00edna, R$ 132,00, 01 soco ingl\u00eas e 01 espingarda de chumbinho de origem suspeita. Portanto, foram realizadas a pris\u00e3o de um suspeito (40 anos) e a apreens\u00e3o de um adolescente, sendo eles conduzidos a Delegacia de Pol\u00edcia Civil de Turmalina para a aprecia\u00e7\u00e3o da Autoridade Policial em raz\u00e3o da pr\u00e1tica dos crimes de tr\u00e1fico e drogas e associa\u00e7\u00e3o ao tr\u00e1fico.<\/p>\n\n\n\n<p>Em continuidade \u00e0s dilig\u00eancias e com o apoio da Delegacia de Pol\u00edcia Civil de Minas Novas, policiais civis de Turmalina localizaram e efetuaram a pris\u00e3o de um suspeito que naquele momento se encontrava na cidade de Minas Novas, sendo ele tamb\u00e9m propriet\u00e1rio das drogas apreendidas e principal suspeito do roubo.<\/p>\n\n\n\n<p>Ap\u00f3s as formaliza\u00e7\u00f5es, os suspeitos foram recolhidos no Sistema Prisional, permanecendo \u00e0 disposi\u00e7\u00e3o da Justi\u00e7a.<\/p>\n\n\n\n<figure class=\"wp-block-gallery columns-1 is-cropped wp-block-gallery-1 is-layout-flex wp-block-gallery-is-layout-flex\"><ul class=\"blocks-gallery-grid\"><li class=\"blocks-gallery-item\"><figure><img loading=\"lazy\" decoding=\"async\" width=\"601\" height=\"450\" src=\"https:\/\/aconteceunovale.com.br\/portal\/wp-content\/uploads\/2020\/06\/operacao_turmalina_1.jpg\" alt=\"\" data-id=\"164775\" data-full-url=\"https:\/\/aconteceunovale.com.br\/portal\/wp-content\/uploads\/2020\/06\/operacao_turmalina_1.jpg\" data-link=\"https:\/\/aconteceunovale.com.br\/portal\/?attachment_id=164775\" class=\"wp-image-164775\" srcset=\"https:\/\/aconteceunovale.com.br\/portal\/wp-content\/uploads\/2020\/06\/operacao_turmalina_1.jpg 601w, https:\/\/aconteceunovale.com.br\/portal\/wp-content\/uploads\/2020\/06\/operacao_turmalina_1-300x225.jpg 300w, https:\/\/aconteceunovale.com.br\/portal\/wp-content\/uploads\/2020\/06\/operacao_turmalina_1-80x60.jpg 80w, https:\/\/aconteceunovale.com.br\/portal\/wp-content\/uploads\/2020\/06\/operacao_turmalina_1-265x198.jpg 265w, https:\/\/aconteceunovale.com.br\/portal\/wp-content\/uploads\/2020\/06\/operacao_turmalina_1-561x420.jpg 561w\" sizes=\"auto, (max-width: 601px) 100vw, 601px\" \/><figcaption class=\"blocks-gallery-item__caption\"><em>Foto: Divulga\u00e7\u00e3o \/ PCMG<\/em><\/figcaption><\/figure><\/li><li class=\"blocks-gallery-item\"><figure><img loading=\"lazy\" decoding=\"async\" width=\"601\" height=\"450\" src=\"https:\/\/aconteceunovale.com.br\/portal\/wp-content\/uploads\/2020\/06\/operacao_turmalina_2.jpg\" alt=\"\" data-id=\"164774\" data-full-url=\"https:\/\/aconteceunovale.com.br\/portal\/wp-content\/uploads\/2020\/06\/operacao_turmalina_2.jpg\" data-link=\"https:\/\/aconteceunovale.com.br\/portal\/?attachment_id=164774\" class=\"wp-image-164774\" srcset=\"https:\/\/aconteceunovale.com.br\/portal\/wp-content\/uploads\/2020\/06\/operacao_turmalina_2.jpg 601w, https:\/\/aconteceunovale.com.br\/portal\/wp-content\/uploads\/2020\/06\/operacao_turmalina_2-300x225.jpg 300w, https:\/\/aconteceunovale.com.br\/portal\/wp-content\/uploads\/2020\/06\/operacao_turmalina_2-80x60.jpg 80w, https:\/\/aconteceunovale.com.br\/portal\/wp-content\/uploads\/2020\/06\/operacao_turmalina_2-265x198.jpg 265w, https:\/\/aconteceunovale.com.br\/portal\/wp-content\/uploads\/2020\/06\/operacao_turmalina_2-561x420.jpg 561w\" sizes=\"auto, (max-width: 601px) 100vw, 601px\" \/><figcaption class=\"blocks-gallery-item__caption\"><em>Foto: Divulga\u00e7\u00e3o \/ PCMG<\/em><\/figcaption><\/figure><\/li><\/ul><\/figure>\n\n\n\n<p class=\"has-background has-very-light-gray-background-color\">Quer saber as not\u00edcias do <strong>Aconteceu no Vale<\/strong> em primeira m\u00e3o? Siga-nos no Facebook <a rel=\"noreferrer noopener\" href=\"http:\/\/facebook.com\/aconteceunovale\" target=\"_blank\">@aconteceunovale<\/a>, Twitter <a rel=\"noreferrer noopener\" href=\"https:\/\/twitter.com\/noticiadosvales\" target=\"_blank\">@noticiadosvales<\/a> e Instagram <a rel=\"noreferrer noopener\" href=\"https:\/\/www.instagram.com\/aconteceunovale\" target=\"_blank\">@aconteceunovale<\/a>.<\/p>\n","protected":false},"excerpt":{"rendered":"<p>A Pol\u00edcia Civil de Minas Gerais, por meio da Delegacia de Turmalina e com o apoio da 2\u00aa Delegacia Regional de Pol\u00edcia Civil de Capelinha, cumpriu nesta quarta-feira, 24\/06\/2020, mandados de busca e apreens\u00e3o nos bairros S\u00e3o Jo\u00e3o Batista e Nova Turmalina, no munic\u00edpio de Turmalina, visando apurar crimes de roubo e tr\u00e1fico de drogas.\u00a0 [&hellip;]<\/p>\n","protected":false},"author":1,"featured_media":164774,"comment_status":"open","ping_status":"closed","sticky":false,"template":"","format":"standard","meta":{"amp_status":"","footnotes":""},"categories":[120],"tags":[3499,132,224307,224308,222962,159294,137,604,44644,224305,224306,134577,212437,3500,178],"class_list":["post-164773","post","type-post","status-publish","format-standard","has-post-thumbnail","hentry","category-jequi","tag-apreensao-de-drogas-em-turmalina","tag-capelinha","tag-delegacia-de-turmalina","tag-delegacia-regional-de-policia-civil-de-capelinha","tag-delegado-felipe-pontual","tag-droga-apreendida-em-turmalina","tag-minas-novas","tag-pcmg","tag-policia-civil-de-minas-gerais","tag-policia-civil-detem-dois-envolvidos-com-o-trafico-de-drogas-em-turmalina","tag-policia-civil-detem-dupla-por-trafico-de-drogas-em-turmalina","tag-presos-em-turmalina","tag-traficantes-presos-em-turmalina","tag-trafico-de-drogas-em-turmalina","tag-turmalina"],"_links":{"self":[{"href":"https:\/\/aconteceunovale.com.br\/portal\/index.php?rest_route=\/wp\/v2\/posts\/164773","targetHints":{"allow":["GET"]}}],"collection":[{"href":"https:\/\/aconteceunovale.com.br\/portal\/index.php?rest_route=\/wp\/v2\/posts"}],"about":[{"href":"https:\/\/aconteceunovale.com.br\/portal\/index.php?rest_route=\/wp\/v2\/types\/post"}],"author":[{"embeddable":true,"href":"https:\/\/aconteceunovale.com.br\/portal\/index.php?rest_route=\/wp\/v2\/users\/1"}],"replies":[{"embeddable":true,"href":"https:\/\/aconteceunovale.com.br\/portal\/index.php?rest_route=%2Fwp%2Fv2%2Fcomments&post=164773"}],"version-history":[{"count":2,"href":"https:\/\/aconteceunovale.com.br\/portal\/index.php?rest_route=\/wp\/v2\/posts\/164773\/revisions"}],"predecessor-version":[{"id":164777,"href":"https:\/\/aconteceunovale.com.br\/portal\/index.php?rest_route=\/wp\/v2\/posts\/164773\/revisions\/164777"}],"wp:featuredmedia":[{"embeddable":true,"href":"https:\/\/aconteceunovale.com.br\/portal\/index.php?rest_route=\/wp\/v2\/media\/164774"}],"wp:attachment":[{"href":"https:\/\/aconteceunovale.com.br\/portal\/index.php?rest_route=%2Fwp%2Fv2%2Fmedia&parent=164773"}],"wp:term":[{"taxonomy":"category","embeddable":true,"href":"https:\/\/aconteceunovale.com.br\/portal\/index.php?rest_route=%2Fwp%2Fv2%2Fcategories&post=164773"},{"taxonomy":"post_tag","embeddable":true,"href":"https:\/\/aconteceunovale.com.br\/portal\/index.php?rest_route=%2Fwp%2Fv2%2Ftags&post=164773"}],"curies":[{"name":"wp","href":"https:\/\/api.w.org\/{rel}","templated":true}]}}