{"id":164750,"date":"2020-06-24T19:57:51","date_gmt":"2020-06-24T22:57:51","guid":{"rendered":"https:\/\/aconteceunovale.com.br\/portal\/?p=164750"},"modified":"2020-06-24T19:58:38","modified_gmt":"2020-06-24T22:58:38","slug":"governo-de-minas-prorroga-validade-de-concurso-para-professores-da-rede-estadual-por-dois-anos","status":"publish","type":"post","link":"https:\/\/aconteceunovale.com.br\/portal\/?p=164750","title":{"rendered":"Governo de Minas prorroga validade de concurso para professores da rede estadual por dois anos"},"content":{"rendered":"\n<p>O\u00a0Governo de Minas\u00a0decidiu prorrogar por mais dois anos a validade do concurso p\u00fablico para professores e especialistas em educa\u00e7\u00e3o b\u00e1sica, publicado no Edital n\u00ba 7, de 2017, da\u00a0<a rel=\"noreferrer noopener\" href=\"https:\/\/www.educacao.mg.gov.br\/\" target=\"_blank\">Secretaria de Estado de Educa\u00e7\u00e3o (SEE\/MG)<\/a>. Na ocasi\u00e3o, 38.126 candidatos foram aprovados para vagas de professores regentes de aulas, de disciplinas que comp\u00f5em o curr\u00edculo b\u00e1sico dos anos finais do ensino fundamental e do ensino m\u00e9dio, e para vagas de especialistas em educa\u00e7\u00e3o.\u00a0<\/p>\n\n\n\n<p>Com isso, os profissionais aprovados no concurso que ainda n\u00e3o foram convocados para ocupar vagas da SEE\/MG ainda t\u00eam chance de ser chamados para compor o quadro da rede estadual de&nbsp;Educa\u00e7\u00e3o pelos pr\u00f3ximos dois anos.&nbsp;<\/p>\n\n\n\n<p>Segundo o secret\u00e1rio de\u00a0Governo, Igor Eto, a medida busca evitar que a sele\u00e7\u00e3o, realizada em 2018, perca a validade. &#8220;O governador determinou a prorroga\u00e7\u00e3o do prazo para que os profissionais aprovados e classificados no concurso n\u00e3o sejam prejudicados\u201d, frisa. A proposta foi autorizada pelo Comit\u00ea de Or\u00e7amento e Finan\u00e7as do Estado de Minas Gerais (Cofin) na \u00faltima ter\u00e7a-feira (23\/6) e deve ser publicada no Di\u00e1rio Oficial ainda esta semana.<\/p>\n\n\n\n<p>O edital prorrogado compreende todas as 47 Superintend\u00eancias Regionais de Ensino do Estado e selecionou especialistas e professores de Artes, Biologia\/Ci\u00eancias, Educa\u00e7\u00e3o F\u00edsica, Filosofia, F\u00edsica, Geografia, Hist\u00f3ria, Ingl\u00eas, L\u00edngua Portuguesa, Matem\u00e1tica, Qu\u00edmica e Sociologia.&nbsp;<\/p>\n\n\n\n<p>A secret\u00e1ria de Estado de Educa\u00e7\u00e3o, Julia Sant\u2019Anna, destaca que o aumento do prazo contribui para incrementar e valorizar a qualidade da&nbsp;Educa\u00e7\u00e3o em Minas. \u201cNesse cen\u00e1rio de pandemia, a secretaria entende que \u00e9 de extrema import\u00e2ncia essa medida que garante o trabalho desses profissionais que foram selecionados por concurso e que j\u00e1 vinham sendo chamados\u201d, afirma.<\/p>\n\n\n\n<p><strong>Nomea\u00e7\u00f5es<\/strong><\/p>\n\n\n\n<p>Com a extens\u00e3o do prazo, o Governo garante a continuidade da pol\u00edtica de nomea\u00e7\u00e3o de servidores que vinha sendo adotada. O cronograma pactuado entre a SEE\/MG e a\u00a0Secretaria de Estado de Planejamento e Gest\u00e3o (Seplag)\u00a0era de convocar 8 mil novos profissionais at\u00e9 julho, mas precisou ser interrompido devido \u00e0 pandemia de covid-19.<\/p>\n\n\n\n<p>At\u00e9 o momento, o Estado j\u00e1 nomeou mais de 3,9 mil novos servidores efetivos, desde o in\u00edcio desta gest\u00e3o. No ano passado, foram publicados tr\u00eas lotes de nomea\u00e7\u00f5es. Em mar\u00e7o deste ano, outros mil profissionais aprovados no concurso 7\/2017 foram chamados. Mas, em decorr\u00eancia do coronav\u00edrus, a contagem do prazo para que essas pessoas tomassem posse foi suspensa.\u00a0<\/p>\n\n\n\n<p class=\"has-background has-very-light-gray-background-color\">Quer saber as not\u00edcias do <strong>Aconteceu no Vale<\/strong> em primeira m\u00e3o? Siga-nos no Facebook <a rel=\"noreferrer noopener\" href=\"http:\/\/facebook.com\/aconteceunovale\" target=\"_blank\">@aconteceunovale<\/a>, Twitter <a rel=\"noreferrer noopener\" href=\"https:\/\/twitter.com\/noticiadosvales\" target=\"_blank\">@noticiadosvales<\/a> e Instagram <a rel=\"noreferrer noopener\" href=\"https:\/\/www.instagram.com\/aconteceunovale\" target=\"_blank\">@aconteceunovale<\/a>.<\/p>\n","protected":false},"excerpt":{"rendered":"<p>O\u00a0Governo de Minas\u00a0decidiu prorrogar por mais dois anos a validade do concurso p\u00fablico para professores e especialistas em educa\u00e7\u00e3o b\u00e1sica, publicado no Edital n\u00ba 7, de 2017, da\u00a0Secretaria de Estado de Educa\u00e7\u00e3o (SEE\/MG). Na ocasi\u00e3o, 38.126 candidatos foram aprovados para vagas de professores regentes de aulas, de disciplinas que comp\u00f5em o curr\u00edculo b\u00e1sico dos anos [&hellip;]<\/p>\n","protected":false},"author":1,"featured_media":164751,"comment_status":"open","ping_status":"closed","sticky":false,"template":"","format":"standard","meta":{"amp_status":"","footnotes":""},"categories":[40238,123],"tags":[164502,166074,224281,51191,224280,133841],"class_list":["post-164750","post","type-post","status-publish","format-standard","has-post-thumbnail","hentry","category-educacao-2","category-gerais","tag-concurso-educacao-minas-gerais","tag-concurso-governo-de-minas","tag-concurso-professores-minas-gerais","tag-governo-de-minas-gerais","tag-governo-de-minas-prorroga-validade-de-concurso-para-professores-da-rede-estadual-por-dois-anos","tag-see-mg"],"_links":{"self":[{"href":"https:\/\/aconteceunovale.com.br\/portal\/index.php?rest_route=\/wp\/v2\/posts\/164750","targetHints":{"allow":["GET"]}}],"collection":[{"href":"https:\/\/aconteceunovale.com.br\/portal\/index.php?rest_route=\/wp\/v2\/posts"}],"about":[{"href":"https:\/\/aconteceunovale.com.br\/portal\/index.php?rest_route=\/wp\/v2\/types\/post"}],"author":[{"embeddable":true,"href":"https:\/\/aconteceunovale.com.br\/portal\/index.php?rest_route=\/wp\/v2\/users\/1"}],"replies":[{"embeddable":true,"href":"https:\/\/aconteceunovale.com.br\/portal\/index.php?rest_route=%2Fwp%2Fv2%2Fcomments&post=164750"}],"version-history":[{"count":1,"href":"https:\/\/aconteceunovale.com.br\/portal\/index.php?rest_route=\/wp\/v2\/posts\/164750\/revisions"}],"predecessor-version":[{"id":164752,"href":"https:\/\/aconteceunovale.com.br\/portal\/index.php?rest_route=\/wp\/v2\/posts\/164750\/revisions\/164752"}],"wp:featuredmedia":[{"embeddable":true,"href":"https:\/\/aconteceunovale.com.br\/portal\/index.php?rest_route=\/wp\/v2\/media\/164751"}],"wp:attachment":[{"href":"https:\/\/aconteceunovale.com.br\/portal\/index.php?rest_route=%2Fwp%2Fv2%2Fmedia&parent=164750"}],"wp:term":[{"taxonomy":"category","embeddable":true,"href":"https:\/\/aconteceunovale.com.br\/portal\/index.php?rest_route=%2Fwp%2Fv2%2Fcategories&post=164750"},{"taxonomy":"post_tag","embeddable":true,"href":"https:\/\/aconteceunovale.com.br\/portal\/index.php?rest_route=%2Fwp%2Fv2%2Ftags&post=164750"}],"curies":[{"name":"wp","href":"https:\/\/api.w.org\/{rel}","templated":true}]}}