{"id":164418,"date":"2020-06-18T00:36:11","date_gmt":"2020-06-18T03:36:11","guid":{"rendered":"https:\/\/aconteceunovale.com.br\/portal\/?p=164418"},"modified":"2020-06-18T00:37:53","modified_gmt":"2020-06-18T03:37:53","slug":"ministro-do-superior-tribunal-de-justica-mantem-adelio-no-presidio-federal-em-campo-grande","status":"publish","type":"post","link":"https:\/\/aconteceunovale.com.br\/portal\/?p=164418","title":{"rendered":"Ministro do Superior Tribunal de Justi\u00e7a mant\u00e9m Ad\u00e9lio no pres\u00eddio federal em Campo Grande"},"content":{"rendered":"\n<p class=\"wp-block-paragraph\">O ministro do Superior Tribunal de Justi\u00e7a (STJ) Joel Ilan Paciornik determinou hoje (17) que Ad\u00e9lio Bispo de Oliveira, autor da facada contra o presidente da Rep\u00fablica, Jair Bolsonaro, em 2018, permane\u00e7a no Penitenci\u00e1ria Federal de Campo Grande. A decis\u00e3o vale at\u00e9 o tribunal julgar o caso definitivamente.&nbsp;<\/p>\n\n\n\n<p class=\"wp-block-paragraph\">O caso foi parar no STJ ap\u00f3s a Justi\u00e7a Federal do Mato Grosso do Sul e a de Juiz de Fora (MG), onde o atentado ocorreu, divergirem sobre onde Ad\u00e9lio deve ficar preso. O processo ser\u00e1 julgado pela Terceira Se\u00e7\u00e3o. A data do julgamento ainda n\u00e3o foi definida.&nbsp;<\/p>\n\n\n\n<p class=\"wp-block-paragraph\">Em mar\u00e7o, o juiz Dalton Conrado, da Justi\u00e7a Federal em Campo Grande, &nbsp;decidiu que Ad\u00e9lio n\u00e3o pode continuar preso no pres\u00eddio federal. Para o magistrado, ele deve ficar em &#8220;local adequado&#8221; para tratamento psiqui\u00e1trico.&nbsp;<\/p>\n\n\n\n<p class=\"wp-block-paragraph\">Diante da decis\u00e3o, o juiz Bruno Savino, da 3\u00aa Vara da Justi\u00e7a Federal em Juiz de Fora, enviou o caso para ser decidido pelo STJ. Segundo o magistrado, o hospital psiqui\u00e1trico de Barbacena (MG) informou que n\u00e3o tem vagas dispon\u00edveis e que n\u00e3o h\u00e1 como garantir a seguran\u00e7a do local.&nbsp;<\/p>\n\n\n\n<p class=\"wp-block-paragraph\">Em junho do ano passado, o juiz absolveu Ad\u00e9lio Bispo pela facada. A decis\u00e3o foi proferida ap\u00f3s o processo criminal que o considerou inimput\u00e1vel por transtorno mental.&nbsp;<\/p>\n\n\n\n<p class=\"wp-block-paragraph\">Na decis\u00e3o, o magistrado decidiu tamb\u00e9m que ele deveria ficar internado em um hospital psiqui\u00e1trico por tempo indeterminado. No entanto, diante da periculosidade do acusado, Ad\u00e9lio permaneceu no pres\u00eddio federal de Campo Grande, onde est\u00e1 preso desde o atentado.&nbsp;<\/p>\n\n\n\n<p class=\"wp-block-paragraph\">Conforme den\u00fancia feita pelo MPF, o acusado colocou em risco o regime democr\u00e1tico ao tentar interferir no resultado das elei\u00e7\u00f5es por meio do assassinato de um dos concorrentes na disputa presidencial.<\/p>\n\n\n\n<p class=\"wp-block-paragraph\">A defesa de Ad\u00e9lio afirmou que ele agiu sozinho e que o ataque foi apenas \u201cfruto de uma mente atormentada e possivelmente desequilibrada\u201d por conta de um problema mental.<\/p>\n\n\n\n<p class=\"has-background has-very-light-gray-background-color wp-block-paragraph\">Quer saber as not\u00edcias do <strong>Aconteceu no Vale<\/strong> em primeira m\u00e3o? Siga-nos no Facebook <a rel=\"noreferrer noopener\" href=\"http:\/\/facebook.com\/aconteceunovale\" target=\"_blank\">@aconteceunovale<\/a>, Twitter <a rel=\"noreferrer noopener\" href=\"https:\/\/twitter.com\/noticiadosvales\" target=\"_blank\">@noticiadosvales<\/a> e Instagram <a rel=\"noreferrer noopener\" href=\"https:\/\/www.instagram.com\/aconteceunovale\" target=\"_blank\">@aconteceunovale<\/a>.<\/p>\n","protected":false},"excerpt":{"rendered":"<p>O ministro do Superior Tribunal de Justi\u00e7a (STJ) Joel Ilan Paciornik determinou hoje (17) que Ad\u00e9lio Bispo de Oliveira, autor da facada contra o presidente da Rep\u00fablica, Jair Bolsonaro, em 2018, permane\u00e7a no Penitenci\u00e1ria Federal de Campo Grande. A decis\u00e3o vale at\u00e9 o tribunal julgar o caso definitivamente.&nbsp; O caso foi parar no STJ ap\u00f3s [&hellip;]<\/p>\n","protected":false},"author":1,"featured_media":162402,"comment_status":"open","ping_status":"closed","sticky":false,"template":"","format":"standard","meta":{"amp_status":"","footnotes":""},"categories":[6],"tags":[192009,179563,179639,179640,179636,179638,179646,21607,202666,179602,202665,179578,179551,179583,179580,179579,179581,100375,179547,179546,179549,179550,179548,179557,10546,179566,179585,192008,179641,1018,179601,179567,78240,179600,170550,12348,179584,179556,179558,179562,179552,192010,179587,179645,179565,26436,179559,179560,179561,179603,179607,179605,206,217436,202998,202668,23452,192007,179644,179586,223927,210,179599,772,192006,179647,13969,179643,179642,179554,179555,179564,179553,202667,179606,179604,179637],"class_list":["post-164418","post","type-post","status-publish","format-standard","has-post-thumbnail","hentry","category-br","tag-adelio-bispo","tag-adelio-bispo-de-oliveira","tag-adelio-bispo-pereira","tag-advogado-de-adelio-bispo-pereira","tag-advogado-do-autor-de-atentado-contra-bolsonaro-ja-defendeu-envolvido-no-caso-do-goleiro-bruno","tag-advogado-zanone-manoel-de-oliveira-junior","tag-agressor-de-jair-bolsonaro","tag-ataque","tag-ataque-a-faca","tag-ataque-suspende-temporariamente-a-campanha-do-candidato-jair-bolsonaro","tag-atentado-a-bolsonaro","tag-atentado-a-faca","tag-atentado-bolsonaro","tag-atentado-contra-bolsonaro-e-exemplo-de-intolerancia-em-campanha","tag-autor-de-atentado-contra-bolsonaro-ja-tinha-passagem-na-policia-por-lesao-corporal","tag-autor-de-atentado-contra-bolsonaro-tem-passagem-na-policia-por-lesao","tag-autor-foi-filiado-ao-psol","tag-bolsonaro","tag-bolsonaro-e-esfaqueado-durante-campanha-em-juiz-de-fora","tag-bolsonaro-e-esfaqueado-durante-campanha-em-minas-gerais","tag-bolsonaro-e-esfaqueado-em-juiz-de-fora","tag-bolsonaro-e-esfaqueado-em-mg","tag-bolsonaro-e-esfaqueado-em-minas","tag-candidato-ferido","tag-caso-do-goleiro-bruno","tag-chegou-no-hospital-quase-morto","tag-cirurgia-contem-hemorragia","tag-defesa-de-adelio-bispo","tag-defesa-de-adelio-bispo-pereira","tag-destaque","tag-diz-advogado-do-homem-que-esfaqueou-bolsonaro","tag-diz-filho-de-bolsonaro","tag-diz-michel-temer","tag-ele-nao-tinha-intencao-de-matar","tag-eleicoes2018","tag-eliza-samudio","tag-equipe-do-sirio-libanes-vai-atender-bolsonaro","tag-estado-de-saude-de-bolsonaro","tag-estocada-a-faca","tag-facada","tag-facada-bolsonaro","tag-facada-em-bolsonaro","tag-homem-que-esfaqueou-jair-bolsonaro-diz-que-cometeu-crime-a-mando-de-deus","tag-igreja-evangelica-de-montes-claros","tag-imprensa-internacional-repercute-atentado-contra-bolsonaro","tag-jair-bolsonaro","tag-jair-bolsonaro-e-ferido-com-faca","tag-jair-bolsonaro-e-ferido-com-faca-em-juiz-de-fora","tag-jair-bolsonaro-e-ferido-com-faca-em-minas-gerais","tag-jair-bolsonaro-e-levado-de-juiz-de-fora-para-sao-paulo","tag-jair-bolsonaro-na-santa-casa-de-juiz-de-fora","tag-jair-bolsonaro-no-hospital","tag-juiz-de-fora","tag-juiz-decide-que-adelio-bispo-nao-pode-continuar-em-presidio-federal","tag-justica-absolve-adelio-bispo","tag-justica-considera-autor-de-ataque-contra-bolsonaro-inimputavel-por-transtorno-mental","tag-justica-federal","tag-justica-federal-em-minas-gerais","tag-marcos-aparecido-dos-santos","tag-mas-estado-de-jair-bolsonaro-ainda-e-grave","tag-ministro-do-superior-tribunal-de-justica-mantem-adelio-no-presidio-federal-em-campo-grande","tag-montes-claros","tag-pedro-augusto-lima-possa","tag-policia-federal","tag-policia-federal-pede-90-dias-para-fechar-inquerito-sobre-atentado-contra-jair-bolsonaro","tag-presidio-federal","tag-psol","tag-quem-banca-defesa-de-adelio-bispo-pereira","tag-quem-paga-advogado-para-adelio-bispo-pereira","tag-saude-de-bolsonaro","tag-situacao-de-bolsonaro","tag-suspeito-de-atentado-contra-jair-bolsonaro-e-natural-de-montes-claros","tag-tentativa-de-homicidio-bolsonaro","tag-transtorno-mental","tag-video-jair-bolsonaro-no-hospital","tag-videos-mostram-jair-bolsonaro-em-hospital-apos-cirurgia","tag-zanone-manoel-de-oliveira-junior"],"yoast_head":"<!-- This site is optimized with the Yoast SEO plugin v28.3 - https:\/\/yoast.com\/product\/yoast-seo-wordpress\/ -->\n<title>Ministro do Superior Tribunal de Justi\u00e7a mant\u00e9m Ad\u00e9lio no pres\u00eddio federal em Campo Grande - Aconteceu no Vale<\/title>\n<meta name=\"robots\" content=\"index, follow, max-snippet:-1, max-image-preview:large, max-video-preview:-1\" \/>\n<link rel=\"canonical\" href=\"https:\/\/aconteceunovale.com.br\/portal\/?p=164418\" \/>\n<meta property=\"og:locale\" content=\"pt_BR\" \/>\n<meta property=\"og:type\" content=\"article\" \/>\n<meta property=\"og:title\" content=\"Ministro do Superior Tribunal de Justi\u00e7a mant\u00e9m Ad\u00e9lio no pres\u00eddio federal em Campo Grande - Aconteceu no Vale\" \/>\n<meta property=\"og:description\" content=\"O ministro do Superior Tribunal de Justi\u00e7a (STJ) Joel Ilan Paciornik determinou hoje (17) que Ad\u00e9lio Bispo de Oliveira, autor da facada contra o presidente da Rep\u00fablica, Jair Bolsonaro, em 2018, permane\u00e7a no Penitenci\u00e1ria Federal de Campo Grande. A decis\u00e3o vale at\u00e9 o tribunal julgar o caso definitivamente.&nbsp; O caso foi parar no STJ ap\u00f3s [&hellip;]\" \/>\n<meta property=\"og:url\" content=\"https:\/\/aconteceunovale.com.br\/portal\/?p=164418\" \/>\n<meta property=\"og:site_name\" content=\"Aconteceu no Vale\" \/>\n<meta property=\"article:publisher\" content=\"https:\/\/www.facebook.com\/aconteceunovale\/\" \/>\n<meta property=\"article:published_time\" content=\"2020-06-18T03:36:11+00:00\" \/>\n<meta property=\"article:modified_time\" content=\"2020-06-18T03:37:53+00:00\" \/>\n<meta property=\"og:image\" content=\"https:\/\/aconteceunovale.com.br\/portal\/wp-content\/uploads\/2020\/05\/adelio_bispo.jpg\" \/>\n\t<meta property=\"og:image:width\" content=\"754\" \/>\n\t<meta property=\"og:image:height\" content=\"503\" \/>\n\t<meta property=\"og:image:type\" content=\"image\/jpeg\" \/>\n<meta name=\"author\" content=\"Aconteceu no Vale\" \/>\n<meta name=\"twitter:card\" content=\"summary_large_image\" \/>\n<meta name=\"twitter:creator\" content=\"@noticiadosvales\" \/>\n<meta name=\"twitter:site\" content=\"@noticiadosvales\" \/>\n<meta name=\"twitter:label1\" content=\"Escrito por\" \/>\n\t<meta name=\"twitter:data1\" content=\"Aconteceu no Vale\" \/>\n\t<meta name=\"twitter:label2\" content=\"Est. tempo de leitura\" \/>\n\t<meta name=\"twitter:data2\" content=\"2 minutos\" \/>\n<script type=\"application\/ld+json\" class=\"yoast-schema-graph\">{\"@context\":\"https:\\\/\\\/schema.org\",\"@graph\":[{\"@type\":\"Article\",\"@id\":\"https:\\\/\\\/aconteceunovale.com.br\\\/portal\\\/?p=164418#article\",\"isPartOf\":{\"@id\":\"https:\\\/\\\/aconteceunovale.com.br\\\/portal\\\/?p=164418\"},\"author\":{\"name\":\"Aconteceu no Vale\",\"@id\":\"https:\\\/\\\/aconteceunovale.com.br\\\/portal\\\/#\\\/schema\\\/person\\\/633529146f2c94272bef50ac2953d589\"},\"headline\":\"Ministro do Superior Tribunal de Justi\u00e7a mant\u00e9m Ad\u00e9lio no pres\u00eddio federal em Campo Grande\",\"datePublished\":\"2020-06-18T03:36:11+00:00\",\"dateModified\":\"2020-06-18T03:37:53+00:00\",\"mainEntityOfPage\":{\"@id\":\"https:\\\/\\\/aconteceunovale.com.br\\\/portal\\\/?p=164418\"},\"wordCount\":387,\"commentCount\":0,\"image\":{\"@id\":\"https:\\\/\\\/aconteceunovale.com.br\\\/portal\\\/?p=164418#primaryimage\"},\"thumbnailUrl\":\"https:\\\/\\\/aconteceunovale.com.br\\\/portal\\\/wp-content\\\/uploads\\\/2020\\\/05\\\/adelio_bispo.jpg\",\"keywords\":[\"ad\u00e9lio bispo\",\"Ad\u00e9lio Bispo de Oliveira\",\"Ad\u00e9lio Bispo Pereira\",\"Advogado de Ad\u00e9lio Bispo Pereira\",\"Advogado do autor de atentado contra Bolsonaro j\u00e1 defendeu envolvido no caso do goleiro Bruno\",\"Advogado Zanone Manoel de Oliveira J\u00fanior\",\"agressor de jair bolsonaro\",\"ataque\",\"ataque a faca\",\"Ataque suspende temporariamente a campanha do candidato Jair Bolsonaro\",\"atentado a Bolsonaro\",\"atentado a faca\",\"Atentado Bolsonaro\",\"Atentado contra Bolsonaro \u00e9 exemplo de intoler\u00e2ncia em campanha\",\"Autor de atentado contra Bolsonaro j\u00e1 tinha passagem na pol\u00edcia por les\u00e3o corporal\",\"Autor de atentado contra Bolsonaro tem passagem na pol\u00edcia por les\u00e3o\",\"Autor foi filiado ao PSOL\",\"Bolsonaro\",\"Bolsonaro \u00e9 esfaqueado durante campanha em Juiz de Fora\",\"Bolsonaro \u00e9 esfaqueado durante campanha em Minas Gerais\",\"Bolsonaro \u00e9 esfaqueado em Juiz de Fora\",\"Bolsonaro \u00e9 esfaqueado em MG\",\"Bolsonaro \u00e9 esfaqueado em Minas\",\"candidato ferido\",\"caso do goleiro bruno\",\"Chegou no hospital quase morto\",\"Cirurgia cont\u00e9m hemorragia\",\"defesa de Ad\u00e9lio Bispo\",\"Defesa de Ad\u00e9lio Bispo Pereira\",\"destaque\",\"diz advogado do homem que esfaqueou Bolsonaro\",\"diz filho de Bolsonaro\",\"diz Michel Temer\",\"Ele n\u00e3o tinha inten\u00e7\u00e3o de matar\",\"elei\u00e7\u00f5es2018\",\"Eliza Samudio\",\"Equipe do S\u00edrio-Liban\u00eas vai atender Bolsonaro\",\"Estado de sa\u00fade de Bolsonaro\",\"estocada a faca\",\"facada\",\"Facada Bolsonaro\",\"facada em bolsonaro\",\"Homem que esfaqueou Jair Bolsonaro diz que cometeu crime a mando de Deus\",\"igreja evang\u00e9lica de Montes Claros\",\"Imprensa internacional repercute atentado contra Bolsonaro\",\"Jair Bolsonaro\",\"Jair Bolsonaro \u00e9 ferido com faca\",\"Jair Bolsonaro \u00e9 ferido com faca em Juiz de Fora\",\"Jair Bolsonaro \u00e9 ferido com faca em Minas Gerais\",\"Jair Bolsonaro \u00e9 levado de Juiz de Fora para S\u00e3o Paulo\",\"Jair Bolsonaro na santa casa de juiz de fora\",\"Jair Bolsonaro no hospital\",\"Juiz de Fora\",\"Juiz decide que Ad\u00e9lio Bispo n\u00e3o pode continuar em pres\u00eddio federal\",\"Justi\u00e7a absolve Ad\u00e9lio Bispo\",\"Justi\u00e7a considera autor de ataque contra Bolsonaro inimput\u00e1vel por transtorno mental\",\"Justi\u00e7a Federal\",\"Justi\u00e7a Federal em Minas Gerais\",\"Marcos Aparecido dos Santos\",\"mas estado de Jair Bolsonaro ainda \u00e9 grave\",\"Ministro do Superior Tribunal de Justi\u00e7a mant\u00e9m Ad\u00e9lio no pres\u00eddio federal em Campo Grande\",\"Montes Claros\",\"Pedro Augusto Lima Possa\",\"pol\u00edcia federal\",\"Pol\u00edcia Federal pede 90 dias para fechar inqu\u00e9rito sobre atentado contra Jair Bolsonaro\",\"pres\u00eddio federal\",\"PSOL\",\"Quem banca defesa de Ad\u00e9lio Bispo Pereira\",\"Quem paga advogado para Ad\u00e9lio Bispo Pereira\",\"Sa\u00fade de Bolsonaro\",\"Situa\u00e7\u00e3o de Bolsonaro\",\"Suspeito de atentado contra Jair Bolsonaro \u00e9 natural de Montes Claros\",\"Tentativa de homic\u00eddio Bolsonaro\",\"Transtorno Mental\",\"V\u00eddeo Jair Bolsonaro no hospital\",\"V\u00eddeos mostram Jair Bolsonaro em hospital ap\u00f3s cirurgia\",\"Zanone Manoel de Oliveira J\u00fanior\"],\"articleSection\":[\"Brasil\"],\"inLanguage\":\"pt-BR\",\"potentialAction\":[{\"@type\":\"CommentAction\",\"name\":\"Comment\",\"target\":[\"https:\\\/\\\/aconteceunovale.com.br\\\/portal\\\/?p=164418#respond\"]}]},{\"@type\":\"WebPage\",\"@id\":\"https:\\\/\\\/aconteceunovale.com.br\\\/portal\\\/?p=164418\",\"url\":\"https:\\\/\\\/aconteceunovale.com.br\\\/portal\\\/?p=164418\",\"name\":\"Ministro do Superior Tribunal de Justi\u00e7a mant\u00e9m Ad\u00e9lio no pres\u00eddio federal em Campo Grande - Aconteceu no Vale\",\"isPartOf\":{\"@id\":\"https:\\\/\\\/aconteceunovale.com.br\\\/portal\\\/#website\"},\"primaryImageOfPage\":{\"@id\":\"https:\\\/\\\/aconteceunovale.com.br\\\/portal\\\/?p=164418#primaryimage\"},\"image\":{\"@id\":\"https:\\\/\\\/aconteceunovale.com.br\\\/portal\\\/?p=164418#primaryimage\"},\"thumbnailUrl\":\"https:\\\/\\\/aconteceunovale.com.br\\\/portal\\\/wp-content\\\/uploads\\\/2020\\\/05\\\/adelio_bispo.jpg\",\"datePublished\":\"2020-06-18T03:36:11+00:00\",\"dateModified\":\"2020-06-18T03:37:53+00:00\",\"author\":{\"@id\":\"https:\\\/\\\/aconteceunovale.com.br\\\/portal\\\/#\\\/schema\\\/person\\\/633529146f2c94272bef50ac2953d589\"},\"breadcrumb\":{\"@id\":\"https:\\\/\\\/aconteceunovale.com.br\\\/portal\\\/?p=164418#breadcrumb\"},\"inLanguage\":\"pt-BR\",\"potentialAction\":[{\"@type\":\"ReadAction\",\"target\":[\"https:\\\/\\\/aconteceunovale.com.br\\\/portal\\\/?p=164418\"]}]},{\"@type\":\"ImageObject\",\"inLanguage\":\"pt-BR\",\"@id\":\"https:\\\/\\\/aconteceunovale.com.br\\\/portal\\\/?p=164418#primaryimage\",\"url\":\"https:\\\/\\\/aconteceunovale.com.br\\\/portal\\\/wp-content\\\/uploads\\\/2020\\\/05\\\/adelio_bispo.jpg\",\"contentUrl\":\"https:\\\/\\\/aconteceunovale.com.br\\\/portal\\\/wp-content\\\/uploads\\\/2020\\\/05\\\/adelio_bispo.jpg\",\"width\":754,\"height\":503,\"caption\":\"PF confirmou que o homem suspeito de ter esfaqueado o candidato Jair Bolsonaro, Ad\u00e9lio Bispo de Oliveira, de 40 anos, foi detido por populares e seguran\u00e7as e conduzido por policiais federais para a Delegacia da Pol\u00edcia Federal em Juiz de Fora.\"},{\"@type\":\"BreadcrumbList\",\"@id\":\"https:\\\/\\\/aconteceunovale.com.br\\\/portal\\\/?p=164418#breadcrumb\",\"itemListElement\":[{\"@type\":\"ListItem\",\"position\":1,\"name\":\"In\u00edcio\",\"item\":\"https:\\\/\\\/aconteceunovale.com.br\\\/portal\\\/\"},{\"@type\":\"ListItem\",\"position\":2,\"name\":\"Ministro do Superior Tribunal de Justi\u00e7a mant\u00e9m Ad\u00e9lio no pres\u00eddio federal em Campo Grande\"}]},{\"@type\":\"WebSite\",\"@id\":\"https:\\\/\\\/aconteceunovale.com.br\\\/portal\\\/#website\",\"url\":\"https:\\\/\\\/aconteceunovale.com.br\\\/portal\\\/\",\"name\":\"Aconteceu no Vale\",\"description\":\"Portal de Not\u00edcias\",\"potentialAction\":[{\"@type\":\"SearchAction\",\"target\":{\"@type\":\"EntryPoint\",\"urlTemplate\":\"https:\\\/\\\/aconteceunovale.com.br\\\/portal\\\/?s={search_term_string}\"},\"query-input\":{\"@type\":\"PropertyValueSpecification\",\"valueRequired\":true,\"valueName\":\"search_term_string\"}}],\"inLanguage\":\"pt-BR\"},{\"@type\":\"Person\",\"@id\":\"https:\\\/\\\/aconteceunovale.com.br\\\/portal\\\/#\\\/schema\\\/person\\\/633529146f2c94272bef50ac2953d589\",\"name\":\"Aconteceu no Vale\",\"description\":\"Equipe de reportagem do Aconteceu no Vale, portal de not\u00edcias do Vale do Jequitinhonha, em Minas Gerais. Cobrimos as 51 cidades do Vale desde 2013. Sugest\u00f5es de pauta e pedidos de corre\u00e7\u00e3o: contato@aconteceunovale.com.br\",\"sameAs\":[\"http:\\\/\\\/www.aconteceunovale.com.br\"],\"url\":\"https:\\\/\\\/aconteceunovale.com.br\\\/portal\\\/?author=1\"}]}<\/script>\n<!-- \/ Yoast SEO plugin. -->","yoast_head_json":{"title":"Ministro do Superior Tribunal de Justi\u00e7a mant\u00e9m Ad\u00e9lio no pres\u00eddio federal em Campo Grande - Aconteceu no Vale","robots":{"index":"index","follow":"follow","max-snippet":"max-snippet:-1","max-image-preview":"max-image-preview:large","max-video-preview":"max-video-preview:-1"},"canonical":"https:\/\/aconteceunovale.com.br\/portal\/?p=164418","og_locale":"pt_BR","og_type":"article","og_title":"Ministro do Superior Tribunal de Justi\u00e7a mant\u00e9m Ad\u00e9lio no pres\u00eddio federal em Campo Grande - Aconteceu no Vale","og_description":"O ministro do Superior Tribunal de Justi\u00e7a (STJ) Joel Ilan Paciornik determinou hoje (17) que Ad\u00e9lio Bispo de Oliveira, autor da facada contra o presidente da Rep\u00fablica, Jair Bolsonaro, em 2018, permane\u00e7a no Penitenci\u00e1ria Federal de Campo Grande. A decis\u00e3o vale at\u00e9 o tribunal julgar o caso definitivamente.&nbsp; O caso foi parar no STJ ap\u00f3s [&hellip;]","og_url":"https:\/\/aconteceunovale.com.br\/portal\/?p=164418","og_site_name":"Aconteceu no Vale","article_publisher":"https:\/\/www.facebook.com\/aconteceunovale\/","article_published_time":"2020-06-18T03:36:11+00:00","article_modified_time":"2020-06-18T03:37:53+00:00","og_image":[{"width":754,"height":503,"url":"https:\/\/aconteceunovale.com.br\/portal\/wp-content\/uploads\/2020\/05\/adelio_bispo.jpg","type":"image\/jpeg"}],"author":"Aconteceu no Vale","twitter_card":"summary_large_image","twitter_creator":"@noticiadosvales","twitter_site":"@noticiadosvales","twitter_misc":{"Escrito por":"Aconteceu no Vale","Est. tempo de leitura":"2 minutos"},"schema":{"@context":"https:\/\/schema.org","@graph":[{"@type":"Article","@id":"https:\/\/aconteceunovale.com.br\/portal\/?p=164418#article","isPartOf":{"@id":"https:\/\/aconteceunovale.com.br\/portal\/?p=164418"},"author":{"name":"Aconteceu no Vale","@id":"https:\/\/aconteceunovale.com.br\/portal\/#\/schema\/person\/633529146f2c94272bef50ac2953d589"},"headline":"Ministro do Superior Tribunal de Justi\u00e7a mant\u00e9m Ad\u00e9lio no pres\u00eddio federal em Campo Grande","datePublished":"2020-06-18T03:36:11+00:00","dateModified":"2020-06-18T03:37:53+00:00","mainEntityOfPage":{"@id":"https:\/\/aconteceunovale.com.br\/portal\/?p=164418"},"wordCount":387,"commentCount":0,"image":{"@id":"https:\/\/aconteceunovale.com.br\/portal\/?p=164418#primaryimage"},"thumbnailUrl":"https:\/\/aconteceunovale.com.br\/portal\/wp-content\/uploads\/2020\/05\/adelio_bispo.jpg","keywords":["ad\u00e9lio bispo","Ad\u00e9lio Bispo de Oliveira","Ad\u00e9lio Bispo Pereira","Advogado de Ad\u00e9lio Bispo Pereira","Advogado do autor de atentado contra Bolsonaro j\u00e1 defendeu envolvido no caso do goleiro Bruno","Advogado Zanone Manoel de Oliveira J\u00fanior","agressor de jair bolsonaro","ataque","ataque a faca","Ataque suspende temporariamente a campanha do candidato Jair Bolsonaro","atentado a Bolsonaro","atentado a faca","Atentado Bolsonaro","Atentado contra Bolsonaro \u00e9 exemplo de intoler\u00e2ncia em campanha","Autor de atentado contra Bolsonaro j\u00e1 tinha passagem na pol\u00edcia por les\u00e3o corporal","Autor de atentado contra Bolsonaro tem passagem na pol\u00edcia por les\u00e3o","Autor foi filiado ao PSOL","Bolsonaro","Bolsonaro \u00e9 esfaqueado durante campanha em Juiz de Fora","Bolsonaro \u00e9 esfaqueado durante campanha em Minas Gerais","Bolsonaro \u00e9 esfaqueado em Juiz de Fora","Bolsonaro \u00e9 esfaqueado em MG","Bolsonaro \u00e9 esfaqueado em Minas","candidato ferido","caso do goleiro bruno","Chegou no hospital quase morto","Cirurgia cont\u00e9m hemorragia","defesa de Ad\u00e9lio Bispo","Defesa de Ad\u00e9lio Bispo Pereira","destaque","diz advogado do homem que esfaqueou Bolsonaro","diz filho de Bolsonaro","diz Michel Temer","Ele n\u00e3o tinha inten\u00e7\u00e3o de matar","elei\u00e7\u00f5es2018","Eliza Samudio","Equipe do S\u00edrio-Liban\u00eas vai atender Bolsonaro","Estado de sa\u00fade de Bolsonaro","estocada a faca","facada","Facada Bolsonaro","facada em bolsonaro","Homem que esfaqueou Jair Bolsonaro diz que cometeu crime a mando de Deus","igreja evang\u00e9lica de Montes Claros","Imprensa internacional repercute atentado contra Bolsonaro","Jair Bolsonaro","Jair Bolsonaro \u00e9 ferido com faca","Jair Bolsonaro \u00e9 ferido com faca em Juiz de Fora","Jair Bolsonaro \u00e9 ferido com faca em Minas Gerais","Jair Bolsonaro \u00e9 levado de Juiz de Fora para S\u00e3o Paulo","Jair Bolsonaro na santa casa de juiz de fora","Jair Bolsonaro no hospital","Juiz de Fora","Juiz decide que Ad\u00e9lio Bispo n\u00e3o pode continuar em pres\u00eddio federal","Justi\u00e7a absolve Ad\u00e9lio Bispo","Justi\u00e7a considera autor de ataque contra Bolsonaro inimput\u00e1vel por transtorno mental","Justi\u00e7a Federal","Justi\u00e7a Federal em Minas Gerais","Marcos Aparecido dos Santos","mas estado de Jair Bolsonaro ainda \u00e9 grave","Ministro do Superior Tribunal de Justi\u00e7a mant\u00e9m Ad\u00e9lio no pres\u00eddio federal em Campo Grande","Montes Claros","Pedro Augusto Lima Possa","pol\u00edcia federal","Pol\u00edcia Federal pede 90 dias para fechar inqu\u00e9rito sobre atentado contra Jair Bolsonaro","pres\u00eddio federal","PSOL","Quem banca defesa de Ad\u00e9lio Bispo Pereira","Quem paga advogado para Ad\u00e9lio Bispo Pereira","Sa\u00fade de Bolsonaro","Situa\u00e7\u00e3o de Bolsonaro","Suspeito de atentado contra Jair Bolsonaro \u00e9 natural de Montes Claros","Tentativa de homic\u00eddio Bolsonaro","Transtorno Mental","V\u00eddeo Jair Bolsonaro no hospital","V\u00eddeos mostram Jair Bolsonaro em hospital ap\u00f3s cirurgia","Zanone Manoel de Oliveira J\u00fanior"],"articleSection":["Brasil"],"inLanguage":"pt-BR","potentialAction":[{"@type":"CommentAction","name":"Comment","target":["https:\/\/aconteceunovale.com.br\/portal\/?p=164418#respond"]}]},{"@type":"WebPage","@id":"https:\/\/aconteceunovale.com.br\/portal\/?p=164418","url":"https:\/\/aconteceunovale.com.br\/portal\/?p=164418","name":"Ministro do Superior Tribunal de Justi\u00e7a mant\u00e9m Ad\u00e9lio no pres\u00eddio federal em Campo Grande - Aconteceu no Vale","isPartOf":{"@id":"https:\/\/aconteceunovale.com.br\/portal\/#website"},"primaryImageOfPage":{"@id":"https:\/\/aconteceunovale.com.br\/portal\/?p=164418#primaryimage"},"image":{"@id":"https:\/\/aconteceunovale.com.br\/portal\/?p=164418#primaryimage"},"thumbnailUrl":"https:\/\/aconteceunovale.com.br\/portal\/wp-content\/uploads\/2020\/05\/adelio_bispo.jpg","datePublished":"2020-06-18T03:36:11+00:00","dateModified":"2020-06-18T03:37:53+00:00","author":{"@id":"https:\/\/aconteceunovale.com.br\/portal\/#\/schema\/person\/633529146f2c94272bef50ac2953d589"},"breadcrumb":{"@id":"https:\/\/aconteceunovale.com.br\/portal\/?p=164418#breadcrumb"},"inLanguage":"pt-BR","potentialAction":[{"@type":"ReadAction","target":["https:\/\/aconteceunovale.com.br\/portal\/?p=164418"]}]},{"@type":"ImageObject","inLanguage":"pt-BR","@id":"https:\/\/aconteceunovale.com.br\/portal\/?p=164418#primaryimage","url":"https:\/\/aconteceunovale.com.br\/portal\/wp-content\/uploads\/2020\/05\/adelio_bispo.jpg","contentUrl":"https:\/\/aconteceunovale.com.br\/portal\/wp-content\/uploads\/2020\/05\/adelio_bispo.jpg","width":754,"height":503,"caption":"PF confirmou que o homem suspeito de ter esfaqueado o candidato Jair Bolsonaro, Ad\u00e9lio Bispo de Oliveira, de 40 anos, foi detido por populares e seguran\u00e7as e conduzido por policiais federais para a Delegacia da Pol\u00edcia Federal em Juiz de Fora."},{"@type":"BreadcrumbList","@id":"https:\/\/aconteceunovale.com.br\/portal\/?p=164418#breadcrumb","itemListElement":[{"@type":"ListItem","position":1,"name":"In\u00edcio","item":"https:\/\/aconteceunovale.com.br\/portal\/"},{"@type":"ListItem","position":2,"name":"Ministro do Superior Tribunal de Justi\u00e7a mant\u00e9m Ad\u00e9lio no pres\u00eddio federal em Campo Grande"}]},{"@type":"WebSite","@id":"https:\/\/aconteceunovale.com.br\/portal\/#website","url":"https:\/\/aconteceunovale.com.br\/portal\/","name":"Aconteceu no Vale","description":"Portal de Not\u00edcias","potentialAction":[{"@type":"SearchAction","target":{"@type":"EntryPoint","urlTemplate":"https:\/\/aconteceunovale.com.br\/portal\/?s={search_term_string}"},"query-input":{"@type":"PropertyValueSpecification","valueRequired":true,"valueName":"search_term_string"}}],"inLanguage":"pt-BR"},{"@type":"Person","@id":"https:\/\/aconteceunovale.com.br\/portal\/#\/schema\/person\/633529146f2c94272bef50ac2953d589","name":"Aconteceu no Vale","description":"Equipe de reportagem do Aconteceu no Vale, portal de not\u00edcias do Vale do Jequitinhonha, em Minas Gerais. Cobrimos as 51 cidades do Vale desde 2013. Sugest\u00f5es de pauta e pedidos de corre\u00e7\u00e3o: contato@aconteceunovale.com.br","sameAs":["http:\/\/www.aconteceunovale.com.br"],"url":"https:\/\/aconteceunovale.com.br\/portal\/?author=1"}]}},"_links":{"self":[{"href":"https:\/\/aconteceunovale.com.br\/portal\/index.php?rest_route=\/wp\/v2\/posts\/164418","targetHints":{"allow":["GET"]}}],"collection":[{"href":"https:\/\/aconteceunovale.com.br\/portal\/index.php?rest_route=\/wp\/v2\/posts"}],"about":[{"href":"https:\/\/aconteceunovale.com.br\/portal\/index.php?rest_route=\/wp\/v2\/types\/post"}],"author":[{"embeddable":true,"href":"https:\/\/aconteceunovale.com.br\/portal\/index.php?rest_route=\/wp\/v2\/users\/1"}],"replies":[{"embeddable":true,"href":"https:\/\/aconteceunovale.com.br\/portal\/index.php?rest_route=%2Fwp%2Fv2%2Fcomments&post=164418"}],"version-history":[{"count":1,"href":"https:\/\/aconteceunovale.com.br\/portal\/index.php?rest_route=\/wp\/v2\/posts\/164418\/revisions"}],"predecessor-version":[{"id":164419,"href":"https:\/\/aconteceunovale.com.br\/portal\/index.php?rest_route=\/wp\/v2\/posts\/164418\/revisions\/164419"}],"wp:featuredmedia":[{"embeddable":true,"href":"https:\/\/aconteceunovale.com.br\/portal\/index.php?rest_route=\/wp\/v2\/media\/162402"}],"wp:attachment":[{"href":"https:\/\/aconteceunovale.com.br\/portal\/index.php?rest_route=%2Fwp%2Fv2%2Fmedia&parent=164418"}],"wp:term":[{"taxonomy":"category","embeddable":true,"href":"https:\/\/aconteceunovale.com.br\/portal\/index.php?rest_route=%2Fwp%2Fv2%2Fcategories&post=164418"},{"taxonomy":"post_tag","embeddable":true,"href":"https:\/\/aconteceunovale.com.br\/portal\/index.php?rest_route=%2Fwp%2Fv2%2Ftags&post=164418"}],"curies":[{"name":"wp","href":"https:\/\/api.w.org\/{rel}","templated":true}]}}