{"id":164413,"date":"2020-06-17T23:21:15","date_gmt":"2020-06-18T02:21:15","guid":{"rendered":"https:\/\/aconteceunovale.com.br\/portal\/?p=164413"},"modified":"2020-06-17T23:21:50","modified_gmt":"2020-06-18T02:21:50","slug":"covid-19-governador-valadares-registra-mais-21-casos-e-dois-obitos","status":"publish","type":"post","link":"https:\/\/aconteceunovale.com.br\/portal\/?p=164413","title":{"rendered":"Covid-19: Governador Valadares registra mais 21 casos e dois \u00f3bitos"},"content":{"rendered":"\n<p class=\"wp-block-paragraph\">A Prefeitura de Governador Valadares (MG) confirmou 21 novos casos de Covid-19 nas \u00faltimas 24 horas. Segundo informa\u00e7\u00f5es do boletim epidemiol\u00f3gico, atualizado na noite desta quarta-feira (17\/6\/2020), o munic\u00edpio soma 498 pessoas atingidas pelo novo coronav\u00edrus.<\/p>\n\n\n\n<p class=\"wp-block-paragraph\">De acordo com a prefeitura, 20 pacientes est\u00e3o internados (17 em leitos de UTI) e 112 em isolamento domiciliar. Dentro das estat\u00edsticas de confirmados, Governador Valadares tem 334 recuperados e 32 \u00f3bitos (dois a mais que ontem).<\/p>\n\n\n\n<p class=\"wp-block-paragraph\">Ainda segundo o boletim epidemiol\u00f3gico, 492 pessoas est\u00e3o classificadas como suspeitas de terem contra\u00eddo a doen\u00e7a. Dessas, 468 est\u00e3o em isolamento domiciliar e 17 internadas (9 em leitos em UTI). Sete \u00f3bitos est\u00e3o em investiga\u00e7\u00e3o.<\/p>\n\n\n\n<p class=\"wp-block-paragraph\">At\u00e9 hoje, conforme o boletim n\u00ba 93, 206 casos foram descartados por exames laboratoriais e 2.214 conclu\u00edram o monitoramento por crit\u00e9rio cl\u00ednico. O n\u00famero total de notifica\u00e7\u00f5es desde o in\u00edcio da pandemia \u00e9 de 3.410.<\/p>\n\n\n\n<figure class=\"wp-block-image size-large\"><img decoding=\"async\" src=\"https:\/\/aconteceu.info\/boletins\/corona_gv_17junho_1.jpg\" alt=\"\"\/><\/figure>\n\n\n\n<figure class=\"wp-block-image size-large\"><img decoding=\"async\" src=\"https:\/\/aconteceu.info\/boletins\/corona_gv_17junho_2.jpg\" alt=\"\"\/><\/figure>\n\n\n\n<p class=\"has-background has-very-light-gray-background-color wp-block-paragraph\">Quer saber as not\u00edcias do <strong>Aconteceu no Vale<\/strong> em primeira m\u00e3o? Siga-nos no Facebook <a rel=\"noreferrer noopener\" href=\"http:\/\/facebook.com\/aconteceunovale\" target=\"_blank\">@aconteceunovale<\/a>, Twitter <a rel=\"noreferrer noopener\" href=\"https:\/\/twitter.com\/noticiadosvales\" target=\"_blank\">@noticiadosvales<\/a> e Instagram <a rel=\"noreferrer noopener\" href=\"https:\/\/www.instagram.com\/aconteceunovale\" target=\"_blank\">@aconteceunovale<\/a>.<\/p>\n","protected":false},"excerpt":{"rendered":"<p>A Prefeitura de Governador Valadares (MG) confirmou 21 novos casos de Covid-19 nas \u00faltimas 24 horas. Segundo informa\u00e7\u00f5es do boletim epidemiol\u00f3gico, atualizado na noite desta quarta-feira (17\/6\/2020), o munic\u00edpio soma 498 pessoas atingidas pelo novo coronav\u00edrus. De acordo com a prefeitura, 20 pacientes est\u00e3o internados (17 em leitos de UTI) e 112 em isolamento domiciliar. [&hellip;]<\/p>\n","protected":false},"author":1,"featured_media":162883,"comment_status":"open","ping_status":"closed","sticky":false,"template":"","format":"standard","meta":{"amp_status":"","footnotes":""},"categories":[121,40242],"tags":[220829,214884,218094,220825,216498,218304,223531,223293,222873,223206,223479,223376,222851,223026,223730,222875,247,220827,222678,222297,220828,220826,222976,222915,223139,223080,18800,220832,222366,220831,222874,220830,221816,35082,221918,223055,216458,222595,222753,18801,222876],"class_list":["post-164413","post","type-post","status-publish","format-standard","has-post-thumbnail","hentry","category-leste","category-saude-2","tag-casos-de-coronavirus-em-governador-valadares","tag-coronavirus","tag-coronavirus-em-governador-valadares","tag-coronavirus-governador-valadares-tem-21-casos-confirmados-e-4-obitos","tag-covid-19","tag-covid-19-em-governador-valadares","tag-covid-19-governador-valadares-confirma-mais-nove-casos-e-um-obito","tag-covid-19-governador-valadares-registra-23-novos-casos-e-um-obito","tag-covid-19-governador-valadares-registra-mais-18-casos-e-dois-obitos","tag-covid-19-governador-valadares-registra-mais-24-casos-e-3-obitos","tag-covid-19-governador-valadares-registra-mais-33-casos-e-dois-obitos","tag-covid-19-governador-valadares-tem-22-obitos-e-351-casos-confirmados","tag-covid-19-prefeitura-de-governador-valadares-confirma-mais-10-casos-e-dois-obitos","tag-covid-19-prefeitura-de-governador-valadares-confirma-mais-14-casos-e-dois-obitos","tag-covid-19-prefeitura-de-governador-valadares-confirma-mais-34-casos-e-dois-obitos","tag-funcionario-da-prefeitura-de-governador-valadares","tag-governador-valadares","tag-governador-valadares-confirma-21-casos-de-covid-19","tag-governador-valadares-confirma-mais-13-casos-de-covid-19","tag-governador-valadares-confirma-mais-dois-obitos-por-covid-19","tag-governador-valadares-coronavirus","tag-governador-valadares-covid-19","tag-governador-valadares-registra-15-novos-casos-de-covid-19","tag-governador-valadares-registra-mais-11-casos-de-covid-19","tag-governador-valadares-tem-200-pacientes-recuperados-da-covid-19","tag-governador-valadares-tem-271-casos-de-covid-19-180-pacientes-estao-recuperados-e-18-morreram","tag-gv","tag-isolamento-social-em-governador-valadares","tag-mais-de-60-dos-infectados-com-coronavirus-em-governador-valadares-ja-estao-recuperados","tag-monitoramento-do-isolamento-social-em-valadares","tag-morte-de-funcionario-da-prefeitura-de-governador-valadares","tag-mortes-por-coronavirus-em-governador-valadares","tag-numero-de-infectados-por-coronavirus-em-governador-valadares-sobe-para-76","tag-prefeitura-de-governador-valadares","tag-prefeitura-de-governador-valadares-confirma-mais-8-casos-de-covid-19","tag-prefeitura-de-governador-valadares-confirma-mais-oito-casos-de-covid-19","tag-servidor-da-prefeitura-de-governador-valadares","tag-sobe-para-167-o-numero-de-casos-confirmados-de-coronavirus-em-governador-valadares","tag-sobe-para-193-o-numero-de-casos-confirmados-de-covid-19-em-governador-valadares","tag-valadares","tag-willian-coelho-almeida"],"yoast_head":"<!-- This site is optimized with the Yoast SEO plugin v28.3 - https:\/\/yoast.com\/product\/yoast-seo-wordpress\/ -->\n<title>Covid-19: Governador Valadares registra mais 21 casos e dois \u00f3bitos - Aconteceu no Vale<\/title>\n<meta name=\"robots\" content=\"index, follow, max-snippet:-1, max-image-preview:large, max-video-preview:-1\" \/>\n<link rel=\"canonical\" href=\"https:\/\/aconteceunovale.com.br\/portal\/?p=164413\" \/>\n<meta property=\"og:locale\" content=\"pt_BR\" \/>\n<meta property=\"og:type\" content=\"article\" \/>\n<meta property=\"og:title\" content=\"Covid-19: Governador Valadares registra mais 21 casos e dois \u00f3bitos - Aconteceu no Vale\" \/>\n<meta property=\"og:description\" content=\"A Prefeitura de Governador Valadares (MG) confirmou 21 novos casos de Covid-19 nas \u00faltimas 24 horas. Segundo informa\u00e7\u00f5es do boletim epidemiol\u00f3gico, atualizado na noite desta quarta-feira (17\/6\/2020), o munic\u00edpio soma 498 pessoas atingidas pelo novo coronav\u00edrus. De acordo com a prefeitura, 20 pacientes est\u00e3o internados (17 em leitos de UTI) e 112 em isolamento domiciliar. [&hellip;]\" \/>\n<meta property=\"og:url\" content=\"https:\/\/aconteceunovale.com.br\/portal\/?p=164413\" \/>\n<meta property=\"og:site_name\" content=\"Aconteceu no Vale\" \/>\n<meta property=\"article:publisher\" content=\"https:\/\/www.facebook.com\/aconteceunovale\/\" \/>\n<meta property=\"article:published_time\" content=\"2020-06-18T02:21:15+00:00\" \/>\n<meta property=\"article:modified_time\" content=\"2020-06-18T02:21:50+00:00\" \/>\n<meta property=\"og:image\" content=\"https:\/\/aconteceunovale.com.br\/portal\/wp-content\/uploads\/2020\/05\/valadares.png\" \/>\n\t<meta property=\"og:image:width\" content=\"678\" \/>\n\t<meta property=\"og:image:height\" content=\"370\" \/>\n\t<meta property=\"og:image:type\" content=\"image\/png\" \/>\n<meta name=\"author\" content=\"Aconteceu no Vale\" \/>\n<meta name=\"twitter:card\" content=\"summary_large_image\" \/>\n<meta name=\"twitter:creator\" content=\"@noticiadosvales\" \/>\n<meta name=\"twitter:site\" content=\"@noticiadosvales\" \/>\n<meta name=\"twitter:label1\" content=\"Escrito por\" \/>\n\t<meta name=\"twitter:data1\" content=\"Aconteceu no Vale\" \/>\n\t<meta name=\"twitter:label2\" content=\"Est. tempo de leitura\" \/>\n\t<meta name=\"twitter:data2\" content=\"1 minuto\" \/>\n<script type=\"application\/ld+json\" class=\"yoast-schema-graph\">{\"@context\":\"https:\\\/\\\/schema.org\",\"@graph\":[{\"@type\":\"Article\",\"@id\":\"https:\\\/\\\/aconteceunovale.com.br\\\/portal\\\/?p=164413#article\",\"isPartOf\":{\"@id\":\"https:\\\/\\\/aconteceunovale.com.br\\\/portal\\\/?p=164413\"},\"author\":{\"name\":\"Aconteceu no Vale\",\"@id\":\"https:\\\/\\\/aconteceunovale.com.br\\\/portal\\\/#\\\/schema\\\/person\\\/633529146f2c94272bef50ac2953d589\"},\"headline\":\"Covid-19: Governador Valadares registra mais 21 casos e dois \u00f3bitos\",\"datePublished\":\"2020-06-18T02:21:15+00:00\",\"dateModified\":\"2020-06-18T02:21:50+00:00\",\"mainEntityOfPage\":{\"@id\":\"https:\\\/\\\/aconteceunovale.com.br\\\/portal\\\/?p=164413\"},\"wordCount\":175,\"commentCount\":0,\"image\":{\"@id\":\"https:\\\/\\\/aconteceunovale.com.br\\\/portal\\\/?p=164413#primaryimage\"},\"thumbnailUrl\":\"https:\\\/\\\/aconteceunovale.com.br\\\/portal\\\/wp-content\\\/uploads\\\/2020\\\/05\\\/valadares.png\",\"keywords\":[\"Casos de coronav\u00edrus em Governador Valadares\",\"Coronav\u00edrus\",\"Coronav\u00edrus em Governador Valadares\",\"Coronav\u00edrus: Governador Valadares tem 21 casos confirmados e 4 \u00f3bitos\",\"COVID-19\",\"Covid-19 em Governador Valadares\",\"Covid-19: Governador Valadares confirma mais nove casos e um \u00f3bito\",\"Covid-19: Governador Valadares registra 23 novos casos e um \u00f3bito\",\"Covid-19: Governador Valadares registra mais 18 casos e dois \u00f3bitos\",\"Covid-19: Governador Valadares registra mais 24 casos e 3 \u00f3bitos\",\"Covid-19: Governador Valadares registra mais 33 casos e dois \u00f3bitos\",\"Covid-19: Governador Valadares tem 22 \u00f3bitos e 351 casos confirmados\",\"Covid-19: Prefeitura de Governador Valadares confirma mais 10 casos e dois \u00f3bitos\",\"Covid-19: Prefeitura de Governador Valadares confirma mais 14 casos e dois \u00f3bitos\",\"Covid-19: Prefeitura de Governador Valadares confirma mais 34 casos e dois \u00f3bitos\",\"Funcion\u00e1rio da Prefeitura de Governador Valadares\",\"Governador Valadares\",\"Governador Valadares confirma 21 casos de Covid-19\",\"Governador Valadares confirma mais 13 casos de Covid-19\",\"Governador Valadares confirma mais dois \u00f3bitos por Covid-19\",\"Governador Valadares coronav\u00edrus\",\"Governador Valadares Covid-19\",\"Governador Valadares registra 15 novos casos de Covid-19\",\"Governador Valadares registra mais 11 casos de Covid-19\",\"Governador Valadares tem 200 pacientes recuperados da Covid-19\",\"Governador Valadares tem 271 casos de Covid-19; 180 pacientes est\u00e3o recuperados e 18 morreram\",\"gv\",\"Isolamento social em Governador Valadares\",\"Mais de 60% dos infectados com coronav\u00edrus em Governador Valadares j\u00e1 est\u00e3o recuperados\",\"Monitoramento do isolamento social em Valadares\",\"Morte de funcion\u00e1rio da Prefeitura de Governador Valadares\",\"Mortes por coronav\u00edrus em Governador Valadares\",\"N\u00famero de infectados por coronav\u00edrus em Governador Valadares sobe para 76\",\"Prefeitura de Governador Valadares\",\"Prefeitura de Governador Valadares confirma mais 8 casos de Covid-19\",\"Prefeitura de Governador Valadares confirma mais oito casos de Covid-19\",\"Servidor da Prefeitura de Governador Valadares\",\"Sobe para 167 o n\u00famero de casos confirmados de coronav\u00edrus em Governador Valadares\",\"Sobe para 193 o n\u00famero de casos confirmados de Covid-19 em Governador Valadares\",\"valadares\",\"Willian Coelho Almeida\"],\"articleSection\":[\"Leste de Minas\",\"Sa\u00fade\"],\"inLanguage\":\"pt-BR\",\"potentialAction\":[{\"@type\":\"CommentAction\",\"name\":\"Comment\",\"target\":[\"https:\\\/\\\/aconteceunovale.com.br\\\/portal\\\/?p=164413#respond\"]}]},{\"@type\":\"WebPage\",\"@id\":\"https:\\\/\\\/aconteceunovale.com.br\\\/portal\\\/?p=164413\",\"url\":\"https:\\\/\\\/aconteceunovale.com.br\\\/portal\\\/?p=164413\",\"name\":\"Covid-19: Governador Valadares registra mais 21 casos e dois \u00f3bitos - Aconteceu no Vale\",\"isPartOf\":{\"@id\":\"https:\\\/\\\/aconteceunovale.com.br\\\/portal\\\/#website\"},\"primaryImageOfPage\":{\"@id\":\"https:\\\/\\\/aconteceunovale.com.br\\\/portal\\\/?p=164413#primaryimage\"},\"image\":{\"@id\":\"https:\\\/\\\/aconteceunovale.com.br\\\/portal\\\/?p=164413#primaryimage\"},\"thumbnailUrl\":\"https:\\\/\\\/aconteceunovale.com.br\\\/portal\\\/wp-content\\\/uploads\\\/2020\\\/05\\\/valadares.png\",\"datePublished\":\"2020-06-18T02:21:15+00:00\",\"dateModified\":\"2020-06-18T02:21:50+00:00\",\"author\":{\"@id\":\"https:\\\/\\\/aconteceunovale.com.br\\\/portal\\\/#\\\/schema\\\/person\\\/633529146f2c94272bef50ac2953d589\"},\"breadcrumb\":{\"@id\":\"https:\\\/\\\/aconteceunovale.com.br\\\/portal\\\/?p=164413#breadcrumb\"},\"inLanguage\":\"pt-BR\",\"potentialAction\":[{\"@type\":\"ReadAction\",\"target\":[\"https:\\\/\\\/aconteceunovale.com.br\\\/portal\\\/?p=164413\"]}]},{\"@type\":\"ImageObject\",\"inLanguage\":\"pt-BR\",\"@id\":\"https:\\\/\\\/aconteceunovale.com.br\\\/portal\\\/?p=164413#primaryimage\",\"url\":\"https:\\\/\\\/aconteceunovale.com.br\\\/portal\\\/wp-content\\\/uploads\\\/2020\\\/05\\\/valadares.png\",\"contentUrl\":\"https:\\\/\\\/aconteceunovale.com.br\\\/portal\\\/wp-content\\\/uploads\\\/2020\\\/05\\\/valadares.png\",\"width\":678,\"height\":370},{\"@type\":\"BreadcrumbList\",\"@id\":\"https:\\\/\\\/aconteceunovale.com.br\\\/portal\\\/?p=164413#breadcrumb\",\"itemListElement\":[{\"@type\":\"ListItem\",\"position\":1,\"name\":\"In\u00edcio\",\"item\":\"https:\\\/\\\/aconteceunovale.com.br\\\/portal\\\/\"},{\"@type\":\"ListItem\",\"position\":2,\"name\":\"Covid-19: Governador Valadares registra mais 21 casos e dois \u00f3bitos\"}]},{\"@type\":\"WebSite\",\"@id\":\"https:\\\/\\\/aconteceunovale.com.br\\\/portal\\\/#website\",\"url\":\"https:\\\/\\\/aconteceunovale.com.br\\\/portal\\\/\",\"name\":\"Aconteceu no Vale\",\"description\":\"Portal de Not\u00edcias\",\"potentialAction\":[{\"@type\":\"SearchAction\",\"target\":{\"@type\":\"EntryPoint\",\"urlTemplate\":\"https:\\\/\\\/aconteceunovale.com.br\\\/portal\\\/?s={search_term_string}\"},\"query-input\":{\"@type\":\"PropertyValueSpecification\",\"valueRequired\":true,\"valueName\":\"search_term_string\"}}],\"inLanguage\":\"pt-BR\"},{\"@type\":\"Person\",\"@id\":\"https:\\\/\\\/aconteceunovale.com.br\\\/portal\\\/#\\\/schema\\\/person\\\/633529146f2c94272bef50ac2953d589\",\"name\":\"Aconteceu no Vale\",\"description\":\"Equipe de reportagem do Aconteceu no Vale, portal de not\u00edcias do Vale do Jequitinhonha, em Minas Gerais. Cobrimos as 51 cidades do Vale desde 2013. Sugest\u00f5es de pauta e pedidos de corre\u00e7\u00e3o: contato@aconteceunovale.com.br\",\"sameAs\":[\"http:\\\/\\\/www.aconteceunovale.com.br\"],\"url\":\"https:\\\/\\\/aconteceunovale.com.br\\\/portal\\\/?author=1\"}]}<\/script>\n<!-- \/ Yoast SEO plugin. -->","yoast_head_json":{"title":"Covid-19: Governador Valadares registra mais 21 casos e dois \u00f3bitos - Aconteceu no Vale","robots":{"index":"index","follow":"follow","max-snippet":"max-snippet:-1","max-image-preview":"max-image-preview:large","max-video-preview":"max-video-preview:-1"},"canonical":"https:\/\/aconteceunovale.com.br\/portal\/?p=164413","og_locale":"pt_BR","og_type":"article","og_title":"Covid-19: Governador Valadares registra mais 21 casos e dois \u00f3bitos - Aconteceu no Vale","og_description":"A Prefeitura de Governador Valadares (MG) confirmou 21 novos casos de Covid-19 nas \u00faltimas 24 horas. Segundo informa\u00e7\u00f5es do boletim epidemiol\u00f3gico, atualizado na noite desta quarta-feira (17\/6\/2020), o munic\u00edpio soma 498 pessoas atingidas pelo novo coronav\u00edrus. De acordo com a prefeitura, 20 pacientes est\u00e3o internados (17 em leitos de UTI) e 112 em isolamento domiciliar. [&hellip;]","og_url":"https:\/\/aconteceunovale.com.br\/portal\/?p=164413","og_site_name":"Aconteceu no Vale","article_publisher":"https:\/\/www.facebook.com\/aconteceunovale\/","article_published_time":"2020-06-18T02:21:15+00:00","article_modified_time":"2020-06-18T02:21:50+00:00","og_image":[{"width":678,"height":370,"url":"https:\/\/aconteceunovale.com.br\/portal\/wp-content\/uploads\/2020\/05\/valadares.png","type":"image\/png"}],"author":"Aconteceu no Vale","twitter_card":"summary_large_image","twitter_creator":"@noticiadosvales","twitter_site":"@noticiadosvales","twitter_misc":{"Escrito por":"Aconteceu no Vale","Est. tempo de leitura":"1 minuto"},"schema":{"@context":"https:\/\/schema.org","@graph":[{"@type":"Article","@id":"https:\/\/aconteceunovale.com.br\/portal\/?p=164413#article","isPartOf":{"@id":"https:\/\/aconteceunovale.com.br\/portal\/?p=164413"},"author":{"name":"Aconteceu no Vale","@id":"https:\/\/aconteceunovale.com.br\/portal\/#\/schema\/person\/633529146f2c94272bef50ac2953d589"},"headline":"Covid-19: Governador Valadares registra mais 21 casos e dois \u00f3bitos","datePublished":"2020-06-18T02:21:15+00:00","dateModified":"2020-06-18T02:21:50+00:00","mainEntityOfPage":{"@id":"https:\/\/aconteceunovale.com.br\/portal\/?p=164413"},"wordCount":175,"commentCount":0,"image":{"@id":"https:\/\/aconteceunovale.com.br\/portal\/?p=164413#primaryimage"},"thumbnailUrl":"https:\/\/aconteceunovale.com.br\/portal\/wp-content\/uploads\/2020\/05\/valadares.png","keywords":["Casos de coronav\u00edrus em Governador Valadares","Coronav\u00edrus","Coronav\u00edrus em Governador Valadares","Coronav\u00edrus: Governador Valadares tem 21 casos confirmados e 4 \u00f3bitos","COVID-19","Covid-19 em Governador Valadares","Covid-19: Governador Valadares confirma mais nove casos e um \u00f3bito","Covid-19: Governador Valadares registra 23 novos casos e um \u00f3bito","Covid-19: Governador Valadares registra mais 18 casos e dois \u00f3bitos","Covid-19: Governador Valadares registra mais 24 casos e 3 \u00f3bitos","Covid-19: Governador Valadares registra mais 33 casos e dois \u00f3bitos","Covid-19: Governador Valadares tem 22 \u00f3bitos e 351 casos confirmados","Covid-19: Prefeitura de Governador Valadares confirma mais 10 casos e dois \u00f3bitos","Covid-19: Prefeitura de Governador Valadares confirma mais 14 casos e dois \u00f3bitos","Covid-19: Prefeitura de Governador Valadares confirma mais 34 casos e dois \u00f3bitos","Funcion\u00e1rio da Prefeitura de Governador Valadares","Governador Valadares","Governador Valadares confirma 21 casos de Covid-19","Governador Valadares confirma mais 13 casos de Covid-19","Governador Valadares confirma mais dois \u00f3bitos por Covid-19","Governador Valadares coronav\u00edrus","Governador Valadares Covid-19","Governador Valadares registra 15 novos casos de Covid-19","Governador Valadares registra mais 11 casos de Covid-19","Governador Valadares tem 200 pacientes recuperados da Covid-19","Governador Valadares tem 271 casos de Covid-19; 180 pacientes est\u00e3o recuperados e 18 morreram","gv","Isolamento social em Governador Valadares","Mais de 60% dos infectados com coronav\u00edrus em Governador Valadares j\u00e1 est\u00e3o recuperados","Monitoramento do isolamento social em Valadares","Morte de funcion\u00e1rio da Prefeitura de Governador Valadares","Mortes por coronav\u00edrus em Governador Valadares","N\u00famero de infectados por coronav\u00edrus em Governador Valadares sobe para 76","Prefeitura de Governador Valadares","Prefeitura de Governador Valadares confirma mais 8 casos de Covid-19","Prefeitura de Governador Valadares confirma mais oito casos de Covid-19","Servidor da Prefeitura de Governador Valadares","Sobe para 167 o n\u00famero de casos confirmados de coronav\u00edrus em Governador Valadares","Sobe para 193 o n\u00famero de casos confirmados de Covid-19 em Governador Valadares","valadares","Willian Coelho Almeida"],"articleSection":["Leste de Minas","Sa\u00fade"],"inLanguage":"pt-BR","potentialAction":[{"@type":"CommentAction","name":"Comment","target":["https:\/\/aconteceunovale.com.br\/portal\/?p=164413#respond"]}]},{"@type":"WebPage","@id":"https:\/\/aconteceunovale.com.br\/portal\/?p=164413","url":"https:\/\/aconteceunovale.com.br\/portal\/?p=164413","name":"Covid-19: Governador Valadares registra mais 21 casos e dois \u00f3bitos - Aconteceu no Vale","isPartOf":{"@id":"https:\/\/aconteceunovale.com.br\/portal\/#website"},"primaryImageOfPage":{"@id":"https:\/\/aconteceunovale.com.br\/portal\/?p=164413#primaryimage"},"image":{"@id":"https:\/\/aconteceunovale.com.br\/portal\/?p=164413#primaryimage"},"thumbnailUrl":"https:\/\/aconteceunovale.com.br\/portal\/wp-content\/uploads\/2020\/05\/valadares.png","datePublished":"2020-06-18T02:21:15+00:00","dateModified":"2020-06-18T02:21:50+00:00","author":{"@id":"https:\/\/aconteceunovale.com.br\/portal\/#\/schema\/person\/633529146f2c94272bef50ac2953d589"},"breadcrumb":{"@id":"https:\/\/aconteceunovale.com.br\/portal\/?p=164413#breadcrumb"},"inLanguage":"pt-BR","potentialAction":[{"@type":"ReadAction","target":["https:\/\/aconteceunovale.com.br\/portal\/?p=164413"]}]},{"@type":"ImageObject","inLanguage":"pt-BR","@id":"https:\/\/aconteceunovale.com.br\/portal\/?p=164413#primaryimage","url":"https:\/\/aconteceunovale.com.br\/portal\/wp-content\/uploads\/2020\/05\/valadares.png","contentUrl":"https:\/\/aconteceunovale.com.br\/portal\/wp-content\/uploads\/2020\/05\/valadares.png","width":678,"height":370},{"@type":"BreadcrumbList","@id":"https:\/\/aconteceunovale.com.br\/portal\/?p=164413#breadcrumb","itemListElement":[{"@type":"ListItem","position":1,"name":"In\u00edcio","item":"https:\/\/aconteceunovale.com.br\/portal\/"},{"@type":"ListItem","position":2,"name":"Covid-19: Governador Valadares registra mais 21 casos e dois \u00f3bitos"}]},{"@type":"WebSite","@id":"https:\/\/aconteceunovale.com.br\/portal\/#website","url":"https:\/\/aconteceunovale.com.br\/portal\/","name":"Aconteceu no Vale","description":"Portal de Not\u00edcias","potentialAction":[{"@type":"SearchAction","target":{"@type":"EntryPoint","urlTemplate":"https:\/\/aconteceunovale.com.br\/portal\/?s={search_term_string}"},"query-input":{"@type":"PropertyValueSpecification","valueRequired":true,"valueName":"search_term_string"}}],"inLanguage":"pt-BR"},{"@type":"Person","@id":"https:\/\/aconteceunovale.com.br\/portal\/#\/schema\/person\/633529146f2c94272bef50ac2953d589","name":"Aconteceu no Vale","description":"Equipe de reportagem do Aconteceu no Vale, portal de not\u00edcias do Vale do Jequitinhonha, em Minas Gerais. Cobrimos as 51 cidades do Vale desde 2013. Sugest\u00f5es de pauta e pedidos de corre\u00e7\u00e3o: contato@aconteceunovale.com.br","sameAs":["http:\/\/www.aconteceunovale.com.br"],"url":"https:\/\/aconteceunovale.com.br\/portal\/?author=1"}]}},"_links":{"self":[{"href":"https:\/\/aconteceunovale.com.br\/portal\/index.php?rest_route=\/wp\/v2\/posts\/164413","targetHints":{"allow":["GET"]}}],"collection":[{"href":"https:\/\/aconteceunovale.com.br\/portal\/index.php?rest_route=\/wp\/v2\/posts"}],"about":[{"href":"https:\/\/aconteceunovale.com.br\/portal\/index.php?rest_route=\/wp\/v2\/types\/post"}],"author":[{"embeddable":true,"href":"https:\/\/aconteceunovale.com.br\/portal\/index.php?rest_route=\/wp\/v2\/users\/1"}],"replies":[{"embeddable":true,"href":"https:\/\/aconteceunovale.com.br\/portal\/index.php?rest_route=%2Fwp%2Fv2%2Fcomments&post=164413"}],"version-history":[{"count":1,"href":"https:\/\/aconteceunovale.com.br\/portal\/index.php?rest_route=\/wp\/v2\/posts\/164413\/revisions"}],"predecessor-version":[{"id":164414,"href":"https:\/\/aconteceunovale.com.br\/portal\/index.php?rest_route=\/wp\/v2\/posts\/164413\/revisions\/164414"}],"wp:featuredmedia":[{"embeddable":true,"href":"https:\/\/aconteceunovale.com.br\/portal\/index.php?rest_route=\/wp\/v2\/media\/162883"}],"wp:attachment":[{"href":"https:\/\/aconteceunovale.com.br\/portal\/index.php?rest_route=%2Fwp%2Fv2%2Fmedia&parent=164413"}],"wp:term":[{"taxonomy":"category","embeddable":true,"href":"https:\/\/aconteceunovale.com.br\/portal\/index.php?rest_route=%2Fwp%2Fv2%2Fcategories&post=164413"},{"taxonomy":"post_tag","embeddable":true,"href":"https:\/\/aconteceunovale.com.br\/portal\/index.php?rest_route=%2Fwp%2Fv2%2Ftags&post=164413"}],"curies":[{"name":"wp","href":"https:\/\/api.w.org\/{rel}","templated":true}]}}