{"id":164374,"date":"2020-06-17T15:57:22","date_gmt":"2020-06-17T18:57:22","guid":{"rendered":"https:\/\/aconteceunovale.com.br\/portal\/?p=164374"},"modified":"2020-06-17T15:57:48","modified_gmt":"2020-06-17T18:57:48","slug":"policia-civil-prende-suspeito-de-cometer-homicidio-em-raul-soares","status":"publish","type":"post","link":"https:\/\/aconteceunovale.com.br\/portal\/?p=164374","title":{"rendered":"Pol\u00edcia Civil prende suspeito de cometer homic\u00eddio em Raul Soares"},"content":{"rendered":"\n<p>A Pol\u00edcia Civil de Minas Gerais (PCMG) concluiu as investiga\u00e7\u00f5es acerca de um homic\u00eddio ocorrido em mar\u00e7o deste ano, na cidade de Raul Soares, na Zona da Mata de Minas Gerais. O suspeito de cometer o crime foi preso nessa ter\u00e7a-feira (16\/6\/2020).<\/p>\n\n\n\n<p>Um homem de 52 anos foi encontrado morto, com v\u00e1rias perfura\u00e7\u00f5es de faca, no pr\u00f3prio s\u00edtio. Apesar de o crime n\u00e3o ter tido testemunhas, policiais civis elucidaram o ocorrido em tr\u00eas meses de investiga\u00e7\u00f5es, que resultou no cumprimento do mandado de pris\u00e3o tempor\u00e1ria em desfavor do suspeito.<\/p>\n\n\n\n<p>Segundo apurado, o homem de 52 anos era homossexual e tentou praticar sexo com o suspeito, quando esse foi \u00e0 casa da v\u00edtima para tratar de outros assuntos. O investigado alega que \u201cperdeu a cabe\u00e7a\u201d e acabou cometendo o crime. De acordo com o Delegado Gilzan Lessa, respons\u00e1vel pelas investiga\u00e7\u00f5es, durante o interrogat\u00f3rio, o suspeito confessou o homic\u00eddio. O homem foi encaminhado ao Sistema Prisional e o inqu\u00e9rito policial, j\u00e1 conclu\u00eddo, ser\u00e1 enviado ao Poder Judici\u00e1rio.<\/p>\n\n\n\n<p>O Delegado Regional Ivan Sales destaca que a pris\u00e3o desse suspeito completa a apura\u00e7\u00e3o de todos os homic\u00eddios cometidos este ano na cidade. \u201cA Delegacia de Pol\u00edcia Civil em Raul Soares tem 100% de elucida\u00e7\u00e3o dos crimes de homic\u00eddio ocorridos em 2020, sendo dois tentados e um consumado\u201d, afirmou.<\/p>\n\n\n\n<p>Participaram da a\u00e7\u00e3o o Delegado Regional Ivan Sales e o Delegado Gilzan Lessa, bem como as Escriv\u00e3s Luiza e Maria Aparecida (Cida) e os Investigadores Everly, Jo\u00e3o Vitor e Marcelo.<\/p>\n\n\n\n<p><strong>Outros homic\u00eddios apurados em Raul Soares<\/strong><\/p>\n\n\n\n<p>Fazem parte de 100% dos homic\u00eddios elucidados, conforme destacado pelo Delegado Regional Ivan Sales, um homic\u00eddio tentado, que ocorreu no dia 22 de janeiro, quando o suspeito teria atirado com arma de fogo em um homem, devido a conflitos entre eles. O suspeito foi interrogado e est\u00e1 em liberdade devido \u00e0 condi\u00e7\u00e3o dele, que torna desnecess\u00e1ria a pris\u00e3o cautelar.<\/p>\n\n\n\n<p>O segundo homic\u00eddio tentado ocorreu no dia 23 de fevereiro, quando dois irm\u00e3os, um homem e um adolescente, teriam primeiro esfaqueado e, em outra ocasi\u00e3o, atirado com arma de fogo na v\u00edtima, mas n\u00e3o conseguiram acert\u00e1-la. A PCMG representou pela interna\u00e7\u00e3o do adolescente, que foi deferida pelo Poder Judici\u00e1rio. Devido ao prazo m\u00e1ximo permitido pelo Estatuto da Crian\u00e7a e do Adolescente para interna\u00e7\u00e3o provis\u00f3ria, o jovem foi liberado ap\u00f3s 45 dias. J\u00e1 o irm\u00e3o encontra-se no Sistema Prisional, preso preventivamente, \u00e0 disposi\u00e7\u00e3o da Justi\u00e7a.<\/p>\n\n\n\n<p class=\"has-background has-very-light-gray-background-color\">Quer saber as not\u00edcias do <strong>Aconteceu no Vale<\/strong> em primeira m\u00e3o? Siga-nos no Facebook <a rel=\"noreferrer noopener\" href=\"http:\/\/facebook.com\/aconteceunovale\" target=\"_blank\">@aconteceunovale<\/a>, Twitter <a rel=\"noreferrer noopener\" href=\"https:\/\/twitter.com\/noticiadosvales\" target=\"_blank\">@noticiadosvales<\/a> e Instagram <a rel=\"noreferrer noopener\" href=\"https:\/\/www.instagram.com\/aconteceunovale\" target=\"_blank\">@aconteceunovale<\/a>.<\/p>\n","protected":false},"excerpt":{"rendered":"<p>A Pol\u00edcia Civil de Minas Gerais (PCMG) concluiu as investiga\u00e7\u00f5es acerca de um homic\u00eddio ocorrido em mar\u00e7o deste ano, na cidade de Raul Soares, na Zona da Mata de Minas Gerais. O suspeito de cometer o crime foi preso nessa ter\u00e7a-feira (16\/6\/2020). Um homem de 52 anos foi encontrado morto, com v\u00e1rias perfura\u00e7\u00f5es de faca, [&hellip;]<\/p>\n","protected":false},"author":1,"featured_media":151866,"comment_status":"open","ping_status":"closed","sticky":false,"template":"","format":"standard","meta":{"amp_status":"","footnotes":""},"categories":[121],"tags":[223891,223895,223893,223894,223892,223890,223896,604,44644,223889,13983],"class_list":["post-164374","post","type-post","status-publish","format-standard","has-post-thumbnail","hentry","category-leste","tag-assassinado-em-raul-soares","tag-delegacia-de-policia-civil-em-raul-soares","tag-delegado-gilzan-lessa","tag-delegado-regional-ivan-sales","tag-homem-morto-em-raul-soares","tag-homicidio-em-raul-soares","tag-homicidios-apurados-em-raul-soares","tag-pcmg","tag-policia-civil-de-minas-gerais","tag-policia-civil-prende-suspeito-de-cometer-homicidio-em-raul-soares","tag-raul-soares"],"_links":{"self":[{"href":"https:\/\/aconteceunovale.com.br\/portal\/index.php?rest_route=\/wp\/v2\/posts\/164374","targetHints":{"allow":["GET"]}}],"collection":[{"href":"https:\/\/aconteceunovale.com.br\/portal\/index.php?rest_route=\/wp\/v2\/posts"}],"about":[{"href":"https:\/\/aconteceunovale.com.br\/portal\/index.php?rest_route=\/wp\/v2\/types\/post"}],"author":[{"embeddable":true,"href":"https:\/\/aconteceunovale.com.br\/portal\/index.php?rest_route=\/wp\/v2\/users\/1"}],"replies":[{"embeddable":true,"href":"https:\/\/aconteceunovale.com.br\/portal\/index.php?rest_route=%2Fwp%2Fv2%2Fcomments&post=164374"}],"version-history":[{"count":1,"href":"https:\/\/aconteceunovale.com.br\/portal\/index.php?rest_route=\/wp\/v2\/posts\/164374\/revisions"}],"predecessor-version":[{"id":164375,"href":"https:\/\/aconteceunovale.com.br\/portal\/index.php?rest_route=\/wp\/v2\/posts\/164374\/revisions\/164375"}],"wp:featuredmedia":[{"embeddable":true,"href":"https:\/\/aconteceunovale.com.br\/portal\/index.php?rest_route=\/wp\/v2\/media\/151866"}],"wp:attachment":[{"href":"https:\/\/aconteceunovale.com.br\/portal\/index.php?rest_route=%2Fwp%2Fv2%2Fmedia&parent=164374"}],"wp:term":[{"taxonomy":"category","embeddable":true,"href":"https:\/\/aconteceunovale.com.br\/portal\/index.php?rest_route=%2Fwp%2Fv2%2Fcategories&post=164374"},{"taxonomy":"post_tag","embeddable":true,"href":"https:\/\/aconteceunovale.com.br\/portal\/index.php?rest_route=%2Fwp%2Fv2%2Ftags&post=164374"}],"curies":[{"name":"wp","href":"https:\/\/api.w.org\/{rel}","templated":true}]}}