{"id":164371,"date":"2020-06-17T15:49:40","date_gmt":"2020-06-17T18:49:40","guid":{"rendered":"https:\/\/aconteceunovale.com.br\/portal\/?p=164371"},"modified":"2020-06-17T15:49:56","modified_gmt":"2020-06-17T18:49:56","slug":"adolescente-suspeito-de-matar-lavrador-e-apreendido-em-virginopolis","status":"publish","type":"post","link":"https:\/\/aconteceunovale.com.br\/portal\/?p=164371","title":{"rendered":"Adolescente suspeito de matar lavrador \u00e9 apreendido em Virgin\u00f3polis"},"content":{"rendered":"\n<p>A Pol\u00edcia Civil de Minas Gerais (PCMG), com apoio operacional da Pol\u00edcia Militar, cumpriu na manh\u00e3 desta quarta-feira (17\/6\/2020) um mandado de busca e apreens\u00e3o e outro de interna\u00e7\u00e3o provis\u00f3ria em desfavor de um adolescente, de 16 anos, investigado pela participa\u00e7\u00e3o em ato infracional an\u00e1logo a latroc\u00ednio, que vitimou o lavrador Marcelo Rener Lages Figueiredo, 39, morto no dia 27 de maio deste ano, no C\u00f3rrego Betume, zona rural de Virgin\u00f3polis.<\/p>\n\n\n\n<p>Segundo a vers\u00e3o do jovem, no dia dos fatos ele teria ido, juntamente com um amigo, de 19 anos, at\u00e9 o local com proposta de emprego, para fazer uma ro\u00e7a de pasto, tendo encontrado a v\u00edtima no curral tirando leite. A v\u00edtima teria ofendido a honra do adolescente, o que teria enfurecido o menor, que passou a efetuar golpes de faca na regi\u00e3o do pesco\u00e7o da v\u00edtima. Marcelo, mesmo machucado, teria ido em busca de um machado para se defender das agress\u00f5es, quando o menor pegou o machado e golpeou a cabe\u00e7a da v\u00edtima. Diante das agress\u00f5es, o amigo do adolescente teria se assustado e fugido.<\/p>\n\n\n\n<p>Ap\u00f3s as agress\u00f5es, o adolescente alega que levou o corpo do lavrador para pr\u00f3ximo de um ribeir\u00e3o, onde atirou o machado, a faca e o celular da v\u00edtima no c\u00f3rrego, tendo levado, ainda, a motocicleta de Marcelo na fuga. Ainda de acordo com o jovem infrator, no caminho para casa, encontrou o amigo que havia fugido da cena do crime e, juntos, abandonaram a motocicleta da v\u00edtima em um matagal de dif\u00edcil acesso, arrancaram e enterraram a placa de identifica\u00e7\u00e3o do ve\u00edculo. O adolescente nega a participa\u00e7\u00e3o do amigo.<\/p>\n\n\n\n<p>De acordo com o Delegado Maur\u00edcio Ant\u00f4nio Campos Lauria J\u00fanior, que conduz as investiga\u00e7\u00f5es, as vers\u00f5es do suspeito e do amigo s\u00e3o contradit\u00f3rias. \u201cO amigo do adolescente alegou que eles foram at\u00e9 o local com a inten\u00e7\u00e3o de subtrair a motocicleta da v\u00edtima, devido a d\u00edvida de drogas no valor de R$ 480. O maior afirmou que n\u00e3o sabia da inten\u00e7\u00e3o do adolescente em praticar o homic\u00eddio\u201d.<\/p>\n\n\n\n<p>As investiga\u00e7\u00f5es prosseguir\u00e3o junto \u00e0 Delegacia de Pol\u00edcia Civil em Virgin\u00f3polis. O menor apreendido ser\u00e1 encaminhado ao Centro Socioeducativo em Governador Valadares.<\/p>\n\n\n\n<figure class=\"wp-block-gallery columns-1 is-cropped wp-block-gallery-1 is-layout-flex wp-block-gallery-is-layout-flex\"><ul class=\"blocks-gallery-grid\"><li class=\"blocks-gallery-item\"><figure><img loading=\"lazy\" decoding=\"async\" width=\"650\" height=\"450\" src=\"https:\/\/aconteceunovale.com.br\/portal\/wp-content\/uploads\/2020\/06\/moto_roubo_vgp.jpeg\" alt=\"\" data-id=\"164372\" data-full-url=\"https:\/\/aconteceunovale.com.br\/portal\/wp-content\/uploads\/2020\/06\/moto_roubo_vgp.jpeg\" data-link=\"https:\/\/aconteceunovale.com.br\/portal\/?attachment_id=164372\" class=\"wp-image-164372\" srcset=\"https:\/\/aconteceunovale.com.br\/portal\/wp-content\/uploads\/2020\/06\/moto_roubo_vgp.jpeg 650w, https:\/\/aconteceunovale.com.br\/portal\/wp-content\/uploads\/2020\/06\/moto_roubo_vgp-300x208.jpeg 300w, https:\/\/aconteceunovale.com.br\/portal\/wp-content\/uploads\/2020\/06\/moto_roubo_vgp-100x70.jpeg 100w, https:\/\/aconteceunovale.com.br\/portal\/wp-content\/uploads\/2020\/06\/moto_roubo_vgp-218x150.jpeg 218w, https:\/\/aconteceunovale.com.br\/portal\/wp-content\/uploads\/2020\/06\/moto_roubo_vgp-607x420.jpeg 607w\" sizes=\"auto, (max-width: 650px) 100vw, 650px\" \/><figcaption class=\"blocks-gallery-item__caption\"><em>Foto: Divulga\u00e7\u00e3o\/PCMG<\/em><\/figcaption><\/figure><\/li><\/ul><\/figure>\n\n\n\n<p class=\"has-background has-very-light-gray-background-color\">Quer saber as not\u00edcias do <strong>Aconteceu no Vale<\/strong> em primeira m\u00e3o? Siga-nos no Facebook <a rel=\"noreferrer noopener\" href=\"http:\/\/facebook.com\/aconteceunovale\" target=\"_blank\">@aconteceunovale<\/a>, Twitter <a rel=\"noreferrer noopener\" href=\"https:\/\/twitter.com\/noticiadosvales\" target=\"_blank\">@noticiadosvales<\/a> e Instagram <a rel=\"noreferrer noopener\" href=\"https:\/\/www.instagram.com\/aconteceunovale\" target=\"_blank\">@aconteceunovale<\/a>.<\/p>\n","protected":false},"excerpt":{"rendered":"<p>A Pol\u00edcia Civil de Minas Gerais (PCMG), com apoio operacional da Pol\u00edcia Militar, cumpriu na manh\u00e3 desta quarta-feira (17\/6\/2020) um mandado de busca e apreens\u00e3o e outro de interna\u00e7\u00e3o provis\u00f3ria em desfavor de um adolescente, de 16 anos, investigado pela participa\u00e7\u00e3o em ato infracional an\u00e1logo a latroc\u00ednio, que vitimou o lavrador Marcelo Rener Lages Figueiredo, [&hellip;]<\/p>\n","protected":false},"author":1,"featured_media":164372,"comment_status":"open","ping_status":"closed","sticky":false,"template":"","format":"standard","meta":{"amp_status":"","footnotes":""},"categories":[121],"tags":[223888,223887,204184,223884,223885,1018,247,204185,204182,223883,223886,604,38187,44644,332],"class_list":["post-164371","post","type-post","status-publish","format-standard","has-post-thumbnail","hentry","category-leste","tag-adolescente-suspeito-de-matar-lavrador-e-apreendido-em-virginopolis","tag-adolescente-suspeito-de-matar-lavrador-na-zona-rural-de-virginopolis-e-apreendido-pela-policia-civil","tag-assassinado-em-virginopolis","tag-corrego-betume","tag-delegado-mauricio-antonio-campos-lauria-junior","tag-destaque","tag-governador-valadares","tag-homem-morto-em-virginopolis","tag-homicidio-em-virginopolis","tag-marcelo-rener-lages-figueiredo","tag-mauricio-antonio-campos-lauria-junior","tag-pcmg","tag-pmmg","tag-policia-civil-de-minas-gerais","tag-virginopolis"],"_links":{"self":[{"href":"https:\/\/aconteceunovale.com.br\/portal\/index.php?rest_route=\/wp\/v2\/posts\/164371","targetHints":{"allow":["GET"]}}],"collection":[{"href":"https:\/\/aconteceunovale.com.br\/portal\/index.php?rest_route=\/wp\/v2\/posts"}],"about":[{"href":"https:\/\/aconteceunovale.com.br\/portal\/index.php?rest_route=\/wp\/v2\/types\/post"}],"author":[{"embeddable":true,"href":"https:\/\/aconteceunovale.com.br\/portal\/index.php?rest_route=\/wp\/v2\/users\/1"}],"replies":[{"embeddable":true,"href":"https:\/\/aconteceunovale.com.br\/portal\/index.php?rest_route=%2Fwp%2Fv2%2Fcomments&post=164371"}],"version-history":[{"count":1,"href":"https:\/\/aconteceunovale.com.br\/portal\/index.php?rest_route=\/wp\/v2\/posts\/164371\/revisions"}],"predecessor-version":[{"id":164373,"href":"https:\/\/aconteceunovale.com.br\/portal\/index.php?rest_route=\/wp\/v2\/posts\/164371\/revisions\/164373"}],"wp:featuredmedia":[{"embeddable":true,"href":"https:\/\/aconteceunovale.com.br\/portal\/index.php?rest_route=\/wp\/v2\/media\/164372"}],"wp:attachment":[{"href":"https:\/\/aconteceunovale.com.br\/portal\/index.php?rest_route=%2Fwp%2Fv2%2Fmedia&parent=164371"}],"wp:term":[{"taxonomy":"category","embeddable":true,"href":"https:\/\/aconteceunovale.com.br\/portal\/index.php?rest_route=%2Fwp%2Fv2%2Fcategories&post=164371"},{"taxonomy":"post_tag","embeddable":true,"href":"https:\/\/aconteceunovale.com.br\/portal\/index.php?rest_route=%2Fwp%2Fv2%2Ftags&post=164371"}],"curies":[{"name":"wp","href":"https:\/\/api.w.org\/{rel}","templated":true}]}}