{"id":164365,"date":"2020-06-17T15:38:34","date_gmt":"2020-06-17T18:38:34","guid":{"rendered":"https:\/\/aconteceunovale.com.br\/portal\/?p=164365"},"modified":"2020-06-17T15:39:53","modified_gmt":"2020-06-17T18:39:53","slug":"operacao-policial-resulta-na-prisao-de-envolvidos-em-morte-de-idoso-em-tumiritinga","status":"publish","type":"post","link":"https:\/\/aconteceunovale.com.br\/portal\/?p=164365","title":{"rendered":"Opera\u00e7\u00e3o policial resulta na pris\u00e3o de envolvidos em morte de idoso em Tumiritinga"},"content":{"rendered":"\n<p>A Pol\u00edcia Civil de Minas Gerais (PCMG), com apoio da Pol\u00edcia Militar, prendeu em flagrante dois homens, de 19 e 24 anos, e apreendeu uma adolescente de 16, suspeitos de envolvimento no assassinato de um idoso de 67 anos. O homem foi assassinado nessa segunda-feira (16\/6\/2020), na cidade de Tumiritinga, no Vale do Rio Doce, mesmo dia da pris\u00e3o dos suspeitos.<\/p>\n\n\n\n<p>No local dos fatos, a pol\u00edcia teve acesso \u00e0s imagens captadas pelo sistema de seguran\u00e7a de um estabelecimento pr\u00f3ximo ao ponto onde ocorreu o crime. Por meio desse v\u00eddeo, os dois homens e a adolescente foram identificados.<\/p>\n\n\n\n<p>Ap\u00f3s a qualifica\u00e7\u00e3o dos suspeitos, policiais civis e militares organizaram uma opera\u00e7\u00e3o visando a pris\u00e3o dos envolvidos, ainda no per\u00edodo de flagrante. Devido a rapidez dos trabalhos, foi poss\u00edvel apreender as roupas que os suspeitos utilizavam no momento do crime, a fim de comparar com as imagens arrecadadas do circuito de seguran\u00e7a. Diante das provas levantadas, os suspeitos admitiram a participa\u00e7\u00e3o no homic\u00eddio.<\/p>\n\n\n\n<p>De acordo com a Delegada que coordena as investiga\u00e7\u00f5es Izabella Santana, \u201cA motiva\u00e7\u00e3o do delito seria o fato de a v\u00edtima ter sido, anteriormente, condenada pelo crime de estupro de vulner\u00e1vel&#8221;. O idoso chegou a ser preso, mas, segundo o trio, ele teria ficado pouco tempo na pris\u00e3o e, por isso, decidiram vingar-se por conta pr\u00f3pria.<\/p>\n\n\n\n<p>Os presos foram conduzidos \u00e0 Delegacia de Pol\u00edcia de Conselheiro Pena, onde foram autuados em flagrante pelo crime de homic\u00eddio qualificado. A a\u00e7\u00e3o, chefiada pela Delegada Izabella Santana, teve \u00e0 frente a equipe de policiais civis de Conselheiro Pena, com apoio de militares.<\/p>\n\n\n\n<figure class=\"wp-block-gallery columns-1 is-cropped wp-block-gallery-1 is-layout-flex wp-block-gallery-is-layout-flex\"><ul class=\"blocks-gallery-grid\"><li class=\"blocks-gallery-item\"><figure><img loading=\"lazy\" decoding=\"async\" width=\"678\" height=\"333\" src=\"https:\/\/aconteceunovale.com.br\/portal\/wp-content\/uploads\/2020\/06\/operacao_tumiritinga_3.jpg\" alt=\"\" data-id=\"164366\" data-full-url=\"https:\/\/aconteceunovale.com.br\/portal\/wp-content\/uploads\/2020\/06\/operacao_tumiritinga_3.jpg\" data-link=\"https:\/\/aconteceunovale.com.br\/portal\/?attachment_id=164366\" class=\"wp-image-164366\" srcset=\"https:\/\/aconteceunovale.com.br\/portal\/wp-content\/uploads\/2020\/06\/operacao_tumiritinga_3.jpg 678w, https:\/\/aconteceunovale.com.br\/portal\/wp-content\/uploads\/2020\/06\/operacao_tumiritinga_3-300x147.jpg 300w, https:\/\/aconteceunovale.com.br\/portal\/wp-content\/uploads\/2020\/06\/operacao_tumiritinga_3-324x160.jpg 324w, https:\/\/aconteceunovale.com.br\/portal\/wp-content\/uploads\/2020\/06\/operacao_tumiritinga_3-533x261.jpg 533w\" sizes=\"auto, (max-width: 678px) 100vw, 678px\" \/><figcaption class=\"blocks-gallery-item__caption\"><em>Foto: Divulga\u00e7\u00e3o \/ PMMG<\/em><\/figcaption><\/figure><\/li><li class=\"blocks-gallery-item\"><figure><img loading=\"lazy\" decoding=\"async\" width=\"678\" height=\"381\" src=\"https:\/\/aconteceunovale.com.br\/portal\/wp-content\/uploads\/2020\/06\/operacao_tumiritinga_2.jpg\" alt=\"\" data-id=\"164367\" data-full-url=\"https:\/\/aconteceunovale.com.br\/portal\/wp-content\/uploads\/2020\/06\/operacao_tumiritinga_2.jpg\" data-link=\"https:\/\/aconteceunovale.com.br\/portal\/?attachment_id=164367\" class=\"wp-image-164367\" srcset=\"https:\/\/aconteceunovale.com.br\/portal\/wp-content\/uploads\/2020\/06\/operacao_tumiritinga_2.jpg 678w, https:\/\/aconteceunovale.com.br\/portal\/wp-content\/uploads\/2020\/06\/operacao_tumiritinga_2-300x169.jpg 300w\" sizes=\"auto, (max-width: 678px) 100vw, 678px\" \/><figcaption class=\"blocks-gallery-item__caption\"><em>Foto: Divulga\u00e7\u00e3o \/ PMMG<\/em><\/figcaption><\/figure><\/li><\/ul><\/figure>\n\n\n\n<p class=\"has-background has-very-light-gray-background-color\">Quer saber as not\u00edcias do <strong>Aconteceu no Vale<\/strong> em primeira m\u00e3o? Siga-nos no Facebook <a rel=\"noreferrer noopener\" href=\"http:\/\/facebook.com\/aconteceunovale\" target=\"_blank\">@aconteceunovale<\/a>, Twitter <a rel=\"noreferrer noopener\" href=\"https:\/\/twitter.com\/noticiadosvales\" target=\"_blank\">@noticiadosvales<\/a> e Instagram <a rel=\"noreferrer noopener\" href=\"https:\/\/www.instagram.com\/aconteceunovale\" target=\"_blank\">@aconteceunovale<\/a>.<\/p>\n","protected":false},"excerpt":{"rendered":"<p>A Pol\u00edcia Civil de Minas Gerais (PCMG), com apoio da Pol\u00edcia Militar, prendeu em flagrante dois homens, de 19 e 24 anos, e apreendeu uma adolescente de 16, suspeitos de envolvimento no assassinato de um idoso de 67 anos. O homem foi assassinado nessa segunda-feira (16\/6\/2020), na cidade de Tumiritinga, no Vale do Rio Doce, [&hellip;]<\/p>\n","protected":false},"author":1,"featured_media":164366,"comment_status":"open","ping_status":"closed","sticky":false,"template":"","format":"standard","meta":{"amp_status":"","footnotes":""},"categories":[121],"tags":[282,223882,247,223879,165227,223880,223881,165224,223878,604,116681,330],"class_list":["post-164365","post","type-post","status-publish","format-standard","has-post-thumbnail","hentry","category-leste","tag-conselheiro-pena","tag-delegada-izabella-santana","tag-governador-valadares","tag-homem-morto-em-tumiritinga","tag-homicidio-em-tumiritinga","tag-idoso-morto-em-tumiritinga","tag-luiz-gonzaga-da-cunha","tag-morto-em-tumiritinga","tag-operacao-policial-resulta-na-prisao-de-envolvidos-em-morte-de-idoso-em-tumiritinga","tag-pcmg","tag-presos-em-tumiritinga","tag-tumiritinga"],"_links":{"self":[{"href":"https:\/\/aconteceunovale.com.br\/portal\/index.php?rest_route=\/wp\/v2\/posts\/164365","targetHints":{"allow":["GET"]}}],"collection":[{"href":"https:\/\/aconteceunovale.com.br\/portal\/index.php?rest_route=\/wp\/v2\/posts"}],"about":[{"href":"https:\/\/aconteceunovale.com.br\/portal\/index.php?rest_route=\/wp\/v2\/types\/post"}],"author":[{"embeddable":true,"href":"https:\/\/aconteceunovale.com.br\/portal\/index.php?rest_route=\/wp\/v2\/users\/1"}],"replies":[{"embeddable":true,"href":"https:\/\/aconteceunovale.com.br\/portal\/index.php?rest_route=%2Fwp%2Fv2%2Fcomments&post=164365"}],"version-history":[{"count":2,"href":"https:\/\/aconteceunovale.com.br\/portal\/index.php?rest_route=\/wp\/v2\/posts\/164365\/revisions"}],"predecessor-version":[{"id":164370,"href":"https:\/\/aconteceunovale.com.br\/portal\/index.php?rest_route=\/wp\/v2\/posts\/164365\/revisions\/164370"}],"wp:featuredmedia":[{"embeddable":true,"href":"https:\/\/aconteceunovale.com.br\/portal\/index.php?rest_route=\/wp\/v2\/media\/164366"}],"wp:attachment":[{"href":"https:\/\/aconteceunovale.com.br\/portal\/index.php?rest_route=%2Fwp%2Fv2%2Fmedia&parent=164365"}],"wp:term":[{"taxonomy":"category","embeddable":true,"href":"https:\/\/aconteceunovale.com.br\/portal\/index.php?rest_route=%2Fwp%2Fv2%2Fcategories&post=164365"},{"taxonomy":"post_tag","embeddable":true,"href":"https:\/\/aconteceunovale.com.br\/portal\/index.php?rest_route=%2Fwp%2Fv2%2Ftags&post=164365"}],"curies":[{"name":"wp","href":"https:\/\/api.w.org\/{rel}","templated":true}]}}