{"id":164310,"date":"2020-06-16T23:03:32","date_gmt":"2020-06-17T02:03:32","guid":{"rendered":"https:\/\/aconteceunovale.com.br\/portal\/?p=164310"},"modified":"2026-09-02T12:39:11","modified_gmt":"2026-09-02T15:39:11","slug":"prefeitura-de-carbonita-confirma-primeiro-caso-de-covid-19","status":"publish","type":"post","link":"https:\/\/aconteceunovale.com.br\/portal\/?p=164310","title":{"rendered":"Prefeitura de Carbonita confirma primeiro caso de Covid-19"},"content":{"rendered":"\n<p class=\"wp-block-paragraph\">A Prefeitura de Carbonita, no Vale do Jequitinhonha, confirmou nesta ter\u00e7a-feira (16\/6\/2020) o primeiro caso de Covid-19 (Novo Coronav\u00edrus). Trata-se de um estudante, de 20 anos, que retornou para o munic\u00edpio h\u00e1 mais de 90 dias.<\/p>\n\n\n\n<p class=\"wp-block-paragraph\">Segundo a Secretaria Municipal de Sa\u00fade, o paciente est\u00e1 em isolamento social desde o in\u00edcio dos sintomas e os seus familiares est\u00e3o em monitoramento.<\/p>\n\n\n\n<p class=\"wp-block-paragraph\"><strong>Leia a nota da prefeitura:<\/strong><\/p>\n\n\n\n<p class=\"has-background has-very-light-gray-background-color wp-block-paragraph\"><em>TER\u00c7A, 16 DE JUNHO DE 2020<\/em><br><em><br>A Secretaria Municipal de Sa\u00fade de Carbonita na data de hoje (16\/06), vem a p\u00fablico informar que recebeu da empresa ABERTTA SA\u00daDE, a confirma\u00e7\u00e3o do 1\u00b0 caso positivo de COVID-19 em nossa cidade.<br><br>O setor de epidemiologia da Prefeitura de Carbonita, foi informado que trata-se de uma pessoa do sexo masculino, 20 anos, estudante, e que j\u00e1 estava em Carbonita h\u00e1 mais de 90 dias e segundo informa\u00e7\u00f5es do paciente n\u00e3o teve contato com nenhuma pessoa de outros munic\u00edpios. O paciente encontra-se em isolamento social desde o in\u00edcio dos sintomas e os seus familiares est\u00e3o em monitoramento e realizar\u00e3o o teste r\u00e1pido fornecido empesa respons\u00e1vel.<br><br>Reiteramos as recomenda\u00e7\u00f5es de que as pessoas evitem viajar para locais onde h\u00e1 casos confirmados de Coronav\u00edrus, que evitem promover e participar de aglomera\u00e7\u00f5es, buscando neste momento ficar em casa com seus familiares, seguindo as orienta\u00e7\u00f5es de cuidado, e que busque as unidades b\u00e1sicas de sa\u00fade somente em casos essenciais e o hospital municipal somente em casos de urg\u00eancia e emerg\u00eancia.<br><br>Salientamos a import\u00e2ncia do uso da m\u00e1scara, higieniza\u00e7\u00e3o das m\u00e3os e etiqueta respirat\u00f3ria.<br><br>Prefeitura de Carbonita<br>GOVERNANDO DE M\u00c3OS DADAS COM O POVO!<\/em><\/p>\n\n\n\n<p class=\"has-background has-very-light-gray-background-color wp-block-paragraph\">Quer saber as not\u00edcias do <strong>Aconteceu no Vale<\/strong> em primeira m\u00e3o? Siga-nos no Facebook <a rel=\"noreferrer noopener\" href=\"http:\/\/facebook.com\/aconteceunovale\" target=\"_blank\">@aconteceunovale<\/a>, Twitter <a rel=\"noreferrer noopener\" href=\"https:\/\/twitter.com\/noticiadosvales\" target=\"_blank\">@noticiadosvales<\/a> e Instagram <a rel=\"noreferrer noopener\" href=\"https:\/\/www.instagram.com\/aconteceunovale\" target=\"_blank\">@aconteceunovale<\/a>.<\/p>\n","protected":false},"excerpt":{"rendered":"<p>A Prefeitura de Carbonita, no Vale do Jequitinhonha, confirmou nesta ter\u00e7a-feira (16\/6\/2020) o primeiro caso de Covid-19 (Novo Coronav\u00edrus). Trata-se de um estudante, de 20 anos, que retornou para o munic\u00edpio h\u00e1 mais de 90 dias. Segundo a Secretaria Municipal de Sa\u00fade, o paciente est\u00e1 em isolamento social desde o in\u00edcio dos sintomas e os [&hellip;]<\/p>\n","protected":false},"author":1,"featured_media":162615,"comment_status":"open","ping_status":"closed","sticky":false,"template":"","format":"standard","meta":{"amp_status":"","footnotes":""},"categories":[272537,40242,120],"tags":[557,223809,223810,223811,215062,223812,223808],"class_list":["post-164310","post","type-post","status-publish","format-standard","has-post-thumbnail","hentry","category-carbonita","category-saude-2","category-jequi","tag-carbonita","tag-caso-de-coronavirus-em-carbonita","tag-coronavirus-em-carbonita","tag-covid-19-em-carbonita","tag-prefeitura-de-carbonita","tag-prefeitura-de-carbonita-confirma-novos-casos-de-covid-19","tag-prefeitura-de-carbonita-confirma-primeiro-caso-de-covid-19"],"yoast_head":"<!-- This site is optimized with the Yoast SEO plugin v28.3 - https:\/\/yoast.com\/product\/yoast-seo-wordpress\/ -->\n<title>Prefeitura de Carbonita confirma primeiro caso de Covid-19 - Aconteceu no Vale<\/title>\n<meta name=\"robots\" content=\"index, follow, max-snippet:-1, max-image-preview:large, max-video-preview:-1\" \/>\n<link rel=\"canonical\" href=\"https:\/\/aconteceunovale.com.br\/portal\/?p=164310\" \/>\n<meta property=\"og:locale\" content=\"pt_BR\" \/>\n<meta property=\"og:type\" content=\"article\" \/>\n<meta property=\"og:title\" content=\"Prefeitura de Carbonita confirma primeiro caso de Covid-19 - Aconteceu no Vale\" \/>\n<meta property=\"og:description\" content=\"A Prefeitura de Carbonita, no Vale do Jequitinhonha, confirmou nesta ter\u00e7a-feira (16\/6\/2020) o primeiro caso de Covid-19 (Novo Coronav\u00edrus). Trata-se de um estudante, de 20 anos, que retornou para o munic\u00edpio h\u00e1 mais de 90 dias. Segundo a Secretaria Municipal de Sa\u00fade, o paciente est\u00e1 em isolamento social desde o in\u00edcio dos sintomas e os [&hellip;]\" \/>\n<meta property=\"og:url\" content=\"https:\/\/aconteceunovale.com.br\/portal\/?p=164310\" \/>\n<meta property=\"og:site_name\" content=\"Aconteceu no Vale\" \/>\n<meta property=\"article:publisher\" content=\"https:\/\/www.facebook.com\/aconteceunovale\/\" \/>\n<meta property=\"article:published_time\" content=\"2020-06-17T02:03:32+00:00\" \/>\n<meta property=\"article:modified_time\" content=\"2026-09-02T15:39:11+00:00\" \/>\n<meta property=\"og:image\" content=\"https:\/\/aconteceunovale.com.br\/portal\/wp-content\/uploads\/2020\/05\/corona_virus_sintomas.jpg\" \/>\n\t<meta property=\"og:image:width\" content=\"900\" \/>\n\t<meta property=\"og:image:height\" content=\"506\" \/>\n\t<meta property=\"og:image:type\" content=\"image\/jpeg\" \/>\n<meta name=\"author\" content=\"Aconteceu no Vale\" \/>\n<meta name=\"twitter:card\" content=\"summary_large_image\" \/>\n<meta name=\"twitter:creator\" content=\"@noticiadosvales\" \/>\n<meta name=\"twitter:site\" content=\"@noticiadosvales\" \/>\n<meta name=\"twitter:label1\" content=\"Escrito por\" \/>\n\t<meta name=\"twitter:data1\" content=\"Aconteceu no Vale\" \/>\n\t<meta name=\"twitter:label2\" content=\"Est. tempo de leitura\" \/>\n\t<meta name=\"twitter:data2\" content=\"2 minutos\" \/>\n<script type=\"application\/ld+json\" class=\"yoast-schema-graph\">{\"@context\":\"https:\\\/\\\/schema.org\",\"@graph\":[{\"@type\":\"Article\",\"@id\":\"https:\\\/\\\/aconteceunovale.com.br\\\/portal\\\/?p=164310#article\",\"isPartOf\":{\"@id\":\"https:\\\/\\\/aconteceunovale.com.br\\\/portal\\\/?p=164310\"},\"author\":{\"name\":\"Aconteceu no Vale\",\"@id\":\"https:\\\/\\\/aconteceunovale.com.br\\\/portal\\\/#\\\/schema\\\/person\\\/633529146f2c94272bef50ac2953d589\"},\"headline\":\"Prefeitura de Carbonita confirma primeiro caso de Covid-19\",\"datePublished\":\"2020-06-17T02:03:32+00:00\",\"dateModified\":\"2026-09-02T15:39:11+00:00\",\"mainEntityOfPage\":{\"@id\":\"https:\\\/\\\/aconteceunovale.com.br\\\/portal\\\/?p=164310\"},\"wordCount\":313,\"commentCount\":0,\"image\":{\"@id\":\"https:\\\/\\\/aconteceunovale.com.br\\\/portal\\\/?p=164310#primaryimage\"},\"thumbnailUrl\":\"https:\\\/\\\/aconteceunovale.com.br\\\/portal\\\/wp-content\\\/uploads\\\/2020\\\/05\\\/corona_virus_sintomas.jpg\",\"keywords\":[\"Carbonita\",\"Caso de coronav\u00edrus em Carbonita\",\"Coronav\u00edrus em Carbonita\",\"Covid-19 em Carbonita\",\"Prefeitura de Carbonita\",\"Prefeitura de Carbonita confirma novos casos de Covid-19\",\"Prefeitura de Carbonita confirma primeiro caso de Covid-19\"],\"articleSection\":[\"Carbonita\",\"Sa\u00fade\",\"Vale do Jequitinhonha\"],\"inLanguage\":\"pt-BR\",\"potentialAction\":[{\"@type\":\"CommentAction\",\"name\":\"Comment\",\"target\":[\"https:\\\/\\\/aconteceunovale.com.br\\\/portal\\\/?p=164310#respond\"]}]},{\"@type\":\"WebPage\",\"@id\":\"https:\\\/\\\/aconteceunovale.com.br\\\/portal\\\/?p=164310\",\"url\":\"https:\\\/\\\/aconteceunovale.com.br\\\/portal\\\/?p=164310\",\"name\":\"Prefeitura de Carbonita confirma primeiro caso de Covid-19 - Aconteceu no Vale\",\"isPartOf\":{\"@id\":\"https:\\\/\\\/aconteceunovale.com.br\\\/portal\\\/#website\"},\"primaryImageOfPage\":{\"@id\":\"https:\\\/\\\/aconteceunovale.com.br\\\/portal\\\/?p=164310#primaryimage\"},\"image\":{\"@id\":\"https:\\\/\\\/aconteceunovale.com.br\\\/portal\\\/?p=164310#primaryimage\"},\"thumbnailUrl\":\"https:\\\/\\\/aconteceunovale.com.br\\\/portal\\\/wp-content\\\/uploads\\\/2020\\\/05\\\/corona_virus_sintomas.jpg\",\"datePublished\":\"2020-06-17T02:03:32+00:00\",\"dateModified\":\"2026-09-02T15:39:11+00:00\",\"author\":{\"@id\":\"https:\\\/\\\/aconteceunovale.com.br\\\/portal\\\/#\\\/schema\\\/person\\\/633529146f2c94272bef50ac2953d589\"},\"breadcrumb\":{\"@id\":\"https:\\\/\\\/aconteceunovale.com.br\\\/portal\\\/?p=164310#breadcrumb\"},\"inLanguage\":\"pt-BR\",\"potentialAction\":[{\"@type\":\"ReadAction\",\"target\":[\"https:\\\/\\\/aconteceunovale.com.br\\\/portal\\\/?p=164310\"]}]},{\"@type\":\"ImageObject\",\"inLanguage\":\"pt-BR\",\"@id\":\"https:\\\/\\\/aconteceunovale.com.br\\\/portal\\\/?p=164310#primaryimage\",\"url\":\"https:\\\/\\\/aconteceunovale.com.br\\\/portal\\\/wp-content\\\/uploads\\\/2020\\\/05\\\/corona_virus_sintomas.jpg\",\"contentUrl\":\"https:\\\/\\\/aconteceunovale.com.br\\\/portal\\\/wp-content\\\/uploads\\\/2020\\\/05\\\/corona_virus_sintomas.jpg\",\"width\":900,\"height\":506},{\"@type\":\"BreadcrumbList\",\"@id\":\"https:\\\/\\\/aconteceunovale.com.br\\\/portal\\\/?p=164310#breadcrumb\",\"itemListElement\":[{\"@type\":\"ListItem\",\"position\":1,\"name\":\"In\u00edcio\",\"item\":\"https:\\\/\\\/aconteceunovale.com.br\\\/portal\\\/\"},{\"@type\":\"ListItem\",\"position\":2,\"name\":\"Prefeitura de Carbonita confirma primeiro caso de Covid-19\"}]},{\"@type\":\"WebSite\",\"@id\":\"https:\\\/\\\/aconteceunovale.com.br\\\/portal\\\/#website\",\"url\":\"https:\\\/\\\/aconteceunovale.com.br\\\/portal\\\/\",\"name\":\"Aconteceu no Vale\",\"description\":\"Portal de Not\u00edcias\",\"potentialAction\":[{\"@type\":\"SearchAction\",\"target\":{\"@type\":\"EntryPoint\",\"urlTemplate\":\"https:\\\/\\\/aconteceunovale.com.br\\\/portal\\\/?s={search_term_string}\"},\"query-input\":{\"@type\":\"PropertyValueSpecification\",\"valueRequired\":true,\"valueName\":\"search_term_string\"}}],\"inLanguage\":\"pt-BR\"},{\"@type\":\"Person\",\"@id\":\"https:\\\/\\\/aconteceunovale.com.br\\\/portal\\\/#\\\/schema\\\/person\\\/633529146f2c94272bef50ac2953d589\",\"name\":\"Aconteceu no Vale\",\"description\":\"Equipe de reportagem do Aconteceu no Vale, portal de not\u00edcias do Vale do Jequitinhonha, em Minas Gerais. Cobrimos as 51 cidades do Vale desde 2013. Sugest\u00f5es de pauta e pedidos de corre\u00e7\u00e3o: contato@aconteceunovale.com.br\",\"sameAs\":[\"http:\\\/\\\/www.aconteceunovale.com.br\"],\"url\":\"https:\\\/\\\/aconteceunovale.com.br\\\/portal\\\/?author=1\"}]}<\/script>\n<!-- \/ Yoast SEO plugin. -->","yoast_head_json":{"title":"Prefeitura de Carbonita confirma primeiro caso de Covid-19 - Aconteceu no Vale","robots":{"index":"index","follow":"follow","max-snippet":"max-snippet:-1","max-image-preview":"max-image-preview:large","max-video-preview":"max-video-preview:-1"},"canonical":"https:\/\/aconteceunovale.com.br\/portal\/?p=164310","og_locale":"pt_BR","og_type":"article","og_title":"Prefeitura de Carbonita confirma primeiro caso de Covid-19 - Aconteceu no Vale","og_description":"A Prefeitura de Carbonita, no Vale do Jequitinhonha, confirmou nesta ter\u00e7a-feira (16\/6\/2020) o primeiro caso de Covid-19 (Novo Coronav\u00edrus). Trata-se de um estudante, de 20 anos, que retornou para o munic\u00edpio h\u00e1 mais de 90 dias. Segundo a Secretaria Municipal de Sa\u00fade, o paciente est\u00e1 em isolamento social desde o in\u00edcio dos sintomas e os [&hellip;]","og_url":"https:\/\/aconteceunovale.com.br\/portal\/?p=164310","og_site_name":"Aconteceu no Vale","article_publisher":"https:\/\/www.facebook.com\/aconteceunovale\/","article_published_time":"2020-06-17T02:03:32+00:00","article_modified_time":"2026-09-02T15:39:11+00:00","og_image":[{"width":900,"height":506,"url":"https:\/\/aconteceunovale.com.br\/portal\/wp-content\/uploads\/2020\/05\/corona_virus_sintomas.jpg","type":"image\/jpeg"}],"author":"Aconteceu no Vale","twitter_card":"summary_large_image","twitter_creator":"@noticiadosvales","twitter_site":"@noticiadosvales","twitter_misc":{"Escrito por":"Aconteceu no Vale","Est. tempo de leitura":"2 minutos"},"schema":{"@context":"https:\/\/schema.org","@graph":[{"@type":"Article","@id":"https:\/\/aconteceunovale.com.br\/portal\/?p=164310#article","isPartOf":{"@id":"https:\/\/aconteceunovale.com.br\/portal\/?p=164310"},"author":{"name":"Aconteceu no Vale","@id":"https:\/\/aconteceunovale.com.br\/portal\/#\/schema\/person\/633529146f2c94272bef50ac2953d589"},"headline":"Prefeitura de Carbonita confirma primeiro caso de Covid-19","datePublished":"2020-06-17T02:03:32+00:00","dateModified":"2026-09-02T15:39:11+00:00","mainEntityOfPage":{"@id":"https:\/\/aconteceunovale.com.br\/portal\/?p=164310"},"wordCount":313,"commentCount":0,"image":{"@id":"https:\/\/aconteceunovale.com.br\/portal\/?p=164310#primaryimage"},"thumbnailUrl":"https:\/\/aconteceunovale.com.br\/portal\/wp-content\/uploads\/2020\/05\/corona_virus_sintomas.jpg","keywords":["Carbonita","Caso de coronav\u00edrus em Carbonita","Coronav\u00edrus em Carbonita","Covid-19 em Carbonita","Prefeitura de Carbonita","Prefeitura de Carbonita confirma novos casos de Covid-19","Prefeitura de Carbonita confirma primeiro caso de Covid-19"],"articleSection":["Carbonita","Sa\u00fade","Vale do Jequitinhonha"],"inLanguage":"pt-BR","potentialAction":[{"@type":"CommentAction","name":"Comment","target":["https:\/\/aconteceunovale.com.br\/portal\/?p=164310#respond"]}]},{"@type":"WebPage","@id":"https:\/\/aconteceunovale.com.br\/portal\/?p=164310","url":"https:\/\/aconteceunovale.com.br\/portal\/?p=164310","name":"Prefeitura de Carbonita confirma primeiro caso de Covid-19 - Aconteceu no Vale","isPartOf":{"@id":"https:\/\/aconteceunovale.com.br\/portal\/#website"},"primaryImageOfPage":{"@id":"https:\/\/aconteceunovale.com.br\/portal\/?p=164310#primaryimage"},"image":{"@id":"https:\/\/aconteceunovale.com.br\/portal\/?p=164310#primaryimage"},"thumbnailUrl":"https:\/\/aconteceunovale.com.br\/portal\/wp-content\/uploads\/2020\/05\/corona_virus_sintomas.jpg","datePublished":"2020-06-17T02:03:32+00:00","dateModified":"2026-09-02T15:39:11+00:00","author":{"@id":"https:\/\/aconteceunovale.com.br\/portal\/#\/schema\/person\/633529146f2c94272bef50ac2953d589"},"breadcrumb":{"@id":"https:\/\/aconteceunovale.com.br\/portal\/?p=164310#breadcrumb"},"inLanguage":"pt-BR","potentialAction":[{"@type":"ReadAction","target":["https:\/\/aconteceunovale.com.br\/portal\/?p=164310"]}]},{"@type":"ImageObject","inLanguage":"pt-BR","@id":"https:\/\/aconteceunovale.com.br\/portal\/?p=164310#primaryimage","url":"https:\/\/aconteceunovale.com.br\/portal\/wp-content\/uploads\/2020\/05\/corona_virus_sintomas.jpg","contentUrl":"https:\/\/aconteceunovale.com.br\/portal\/wp-content\/uploads\/2020\/05\/corona_virus_sintomas.jpg","width":900,"height":506},{"@type":"BreadcrumbList","@id":"https:\/\/aconteceunovale.com.br\/portal\/?p=164310#breadcrumb","itemListElement":[{"@type":"ListItem","position":1,"name":"In\u00edcio","item":"https:\/\/aconteceunovale.com.br\/portal\/"},{"@type":"ListItem","position":2,"name":"Prefeitura de Carbonita confirma primeiro caso de Covid-19"}]},{"@type":"WebSite","@id":"https:\/\/aconteceunovale.com.br\/portal\/#website","url":"https:\/\/aconteceunovale.com.br\/portal\/","name":"Aconteceu no Vale","description":"Portal de Not\u00edcias","potentialAction":[{"@type":"SearchAction","target":{"@type":"EntryPoint","urlTemplate":"https:\/\/aconteceunovale.com.br\/portal\/?s={search_term_string}"},"query-input":{"@type":"PropertyValueSpecification","valueRequired":true,"valueName":"search_term_string"}}],"inLanguage":"pt-BR"},{"@type":"Person","@id":"https:\/\/aconteceunovale.com.br\/portal\/#\/schema\/person\/633529146f2c94272bef50ac2953d589","name":"Aconteceu no Vale","description":"Equipe de reportagem do Aconteceu no Vale, portal de not\u00edcias do Vale do Jequitinhonha, em Minas Gerais. Cobrimos as 51 cidades do Vale desde 2013. Sugest\u00f5es de pauta e pedidos de corre\u00e7\u00e3o: contato@aconteceunovale.com.br","sameAs":["http:\/\/www.aconteceunovale.com.br"],"url":"https:\/\/aconteceunovale.com.br\/portal\/?author=1"}]}},"_links":{"self":[{"href":"https:\/\/aconteceunovale.com.br\/portal\/index.php?rest_route=\/wp\/v2\/posts\/164310","targetHints":{"allow":["GET"]}}],"collection":[{"href":"https:\/\/aconteceunovale.com.br\/portal\/index.php?rest_route=\/wp\/v2\/posts"}],"about":[{"href":"https:\/\/aconteceunovale.com.br\/portal\/index.php?rest_route=\/wp\/v2\/types\/post"}],"author":[{"embeddable":true,"href":"https:\/\/aconteceunovale.com.br\/portal\/index.php?rest_route=\/wp\/v2\/users\/1"}],"replies":[{"embeddable":true,"href":"https:\/\/aconteceunovale.com.br\/portal\/index.php?rest_route=%2Fwp%2Fv2%2Fcomments&post=164310"}],"version-history":[{"count":1,"href":"https:\/\/aconteceunovale.com.br\/portal\/index.php?rest_route=\/wp\/v2\/posts\/164310\/revisions"}],"predecessor-version":[{"id":164311,"href":"https:\/\/aconteceunovale.com.br\/portal\/index.php?rest_route=\/wp\/v2\/posts\/164310\/revisions\/164311"}],"wp:featuredmedia":[{"embeddable":true,"href":"https:\/\/aconteceunovale.com.br\/portal\/index.php?rest_route=\/wp\/v2\/media\/162615"}],"wp:attachment":[{"href":"https:\/\/aconteceunovale.com.br\/portal\/index.php?rest_route=%2Fwp%2Fv2%2Fmedia&parent=164310"}],"wp:term":[{"taxonomy":"category","embeddable":true,"href":"https:\/\/aconteceunovale.com.br\/portal\/index.php?rest_route=%2Fwp%2Fv2%2Fcategories&post=164310"},{"taxonomy":"post_tag","embeddable":true,"href":"https:\/\/aconteceunovale.com.br\/portal\/index.php?rest_route=%2Fwp%2Fv2%2Ftags&post=164310"}],"curies":[{"name":"wp","href":"https:\/\/api.w.org\/{rel}","templated":true}]}}