{"id":164290,"date":"2020-06-16T21:34:01","date_gmt":"2020-06-17T00:34:01","guid":{"rendered":"https:\/\/aconteceunovale.com.br\/portal\/?p=164290"},"modified":"2020-06-16T21:34:12","modified_gmt":"2020-06-17T00:34:12","slug":"governo-de-minas-anuncia-a-entrega-de-500-respiradores","status":"publish","type":"post","link":"https:\/\/aconteceunovale.com.br\/portal\/?p=164290","title":{"rendered":"Governo de Minas anuncia a entrega de 500 respiradores"},"content":{"rendered":"\n<p class=\"wp-block-paragraph\">O governador Romeu Zema anunciou nesta ter\u00e7a-feira\u00a0(16\/6\/2020), na Cidade Administrativa, durante coletiva de imprensa virtual, a entrega de 500 respiradores. Deste total, 420 foram adquiridos com recursos da A\u00e7\u00e3o Civil P\u00fablica movida contra a Samarco e suas controladoras (Vale e BHP), a t\u00edtulo de garantia do rompimento da barragem da mineradora em 2015, em Mariana. Os 80 restantes foram disponibilizados pelo Minist\u00e9rio da Sa\u00fade.<\/p>\n\n\n\n<p class=\"wp-block-paragraph\">Romeu Zema explicou que cerca de 320 s\u00e3o considerados n\u00e3o invasivos (beira de leito). At\u00e9 o final do m\u00eas, o Estado receber\u00e1 mais 100 respiradores, que estavam previstos para chegar em julho. Somados aos 80 do governo federal, 500 ventiladores passar\u00e3o a equipar o sistema de Sa\u00fade do Estado.<\/p>\n\n\n\n<p class=\"wp-block-paragraph\">De acordo com Zema, dez respiradores j\u00e1 ser\u00e3o destinados para Governador Valadares (Vale do Rio Doce) e mais dez para Diamantina (Jequitinhonha).<\/p>\n\n\n\n<p class=\"wp-block-paragraph\">Os crit\u00e9rios para distribui\u00e7\u00e3o s\u00e3o o d\u00e9ficit de leitos de UTI para enfrentamento da covid-19, a taxa de ocupa\u00e7\u00e3o dos leitos de UTI, o percentual da popula\u00e7\u00e3o SUS dependente, a situa\u00e7\u00e3o epidemiol\u00f3gica da regi\u00e3o (velocidade de transmiss\u00e3o da doen\u00e7a e n\u00famero de casos novos) e a disponibilidade de amplia\u00e7\u00e3o de leitos apontado pela regi\u00e3o no plano de conting\u00eancia macrorregional.<\/p>\n\n\n\n<figure class=\"wp-block-gallery columns-1 is-cropped wp-block-gallery-1 is-layout-flex wp-block-gallery-is-layout-flex\"><ul class=\"blocks-gallery-grid\"><li class=\"blocks-gallery-item\"><figure><img loading=\"lazy\" decoding=\"async\" width=\"675\" height=\"450\" src=\"https:\/\/aconteceunovale.com.br\/portal\/wp-content\/uploads\/2020\/06\/respiradores_mg.jpg\" alt=\"\" data-id=\"164291\" data-full-url=\"https:\/\/aconteceunovale.com.br\/portal\/wp-content\/uploads\/2020\/06\/respiradores_mg.jpg\" data-link=\"https:\/\/aconteceunovale.com.br\/portal\/?attachment_id=164291\" class=\"wp-image-164291\" srcset=\"https:\/\/aconteceunovale.com.br\/portal\/wp-content\/uploads\/2020\/06\/respiradores_mg.jpg 675w, https:\/\/aconteceunovale.com.br\/portal\/wp-content\/uploads\/2020\/06\/respiradores_mg-300x200.jpg 300w, https:\/\/aconteceunovale.com.br\/portal\/wp-content\/uploads\/2020\/06\/respiradores_mg-630x420.jpg 630w\" sizes=\"auto, (max-width: 675px) 100vw, 675px\" \/><figcaption class=\"blocks-gallery-item__caption\"><em>Foto: Andr\u00e9 Cruz \/ Imprensa MG<\/em><\/figcaption><\/figure><\/li><\/ul><\/figure>\n\n\n\n<p class=\"wp-block-paragraph\"><strong>Justi\u00e7a<\/strong><\/p>\n\n\n\n<p class=\"wp-block-paragraph\">O advogado-geral do Estado, S\u00e9rgio Pessoa, destacou a orienta\u00e7\u00e3o do governador junto \u00e0\u00a0Advocacia-Geral do Estado (AGE)\u00a0no prop\u00f3sito de se articular e buscar no ambiente jur\u00eddico a possibilidade de adquirir insumos para o momento dif\u00edcil que o Estado e o pa\u00eds atravessam no combate \u00e0 pandemia.<\/p>\n\n\n\n<p class=\"wp-block-paragraph\">J\u00e1 o juiz federal M\u00e1rio de Paula Franco J\u00fanior, respons\u00e1vel pelo processo do desastre de Mariana, destacou a integra\u00e7\u00e3o entre a Justi\u00e7a Federal e o\u00a0Governo do Estado de Minas Gerais\u00a0neste momento tumultuado que o pa\u00eds vem enfrentando.<\/p>\n\n\n\n<p class=\"wp-block-paragraph\">\u201cO Governo de Minas tem sido um porto seguro para que, no \u00e2mbito do processo da Samarco e do desastre de Mariana, n\u00f3s consigamos fazer com que isso, que tanto sofrimento e tanta dor trouxe aos mineiros, possa se reverter em alguma medida no atendimento ao interesse p\u00fablico\u201d, avaliou.<\/p>\n\n\n\n<p class=\"wp-block-paragraph\"><strong>Leitos<\/strong><\/p>\n\n\n\n<p class=\"wp-block-paragraph\">Na ocasi\u00e3o, o governador tamb\u00e9m anunciou mais 79 novos leitos de UTI nos seguintes munic\u00edpios: Lavras, Ita\u00fana, Ipatinga, Patroc\u00ednio, S\u00e3o Sebasti\u00e3o do Para\u00edso, Divin\u00f3polis, Ouro Preto, Jo\u00e3o Monlevade, Governador Valadares, Una\u00ed, Te\u00f3filo Otoni, Salinas, Taiobeiras, Lagoa da Prata e Conselheiro Lafaiete.<\/p>\n\n\n\n<p class=\"wp-block-paragraph\">Desta forma, o Estado passa a contar com 2.964 novos leitos de UTI. \u201cHoje, a situa\u00e7\u00e3o da estrutura do Estado \u00e9 muito superior \u00e0 situa\u00e7\u00e3o de 90 dias atr\u00e1s, no in\u00edcio da pandemia\u201d, lembrou o governador.&nbsp; &nbsp;<\/p>\n\n\n\n<p class=\"wp-block-paragraph\">Zema destacou, ainda, que a estrutura de Sa\u00fade de Minas Gerais, principalmente os hospitais da\u00a0Rede Fhemig, est\u00e1 concentrada em Belo Horizonte. Com isso, \u00e9 natural e explicado historicamente que pacientes do interior venham para a capital em busca de tratamentos de maior complexidade.<\/p>\n\n\n\n<p class=\"wp-block-paragraph\">&#8220;A alega\u00e7\u00e3o de que a capital est\u00e1 sobrecarregada devido a vinda desses pacientes do interior n\u00e3o procede. Essa demanda \u00e9 hist\u00f3rica. O SUS \u00e9 muito anterior ao meu governo. Ali\u00e1s, os hospitais foram constru\u00eddos aqui com essa finalidade&#8221;, explicou.<\/p>\n\n\n\n<p class=\"has-background has-very-light-gray-background-color wp-block-paragraph\">Quer saber as not\u00edcias do <strong>Aconteceu no Vale<\/strong> em primeira m\u00e3o? Siga-nos no Facebook <a rel=\"noreferrer noopener\" href=\"http:\/\/facebook.com\/aconteceunovale\" target=\"_blank\">@aconteceunovale<\/a>, Twitter <a rel=\"noreferrer noopener\" href=\"https:\/\/twitter.com\/noticiadosvales\" target=\"_blank\">@noticiadosvales<\/a> e Instagram <a rel=\"noreferrer noopener\" href=\"https:\/\/www.instagram.com\/aconteceunovale\" target=\"_blank\">@aconteceunovale<\/a>.<\/p>\n","protected":false},"excerpt":{"rendered":"<p>O governador Romeu Zema anunciou nesta ter\u00e7a-feira\u00a0(16\/6\/2020), na Cidade Administrativa, durante coletiva de imprensa virtual, a entrega de 500 respiradores. Deste total, 420 foram adquiridos com recursos da A\u00e7\u00e3o Civil P\u00fablica movida contra a Samarco e suas controladoras (Vale e BHP), a t\u00edtulo de garantia do rompimento da barragem da mineradora em 2015, em Mariana. [&hellip;]<\/p>\n","protected":false},"author":1,"featured_media":164291,"comment_status":"open","ping_status":"closed","sticky":false,"template":"","format":"standard","meta":{"amp_status":"","footnotes":""},"categories":[123,1236,40242,120,122],"tags":[217799,219851,219853,1528,214884,216498,221718,1018,198,199,222716,247,223800,201,1512,1102,1509,207,219855,215653,223801,221717,219854,219852,211,217692,1489,221719,190,1548,220285,220287,220286,419,164,222,222090],"class_list":["post-164290","post","type-post","status-publish","format-standard","has-post-thumbnail","hentry","category-gerais","category-norte_de_minas","category-saude-2","category-jequi","category-mucuri","tag-casos-de-coronavirus-em-minas-gerais","tag-casos-de-covid-19-em-minas-gerais","tag-cidades-com-casos-de-coronavirus-em-minas-gerais","tag-conselheiro-lafaiete","tag-coronavirus","tag-covid-19","tag-curados-do-coronavirus-em-minas-gerais","tag-destaque","tag-diamantina","tag-divinopolis","tag-entrega-de-respiradores-em-minas-gerais","tag-governador-valadares","tag-governo-de-minas-anuncia-a-entrega-de-500-respiradores","tag-ipatinga","tag-itauna","tag-joao-monlevade","tag-lagoa-da-prata","tag-lavras","tag-mortes-por-coronavirus-em-minas-gerais","tag-novo-coronavirus","tag-novos-leitos-de-uti-em-minas-gerais","tag-numero-de-curados-do-coronavirus-em-minas-gerais","tag-numeros-do-coronavirus-em-minas-gerais","tag-obitos-por-coronavirus-em-minas-gerias","tag-ouro-preto","tag-pandemia-de-coronavirus","tag-patrocinio","tag-recuperados-do-coronavirus-em-minas-gerais","tag-salinas","tag-sao-sebastiao-do-paraiso","tag-secretaria-de-saude-atualiza-numeros-do-coronavirus-em-minas-gerais","tag-secretaria-de-saude-de-minas-gerais-atualiza-numeros-do-coronavirus","tag-ses-mg-atualiza-numeros-do-coronavirus","tag-taiobeiras","tag-teofilo-otoni","tag-unai","tag-uti-em-minas-gerais"],"yoast_head":"<!-- This site is optimized with the Yoast SEO plugin v28.3 - https:\/\/yoast.com\/product\/yoast-seo-wordpress\/ -->\n<title>Governo de Minas anuncia a entrega de 500 respiradores - Aconteceu no Vale<\/title>\n<meta name=\"robots\" content=\"index, follow, max-snippet:-1, max-image-preview:large, max-video-preview:-1\" \/>\n<link rel=\"canonical\" href=\"https:\/\/aconteceunovale.com.br\/portal\/?p=164290\" \/>\n<meta property=\"og:locale\" content=\"pt_BR\" \/>\n<meta property=\"og:type\" content=\"article\" \/>\n<meta property=\"og:title\" content=\"Governo de Minas anuncia a entrega de 500 respiradores - Aconteceu no Vale\" \/>\n<meta property=\"og:description\" content=\"O governador Romeu Zema anunciou nesta ter\u00e7a-feira\u00a0(16\/6\/2020), na Cidade Administrativa, durante coletiva de imprensa virtual, a entrega de 500 respiradores. Deste total, 420 foram adquiridos com recursos da A\u00e7\u00e3o Civil P\u00fablica movida contra a Samarco e suas controladoras (Vale e BHP), a t\u00edtulo de garantia do rompimento da barragem da mineradora em 2015, em Mariana. [&hellip;]\" \/>\n<meta property=\"og:url\" content=\"https:\/\/aconteceunovale.com.br\/portal\/?p=164290\" \/>\n<meta property=\"og:site_name\" content=\"Aconteceu no Vale\" \/>\n<meta property=\"article:publisher\" content=\"https:\/\/www.facebook.com\/aconteceunovale\/\" \/>\n<meta property=\"article:published_time\" content=\"2020-06-17T00:34:01+00:00\" \/>\n<meta property=\"article:modified_time\" content=\"2020-06-17T00:34:12+00:00\" \/>\n<meta property=\"og:image\" content=\"https:\/\/aconteceunovale.com.br\/portal\/wp-content\/uploads\/2020\/06\/respiradores_mg.jpg\" \/>\n\t<meta property=\"og:image:width\" content=\"675\" \/>\n\t<meta property=\"og:image:height\" content=\"450\" \/>\n\t<meta property=\"og:image:type\" content=\"image\/jpeg\" \/>\n<meta name=\"author\" content=\"Aconteceu no Vale\" \/>\n<meta name=\"twitter:card\" content=\"summary_large_image\" \/>\n<meta name=\"twitter:creator\" content=\"@noticiadosvales\" \/>\n<meta name=\"twitter:site\" content=\"@noticiadosvales\" \/>\n<meta name=\"twitter:label1\" content=\"Escrito por\" \/>\n\t<meta name=\"twitter:data1\" content=\"Aconteceu no Vale\" \/>\n\t<meta name=\"twitter:label2\" content=\"Est. tempo de leitura\" \/>\n\t<meta name=\"twitter:data2\" content=\"3 minutos\" \/>\n<script type=\"application\/ld+json\" class=\"yoast-schema-graph\">{\"@context\":\"https:\\\/\\\/schema.org\",\"@graph\":[{\"@type\":\"Article\",\"@id\":\"https:\\\/\\\/aconteceunovale.com.br\\\/portal\\\/?p=164290#article\",\"isPartOf\":{\"@id\":\"https:\\\/\\\/aconteceunovale.com.br\\\/portal\\\/?p=164290\"},\"author\":{\"name\":\"Aconteceu no Vale\",\"@id\":\"https:\\\/\\\/aconteceunovale.com.br\\\/portal\\\/#\\\/schema\\\/person\\\/633529146f2c94272bef50ac2953d589\"},\"headline\":\"Governo de Minas anuncia a entrega de 500 respiradores\",\"datePublished\":\"2020-06-17T00:34:01+00:00\",\"dateModified\":\"2020-06-17T00:34:12+00:00\",\"mainEntityOfPage\":{\"@id\":\"https:\\\/\\\/aconteceunovale.com.br\\\/portal\\\/?p=164290\"},\"wordCount\":573,\"commentCount\":0,\"image\":{\"@id\":\"https:\\\/\\\/aconteceunovale.com.br\\\/portal\\\/?p=164290#primaryimage\"},\"thumbnailUrl\":\"https:\\\/\\\/aconteceunovale.com.br\\\/portal\\\/wp-content\\\/uploads\\\/2020\\\/06\\\/respiradores_mg.jpg\",\"keywords\":[\"Casos de coronav\u00edrus em Minas Gerais\",\"Casos de covid-19 em Minas Gerais\",\"Cidades com casos de coronav\u00edrus em Minas Gerais\",\"Conselheiro Lafaiete\",\"Coronav\u00edrus\",\"COVID-19\",\"Curados do coronav\u00edrus em Minas Gerais\",\"destaque\",\"Diamantina\",\"Divin\u00f3polis\",\"Entrega de respiradores em Minas Gerais\",\"Governador Valadares\",\"Governo de Minas anuncia a entrega de 500 respiradores\",\"Ipatinga\",\"Ita\u00fana\",\"Jo\u00e3o Monlevade\",\"Lagoa da Prata\",\"Lavras\",\"Mortes por coronav\u00edrus em Minas Gerais\",\"Novo coronav\u00edrus\",\"Novos leitos de Uti em Minas Gerais\",\"N\u00famero de curados do coronav\u00edrus em Minas Gerais\",\"N\u00fameros do coronav\u00edrus em Minas Gerais\",\"\u00d3bitos por coronav\u00edrus em Minas Gerias\",\"Ouro Preto\",\"Pandemia de coronav\u00edrus\",\"Patroc\u00ednio\",\"Recuperados do coronav\u00edrus em Minas Gerais\",\"Salinas\",\"S\u00e3o Sebasti\u00e3o do Para\u00edso\",\"Secretaria de Sa\u00fade atualiza n\u00fameros do coronav\u00edrus em Minas Gerais\",\"Secretaria de Sa\u00fade de Minas Gerais atualiza n\u00fameros do coronav\u00edrus\",\"SES-MG atualiza n\u00fameros do coronav\u00edrus\",\"Taiobeiras\",\"Te\u00f3filo Otoni\",\"Una\u00ed\",\"UTI em Minas Gerais\"],\"articleSection\":[\"Minas Gerais\",\"Norte de Minas\",\"Sa\u00fade\",\"Vale do Jequitinhonha\",\"Vale do Mucuri\"],\"inLanguage\":\"pt-BR\",\"potentialAction\":[{\"@type\":\"CommentAction\",\"name\":\"Comment\",\"target\":[\"https:\\\/\\\/aconteceunovale.com.br\\\/portal\\\/?p=164290#respond\"]}]},{\"@type\":\"WebPage\",\"@id\":\"https:\\\/\\\/aconteceunovale.com.br\\\/portal\\\/?p=164290\",\"url\":\"https:\\\/\\\/aconteceunovale.com.br\\\/portal\\\/?p=164290\",\"name\":\"Governo de Minas anuncia a entrega de 500 respiradores - Aconteceu no Vale\",\"isPartOf\":{\"@id\":\"https:\\\/\\\/aconteceunovale.com.br\\\/portal\\\/#website\"},\"primaryImageOfPage\":{\"@id\":\"https:\\\/\\\/aconteceunovale.com.br\\\/portal\\\/?p=164290#primaryimage\"},\"image\":{\"@id\":\"https:\\\/\\\/aconteceunovale.com.br\\\/portal\\\/?p=164290#primaryimage\"},\"thumbnailUrl\":\"https:\\\/\\\/aconteceunovale.com.br\\\/portal\\\/wp-content\\\/uploads\\\/2020\\\/06\\\/respiradores_mg.jpg\",\"datePublished\":\"2020-06-17T00:34:01+00:00\",\"dateModified\":\"2020-06-17T00:34:12+00:00\",\"author\":{\"@id\":\"https:\\\/\\\/aconteceunovale.com.br\\\/portal\\\/#\\\/schema\\\/person\\\/633529146f2c94272bef50ac2953d589\"},\"breadcrumb\":{\"@id\":\"https:\\\/\\\/aconteceunovale.com.br\\\/portal\\\/?p=164290#breadcrumb\"},\"inLanguage\":\"pt-BR\",\"potentialAction\":[{\"@type\":\"ReadAction\",\"target\":[\"https:\\\/\\\/aconteceunovale.com.br\\\/portal\\\/?p=164290\"]}]},{\"@type\":\"ImageObject\",\"inLanguage\":\"pt-BR\",\"@id\":\"https:\\\/\\\/aconteceunovale.com.br\\\/portal\\\/?p=164290#primaryimage\",\"url\":\"https:\\\/\\\/aconteceunovale.com.br\\\/portal\\\/wp-content\\\/uploads\\\/2020\\\/06\\\/respiradores_mg.jpg\",\"contentUrl\":\"https:\\\/\\\/aconteceunovale.com.br\\\/portal\\\/wp-content\\\/uploads\\\/2020\\\/06\\\/respiradores_mg.jpg\",\"width\":675,\"height\":450},{\"@type\":\"BreadcrumbList\",\"@id\":\"https:\\\/\\\/aconteceunovale.com.br\\\/portal\\\/?p=164290#breadcrumb\",\"itemListElement\":[{\"@type\":\"ListItem\",\"position\":1,\"name\":\"In\u00edcio\",\"item\":\"https:\\\/\\\/aconteceunovale.com.br\\\/portal\\\/\"},{\"@type\":\"ListItem\",\"position\":2,\"name\":\"Governo de Minas anuncia a entrega de 500 respiradores\"}]},{\"@type\":\"WebSite\",\"@id\":\"https:\\\/\\\/aconteceunovale.com.br\\\/portal\\\/#website\",\"url\":\"https:\\\/\\\/aconteceunovale.com.br\\\/portal\\\/\",\"name\":\"Aconteceu no Vale\",\"description\":\"Portal de Not\u00edcias\",\"potentialAction\":[{\"@type\":\"SearchAction\",\"target\":{\"@type\":\"EntryPoint\",\"urlTemplate\":\"https:\\\/\\\/aconteceunovale.com.br\\\/portal\\\/?s={search_term_string}\"},\"query-input\":{\"@type\":\"PropertyValueSpecification\",\"valueRequired\":true,\"valueName\":\"search_term_string\"}}],\"inLanguage\":\"pt-BR\"},{\"@type\":\"Person\",\"@id\":\"https:\\\/\\\/aconteceunovale.com.br\\\/portal\\\/#\\\/schema\\\/person\\\/633529146f2c94272bef50ac2953d589\",\"name\":\"Aconteceu no Vale\",\"description\":\"Equipe de reportagem do Aconteceu no Vale, portal de not\u00edcias do Vale do Jequitinhonha, em Minas Gerais. Cobrimos as 51 cidades do Vale desde 2013. Sugest\u00f5es de pauta e pedidos de corre\u00e7\u00e3o: contato@aconteceunovale.com.br\",\"sameAs\":[\"http:\\\/\\\/www.aconteceunovale.com.br\"],\"url\":\"https:\\\/\\\/aconteceunovale.com.br\\\/portal\\\/?author=1\"}]}<\/script>\n<!-- \/ Yoast SEO plugin. -->","yoast_head_json":{"title":"Governo de Minas anuncia a entrega de 500 respiradores - Aconteceu no Vale","robots":{"index":"index","follow":"follow","max-snippet":"max-snippet:-1","max-image-preview":"max-image-preview:large","max-video-preview":"max-video-preview:-1"},"canonical":"https:\/\/aconteceunovale.com.br\/portal\/?p=164290","og_locale":"pt_BR","og_type":"article","og_title":"Governo de Minas anuncia a entrega de 500 respiradores - Aconteceu no Vale","og_description":"O governador Romeu Zema anunciou nesta ter\u00e7a-feira\u00a0(16\/6\/2020), na Cidade Administrativa, durante coletiva de imprensa virtual, a entrega de 500 respiradores. Deste total, 420 foram adquiridos com recursos da A\u00e7\u00e3o Civil P\u00fablica movida contra a Samarco e suas controladoras (Vale e BHP), a t\u00edtulo de garantia do rompimento da barragem da mineradora em 2015, em Mariana. [&hellip;]","og_url":"https:\/\/aconteceunovale.com.br\/portal\/?p=164290","og_site_name":"Aconteceu no Vale","article_publisher":"https:\/\/www.facebook.com\/aconteceunovale\/","article_published_time":"2020-06-17T00:34:01+00:00","article_modified_time":"2020-06-17T00:34:12+00:00","og_image":[{"width":675,"height":450,"url":"https:\/\/aconteceunovale.com.br\/portal\/wp-content\/uploads\/2020\/06\/respiradores_mg.jpg","type":"image\/jpeg"}],"author":"Aconteceu no Vale","twitter_card":"summary_large_image","twitter_creator":"@noticiadosvales","twitter_site":"@noticiadosvales","twitter_misc":{"Escrito por":"Aconteceu no Vale","Est. tempo de leitura":"3 minutos"},"schema":{"@context":"https:\/\/schema.org","@graph":[{"@type":"Article","@id":"https:\/\/aconteceunovale.com.br\/portal\/?p=164290#article","isPartOf":{"@id":"https:\/\/aconteceunovale.com.br\/portal\/?p=164290"},"author":{"name":"Aconteceu no Vale","@id":"https:\/\/aconteceunovale.com.br\/portal\/#\/schema\/person\/633529146f2c94272bef50ac2953d589"},"headline":"Governo de Minas anuncia a entrega de 500 respiradores","datePublished":"2020-06-17T00:34:01+00:00","dateModified":"2020-06-17T00:34:12+00:00","mainEntityOfPage":{"@id":"https:\/\/aconteceunovale.com.br\/portal\/?p=164290"},"wordCount":573,"commentCount":0,"image":{"@id":"https:\/\/aconteceunovale.com.br\/portal\/?p=164290#primaryimage"},"thumbnailUrl":"https:\/\/aconteceunovale.com.br\/portal\/wp-content\/uploads\/2020\/06\/respiradores_mg.jpg","keywords":["Casos de coronav\u00edrus em Minas Gerais","Casos de covid-19 em Minas Gerais","Cidades com casos de coronav\u00edrus em Minas Gerais","Conselheiro Lafaiete","Coronav\u00edrus","COVID-19","Curados do coronav\u00edrus em Minas Gerais","destaque","Diamantina","Divin\u00f3polis","Entrega de respiradores em Minas Gerais","Governador Valadares","Governo de Minas anuncia a entrega de 500 respiradores","Ipatinga","Ita\u00fana","Jo\u00e3o Monlevade","Lagoa da Prata","Lavras","Mortes por coronav\u00edrus em Minas Gerais","Novo coronav\u00edrus","Novos leitos de Uti em Minas Gerais","N\u00famero de curados do coronav\u00edrus em Minas Gerais","N\u00fameros do coronav\u00edrus em Minas Gerais","\u00d3bitos por coronav\u00edrus em Minas Gerias","Ouro Preto","Pandemia de coronav\u00edrus","Patroc\u00ednio","Recuperados do coronav\u00edrus em Minas Gerais","Salinas","S\u00e3o Sebasti\u00e3o do Para\u00edso","Secretaria de Sa\u00fade atualiza n\u00fameros do coronav\u00edrus em Minas Gerais","Secretaria de Sa\u00fade de Minas Gerais atualiza n\u00fameros do coronav\u00edrus","SES-MG atualiza n\u00fameros do coronav\u00edrus","Taiobeiras","Te\u00f3filo Otoni","Una\u00ed","UTI em Minas Gerais"],"articleSection":["Minas Gerais","Norte de Minas","Sa\u00fade","Vale do Jequitinhonha","Vale do Mucuri"],"inLanguage":"pt-BR","potentialAction":[{"@type":"CommentAction","name":"Comment","target":["https:\/\/aconteceunovale.com.br\/portal\/?p=164290#respond"]}]},{"@type":"WebPage","@id":"https:\/\/aconteceunovale.com.br\/portal\/?p=164290","url":"https:\/\/aconteceunovale.com.br\/portal\/?p=164290","name":"Governo de Minas anuncia a entrega de 500 respiradores - Aconteceu no Vale","isPartOf":{"@id":"https:\/\/aconteceunovale.com.br\/portal\/#website"},"primaryImageOfPage":{"@id":"https:\/\/aconteceunovale.com.br\/portal\/?p=164290#primaryimage"},"image":{"@id":"https:\/\/aconteceunovale.com.br\/portal\/?p=164290#primaryimage"},"thumbnailUrl":"https:\/\/aconteceunovale.com.br\/portal\/wp-content\/uploads\/2020\/06\/respiradores_mg.jpg","datePublished":"2020-06-17T00:34:01+00:00","dateModified":"2020-06-17T00:34:12+00:00","author":{"@id":"https:\/\/aconteceunovale.com.br\/portal\/#\/schema\/person\/633529146f2c94272bef50ac2953d589"},"breadcrumb":{"@id":"https:\/\/aconteceunovale.com.br\/portal\/?p=164290#breadcrumb"},"inLanguage":"pt-BR","potentialAction":[{"@type":"ReadAction","target":["https:\/\/aconteceunovale.com.br\/portal\/?p=164290"]}]},{"@type":"ImageObject","inLanguage":"pt-BR","@id":"https:\/\/aconteceunovale.com.br\/portal\/?p=164290#primaryimage","url":"https:\/\/aconteceunovale.com.br\/portal\/wp-content\/uploads\/2020\/06\/respiradores_mg.jpg","contentUrl":"https:\/\/aconteceunovale.com.br\/portal\/wp-content\/uploads\/2020\/06\/respiradores_mg.jpg","width":675,"height":450},{"@type":"BreadcrumbList","@id":"https:\/\/aconteceunovale.com.br\/portal\/?p=164290#breadcrumb","itemListElement":[{"@type":"ListItem","position":1,"name":"In\u00edcio","item":"https:\/\/aconteceunovale.com.br\/portal\/"},{"@type":"ListItem","position":2,"name":"Governo de Minas anuncia a entrega de 500 respiradores"}]},{"@type":"WebSite","@id":"https:\/\/aconteceunovale.com.br\/portal\/#website","url":"https:\/\/aconteceunovale.com.br\/portal\/","name":"Aconteceu no Vale","description":"Portal de Not\u00edcias","potentialAction":[{"@type":"SearchAction","target":{"@type":"EntryPoint","urlTemplate":"https:\/\/aconteceunovale.com.br\/portal\/?s={search_term_string}"},"query-input":{"@type":"PropertyValueSpecification","valueRequired":true,"valueName":"search_term_string"}}],"inLanguage":"pt-BR"},{"@type":"Person","@id":"https:\/\/aconteceunovale.com.br\/portal\/#\/schema\/person\/633529146f2c94272bef50ac2953d589","name":"Aconteceu no Vale","description":"Equipe de reportagem do Aconteceu no Vale, portal de not\u00edcias do Vale do Jequitinhonha, em Minas Gerais. Cobrimos as 51 cidades do Vale desde 2013. Sugest\u00f5es de pauta e pedidos de corre\u00e7\u00e3o: contato@aconteceunovale.com.br","sameAs":["http:\/\/www.aconteceunovale.com.br"],"url":"https:\/\/aconteceunovale.com.br\/portal\/?author=1"}]}},"_links":{"self":[{"href":"https:\/\/aconteceunovale.com.br\/portal\/index.php?rest_route=\/wp\/v2\/posts\/164290","targetHints":{"allow":["GET"]}}],"collection":[{"href":"https:\/\/aconteceunovale.com.br\/portal\/index.php?rest_route=\/wp\/v2\/posts"}],"about":[{"href":"https:\/\/aconteceunovale.com.br\/portal\/index.php?rest_route=\/wp\/v2\/types\/post"}],"author":[{"embeddable":true,"href":"https:\/\/aconteceunovale.com.br\/portal\/index.php?rest_route=\/wp\/v2\/users\/1"}],"replies":[{"embeddable":true,"href":"https:\/\/aconteceunovale.com.br\/portal\/index.php?rest_route=%2Fwp%2Fv2%2Fcomments&post=164290"}],"version-history":[{"count":1,"href":"https:\/\/aconteceunovale.com.br\/portal\/index.php?rest_route=\/wp\/v2\/posts\/164290\/revisions"}],"predecessor-version":[{"id":164292,"href":"https:\/\/aconteceunovale.com.br\/portal\/index.php?rest_route=\/wp\/v2\/posts\/164290\/revisions\/164292"}],"wp:featuredmedia":[{"embeddable":true,"href":"https:\/\/aconteceunovale.com.br\/portal\/index.php?rest_route=\/wp\/v2\/media\/164291"}],"wp:attachment":[{"href":"https:\/\/aconteceunovale.com.br\/portal\/index.php?rest_route=%2Fwp%2Fv2%2Fmedia&parent=164290"}],"wp:term":[{"taxonomy":"category","embeddable":true,"href":"https:\/\/aconteceunovale.com.br\/portal\/index.php?rest_route=%2Fwp%2Fv2%2Fcategories&post=164290"},{"taxonomy":"post_tag","embeddable":true,"href":"https:\/\/aconteceunovale.com.br\/portal\/index.php?rest_route=%2Fwp%2Fv2%2Ftags&post=164290"}],"curies":[{"name":"wp","href":"https:\/\/api.w.org\/{rel}","templated":true}]}}