{"id":164288,"date":"2020-06-16T21:25:03","date_gmt":"2020-06-17T00:25:03","guid":{"rendered":"https:\/\/aconteceunovale.com.br\/portal\/?p=164288"},"modified":"2020-06-16T21:25:16","modified_gmt":"2020-06-17T00:25:16","slug":"policia-civil-conclui-investigacoes-de-homicidio-em-governador-valadares-2","status":"publish","type":"post","link":"https:\/\/aconteceunovale.com.br\/portal\/?p=164288","title":{"rendered":"Pol\u00edcia Civil conclui investiga\u00e7\u00f5es de homic\u00eddio em Governador Valadares"},"content":{"rendered":"\n<p class=\"wp-block-paragraph\">A Pol\u00edcia Civil de Minas Gerais (PCMG) concluiu, esta semana, as investiga\u00e7\u00f5es que apuraram o assassinato de Henrique Batista Rodrigues, de 23 anos, morto a tiros no bairro Esperan\u00e7a, em Governador Valadares, no dia 21 de abril deste ano. De acordo com laudo m\u00e9dico-legal, a v\u00edtima sofreu v\u00e1rias les\u00f5es ap\u00f3s ser atingida no rosto, na cabe\u00e7a, no t\u00f3rax e no bra\u00e7o, morrendo ainda no local.<\/p>\n\n\n\n<p class=\"wp-block-paragraph\">Segundo o apurado, no dia dos fatos a v\u00edtima estava sentada do lado de fora de um estabelecimento comercial, em companhia do irm\u00e3o g\u00eameo, quando o suspeito, de 18 anos, entrou no estabelecimento. O homem chegou a cumprimentar os irm\u00e3os, mas, quando deixava o local, disparou v\u00e1rias vezes contra Henrique.<\/p>\n\n\n\n<p class=\"wp-block-paragraph\">Conforme avan\u00e7aram as investiga\u00e7\u00f5es, a PCMG representou pela pris\u00e3o tempor\u00e1ria do suspeito, que foi preso no dia 15 de maio. Na ocasi\u00e3o, durante interrogat\u00f3rio, o investigado confessou a autoria do crime, alegando ter matado a v\u00edtima devido a amea\u00e7as que teria recebido. Atualmente, o suspeito permanece preso por mandado de pris\u00e3o preventiva, expedido pela justi\u00e7a no dia 12 de junho.<\/p>\n\n\n\n<p class=\"wp-block-paragraph\">Para o Delegado Luciano Cunha de Lima, que conduziu as investiga\u00e7\u00f5es, \u201ca vers\u00e3o apresentada pelo suspeito n\u00e3o condiz com os demais elementos de informa\u00e7\u00e3o trazidos aos autos, pois h\u00e1 fortes ind\u00edcios de que o suspeito praticou o crime a mando de outra pessoa, a qual estaria envolvida com o tr\u00e1fico de drogas no bairro Santa Helena, fato que continua sendo investigado em outro inqu\u00e9rito policial em andamento\u201d.<\/p>\n\n\n\n<p class=\"has-background has-very-light-gray-background-color wp-block-paragraph\">Quer saber as not\u00edcias do <strong>Aconteceu no Vale<\/strong> em primeira m\u00e3o? Siga-nos no Facebook <a rel=\"noreferrer noopener\" href=\"http:\/\/facebook.com\/aconteceunovale\" target=\"_blank\">@aconteceunovale<\/a>, Twitter <a rel=\"noreferrer noopener\" href=\"https:\/\/twitter.com\/noticiadosvales\" target=\"_blank\">@noticiadosvales<\/a> e Instagram <a rel=\"noreferrer noopener\" href=\"https:\/\/www.instagram.com\/aconteceunovale\" target=\"_blank\">@aconteceunovale<\/a>.<\/p>\n","protected":false},"excerpt":{"rendered":"<p>A Pol\u00edcia Civil de Minas Gerais (PCMG) concluiu, esta semana, as investiga\u00e7\u00f5es que apuraram o assassinato de Henrique Batista Rodrigues, de 23 anos, morto a tiros no bairro Esperan\u00e7a, em Governador Valadares, no dia 21 de abril deste ano. De acordo com laudo m\u00e9dico-legal, a v\u00edtima sofreu v\u00e1rias les\u00f5es ap\u00f3s ser atingida no rosto, na [&hellip;]<\/p>\n","protected":false},"author":1,"featured_media":163142,"comment_status":"open","ping_status":"closed","sticky":false,"template":"","format":"standard","meta":{"amp_status":"","footnotes":""},"categories":[121],"tags":[44655,175524,247,223799,8180,58486,604,201262,44644],"class_list":["post-164288","post","type-post","status-publish","format-standard","has-post-thumbnail","hentry","category-leste","tag-assassinado-em-governador-valadares","tag-delegado-luciano-cunha-de-lima","tag-governador-valadares","tag-henrique-batista-rodrigues","tag-homicidio-em-governador-valadares","tag-jovem-morto-em-governador-valadares","tag-pcmg","tag-policia-civil-conclui-investigacoes-de-homicidio-em-governador-valadares","tag-policia-civil-de-minas-gerais"],"yoast_head":"<!-- This site is optimized with the Yoast SEO plugin v28.3 - https:\/\/yoast.com\/product\/yoast-seo-wordpress\/ -->\n<title>Pol\u00edcia Civil conclui investiga\u00e7\u00f5es de homic\u00eddio em Governador Valadares - Aconteceu no Vale<\/title>\n<meta name=\"robots\" content=\"index, follow, max-snippet:-1, max-image-preview:large, max-video-preview:-1\" \/>\n<link rel=\"canonical\" href=\"https:\/\/aconteceunovale.com.br\/portal\/?p=164288\" \/>\n<meta property=\"og:locale\" content=\"pt_BR\" \/>\n<meta property=\"og:type\" content=\"article\" \/>\n<meta property=\"og:title\" content=\"Pol\u00edcia Civil conclui investiga\u00e7\u00f5es de homic\u00eddio em Governador Valadares - Aconteceu no Vale\" \/>\n<meta property=\"og:description\" content=\"A Pol\u00edcia Civil de Minas Gerais (PCMG) concluiu, esta semana, as investiga\u00e7\u00f5es que apuraram o assassinato de Henrique Batista Rodrigues, de 23 anos, morto a tiros no bairro Esperan\u00e7a, em Governador Valadares, no dia 21 de abril deste ano. De acordo com laudo m\u00e9dico-legal, a v\u00edtima sofreu v\u00e1rias les\u00f5es ap\u00f3s ser atingida no rosto, na [&hellip;]\" \/>\n<meta property=\"og:url\" content=\"https:\/\/aconteceunovale.com.br\/portal\/?p=164288\" \/>\n<meta property=\"og:site_name\" content=\"Aconteceu no Vale\" \/>\n<meta property=\"article:publisher\" content=\"https:\/\/www.facebook.com\/aconteceunovale\/\" \/>\n<meta property=\"article:published_time\" content=\"2020-06-17T00:25:03+00:00\" \/>\n<meta property=\"article:modified_time\" content=\"2020-06-17T00:25:16+00:00\" \/>\n<meta property=\"og:image\" content=\"https:\/\/aconteceunovale.com.br\/portal\/wp-content\/uploads\/2020\/05\/valadares_pico.png\" \/>\n\t<meta property=\"og:image:width\" content=\"678\" \/>\n\t<meta property=\"og:image:height\" content=\"362\" \/>\n\t<meta property=\"og:image:type\" content=\"image\/png\" \/>\n<meta name=\"author\" content=\"Aconteceu no Vale\" \/>\n<meta name=\"twitter:card\" content=\"summary_large_image\" \/>\n<meta name=\"twitter:creator\" content=\"@noticiadosvales\" \/>\n<meta name=\"twitter:site\" content=\"@noticiadosvales\" \/>\n<meta name=\"twitter:label1\" content=\"Escrito por\" \/>\n\t<meta name=\"twitter:data1\" content=\"Aconteceu no Vale\" \/>\n\t<meta name=\"twitter:label2\" content=\"Est. tempo de leitura\" \/>\n\t<meta name=\"twitter:data2\" content=\"1 minuto\" \/>\n<script type=\"application\/ld+json\" class=\"yoast-schema-graph\">{\"@context\":\"https:\\\/\\\/schema.org\",\"@graph\":[{\"@type\":\"Article\",\"@id\":\"https:\\\/\\\/aconteceunovale.com.br\\\/portal\\\/?p=164288#article\",\"isPartOf\":{\"@id\":\"https:\\\/\\\/aconteceunovale.com.br\\\/portal\\\/?p=164288\"},\"author\":{\"name\":\"Aconteceu no Vale\",\"@id\":\"https:\\\/\\\/aconteceunovale.com.br\\\/portal\\\/#\\\/schema\\\/person\\\/633529146f2c94272bef50ac2953d589\"},\"headline\":\"Pol\u00edcia Civil conclui investiga\u00e7\u00f5es de homic\u00eddio em Governador Valadares\",\"datePublished\":\"2020-06-17T00:25:03+00:00\",\"dateModified\":\"2020-06-17T00:25:16+00:00\",\"mainEntityOfPage\":{\"@id\":\"https:\\\/\\\/aconteceunovale.com.br\\\/portal\\\/?p=164288\"},\"wordCount\":304,\"commentCount\":0,\"image\":{\"@id\":\"https:\\\/\\\/aconteceunovale.com.br\\\/portal\\\/?p=164288#primaryimage\"},\"thumbnailUrl\":\"https:\\\/\\\/aconteceunovale.com.br\\\/portal\\\/wp-content\\\/uploads\\\/2020\\\/05\\\/valadares_pico.png\",\"keywords\":[\"assassinado em Governador Valadares\",\"Delegado Luciano Cunha de Lima\",\"Governador Valadares\",\"Henrique Batista Rodrigues\",\"homic\u00eddio em governador valadares\",\"jovem morto em Governador Valadares\",\"PCMG\",\"Pol\u00edcia Civil conclui investiga\u00e7\u00f5es de homic\u00eddio em Governador Valadares\",\"Pol\u00edcia Civil de Minas Gerais\"],\"articleSection\":[\"Leste de Minas\"],\"inLanguage\":\"pt-BR\",\"potentialAction\":[{\"@type\":\"CommentAction\",\"name\":\"Comment\",\"target\":[\"https:\\\/\\\/aconteceunovale.com.br\\\/portal\\\/?p=164288#respond\"]}]},{\"@type\":\"WebPage\",\"@id\":\"https:\\\/\\\/aconteceunovale.com.br\\\/portal\\\/?p=164288\",\"url\":\"https:\\\/\\\/aconteceunovale.com.br\\\/portal\\\/?p=164288\",\"name\":\"Pol\u00edcia Civil conclui investiga\u00e7\u00f5es de homic\u00eddio em Governador Valadares - Aconteceu no Vale\",\"isPartOf\":{\"@id\":\"https:\\\/\\\/aconteceunovale.com.br\\\/portal\\\/#website\"},\"primaryImageOfPage\":{\"@id\":\"https:\\\/\\\/aconteceunovale.com.br\\\/portal\\\/?p=164288#primaryimage\"},\"image\":{\"@id\":\"https:\\\/\\\/aconteceunovale.com.br\\\/portal\\\/?p=164288#primaryimage\"},\"thumbnailUrl\":\"https:\\\/\\\/aconteceunovale.com.br\\\/portal\\\/wp-content\\\/uploads\\\/2020\\\/05\\\/valadares_pico.png\",\"datePublished\":\"2020-06-17T00:25:03+00:00\",\"dateModified\":\"2020-06-17T00:25:16+00:00\",\"author\":{\"@id\":\"https:\\\/\\\/aconteceunovale.com.br\\\/portal\\\/#\\\/schema\\\/person\\\/633529146f2c94272bef50ac2953d589\"},\"breadcrumb\":{\"@id\":\"https:\\\/\\\/aconteceunovale.com.br\\\/portal\\\/?p=164288#breadcrumb\"},\"inLanguage\":\"pt-BR\",\"potentialAction\":[{\"@type\":\"ReadAction\",\"target\":[\"https:\\\/\\\/aconteceunovale.com.br\\\/portal\\\/?p=164288\"]}]},{\"@type\":\"ImageObject\",\"inLanguage\":\"pt-BR\",\"@id\":\"https:\\\/\\\/aconteceunovale.com.br\\\/portal\\\/?p=164288#primaryimage\",\"url\":\"https:\\\/\\\/aconteceunovale.com.br\\\/portal\\\/wp-content\\\/uploads\\\/2020\\\/05\\\/valadares_pico.png\",\"contentUrl\":\"https:\\\/\\\/aconteceunovale.com.br\\\/portal\\\/wp-content\\\/uploads\\\/2020\\\/05\\\/valadares_pico.png\",\"width\":678,\"height\":362},{\"@type\":\"BreadcrumbList\",\"@id\":\"https:\\\/\\\/aconteceunovale.com.br\\\/portal\\\/?p=164288#breadcrumb\",\"itemListElement\":[{\"@type\":\"ListItem\",\"position\":1,\"name\":\"In\u00edcio\",\"item\":\"https:\\\/\\\/aconteceunovale.com.br\\\/portal\\\/\"},{\"@type\":\"ListItem\",\"position\":2,\"name\":\"Pol\u00edcia Civil conclui investiga\u00e7\u00f5es de homic\u00eddio em Governador Valadares\"}]},{\"@type\":\"WebSite\",\"@id\":\"https:\\\/\\\/aconteceunovale.com.br\\\/portal\\\/#website\",\"url\":\"https:\\\/\\\/aconteceunovale.com.br\\\/portal\\\/\",\"name\":\"Aconteceu no Vale\",\"description\":\"Portal de Not\u00edcias\",\"potentialAction\":[{\"@type\":\"SearchAction\",\"target\":{\"@type\":\"EntryPoint\",\"urlTemplate\":\"https:\\\/\\\/aconteceunovale.com.br\\\/portal\\\/?s={search_term_string}\"},\"query-input\":{\"@type\":\"PropertyValueSpecification\",\"valueRequired\":true,\"valueName\":\"search_term_string\"}}],\"inLanguage\":\"pt-BR\"},{\"@type\":\"Person\",\"@id\":\"https:\\\/\\\/aconteceunovale.com.br\\\/portal\\\/#\\\/schema\\\/person\\\/633529146f2c94272bef50ac2953d589\",\"name\":\"Aconteceu no Vale\",\"description\":\"Equipe de reportagem do Aconteceu no Vale, portal de not\u00edcias do Vale do Jequitinhonha, em Minas Gerais. Cobrimos as 51 cidades do Vale desde 2013. Sugest\u00f5es de pauta e pedidos de corre\u00e7\u00e3o: contato@aconteceunovale.com.br\",\"sameAs\":[\"http:\\\/\\\/www.aconteceunovale.com.br\"],\"url\":\"https:\\\/\\\/aconteceunovale.com.br\\\/portal\\\/?author=1\"}]}<\/script>\n<!-- \/ Yoast SEO plugin. -->","yoast_head_json":{"title":"Pol\u00edcia Civil conclui investiga\u00e7\u00f5es de homic\u00eddio em Governador Valadares - Aconteceu no Vale","robots":{"index":"index","follow":"follow","max-snippet":"max-snippet:-1","max-image-preview":"max-image-preview:large","max-video-preview":"max-video-preview:-1"},"canonical":"https:\/\/aconteceunovale.com.br\/portal\/?p=164288","og_locale":"pt_BR","og_type":"article","og_title":"Pol\u00edcia Civil conclui investiga\u00e7\u00f5es de homic\u00eddio em Governador Valadares - Aconteceu no Vale","og_description":"A Pol\u00edcia Civil de Minas Gerais (PCMG) concluiu, esta semana, as investiga\u00e7\u00f5es que apuraram o assassinato de Henrique Batista Rodrigues, de 23 anos, morto a tiros no bairro Esperan\u00e7a, em Governador Valadares, no dia 21 de abril deste ano. De acordo com laudo m\u00e9dico-legal, a v\u00edtima sofreu v\u00e1rias les\u00f5es ap\u00f3s ser atingida no rosto, na [&hellip;]","og_url":"https:\/\/aconteceunovale.com.br\/portal\/?p=164288","og_site_name":"Aconteceu no Vale","article_publisher":"https:\/\/www.facebook.com\/aconteceunovale\/","article_published_time":"2020-06-17T00:25:03+00:00","article_modified_time":"2020-06-17T00:25:16+00:00","og_image":[{"width":678,"height":362,"url":"https:\/\/aconteceunovale.com.br\/portal\/wp-content\/uploads\/2020\/05\/valadares_pico.png","type":"image\/png"}],"author":"Aconteceu no Vale","twitter_card":"summary_large_image","twitter_creator":"@noticiadosvales","twitter_site":"@noticiadosvales","twitter_misc":{"Escrito por":"Aconteceu no Vale","Est. tempo de leitura":"1 minuto"},"schema":{"@context":"https:\/\/schema.org","@graph":[{"@type":"Article","@id":"https:\/\/aconteceunovale.com.br\/portal\/?p=164288#article","isPartOf":{"@id":"https:\/\/aconteceunovale.com.br\/portal\/?p=164288"},"author":{"name":"Aconteceu no Vale","@id":"https:\/\/aconteceunovale.com.br\/portal\/#\/schema\/person\/633529146f2c94272bef50ac2953d589"},"headline":"Pol\u00edcia Civil conclui investiga\u00e7\u00f5es de homic\u00eddio em Governador Valadares","datePublished":"2020-06-17T00:25:03+00:00","dateModified":"2020-06-17T00:25:16+00:00","mainEntityOfPage":{"@id":"https:\/\/aconteceunovale.com.br\/portal\/?p=164288"},"wordCount":304,"commentCount":0,"image":{"@id":"https:\/\/aconteceunovale.com.br\/portal\/?p=164288#primaryimage"},"thumbnailUrl":"https:\/\/aconteceunovale.com.br\/portal\/wp-content\/uploads\/2020\/05\/valadares_pico.png","keywords":["assassinado em Governador Valadares","Delegado Luciano Cunha de Lima","Governador Valadares","Henrique Batista Rodrigues","homic\u00eddio em governador valadares","jovem morto em Governador Valadares","PCMG","Pol\u00edcia Civil conclui investiga\u00e7\u00f5es de homic\u00eddio em Governador Valadares","Pol\u00edcia Civil de Minas Gerais"],"articleSection":["Leste de Minas"],"inLanguage":"pt-BR","potentialAction":[{"@type":"CommentAction","name":"Comment","target":["https:\/\/aconteceunovale.com.br\/portal\/?p=164288#respond"]}]},{"@type":"WebPage","@id":"https:\/\/aconteceunovale.com.br\/portal\/?p=164288","url":"https:\/\/aconteceunovale.com.br\/portal\/?p=164288","name":"Pol\u00edcia Civil conclui investiga\u00e7\u00f5es de homic\u00eddio em Governador Valadares - Aconteceu no Vale","isPartOf":{"@id":"https:\/\/aconteceunovale.com.br\/portal\/#website"},"primaryImageOfPage":{"@id":"https:\/\/aconteceunovale.com.br\/portal\/?p=164288#primaryimage"},"image":{"@id":"https:\/\/aconteceunovale.com.br\/portal\/?p=164288#primaryimage"},"thumbnailUrl":"https:\/\/aconteceunovale.com.br\/portal\/wp-content\/uploads\/2020\/05\/valadares_pico.png","datePublished":"2020-06-17T00:25:03+00:00","dateModified":"2020-06-17T00:25:16+00:00","author":{"@id":"https:\/\/aconteceunovale.com.br\/portal\/#\/schema\/person\/633529146f2c94272bef50ac2953d589"},"breadcrumb":{"@id":"https:\/\/aconteceunovale.com.br\/portal\/?p=164288#breadcrumb"},"inLanguage":"pt-BR","potentialAction":[{"@type":"ReadAction","target":["https:\/\/aconteceunovale.com.br\/portal\/?p=164288"]}]},{"@type":"ImageObject","inLanguage":"pt-BR","@id":"https:\/\/aconteceunovale.com.br\/portal\/?p=164288#primaryimage","url":"https:\/\/aconteceunovale.com.br\/portal\/wp-content\/uploads\/2020\/05\/valadares_pico.png","contentUrl":"https:\/\/aconteceunovale.com.br\/portal\/wp-content\/uploads\/2020\/05\/valadares_pico.png","width":678,"height":362},{"@type":"BreadcrumbList","@id":"https:\/\/aconteceunovale.com.br\/portal\/?p=164288#breadcrumb","itemListElement":[{"@type":"ListItem","position":1,"name":"In\u00edcio","item":"https:\/\/aconteceunovale.com.br\/portal\/"},{"@type":"ListItem","position":2,"name":"Pol\u00edcia Civil conclui investiga\u00e7\u00f5es de homic\u00eddio em Governador Valadares"}]},{"@type":"WebSite","@id":"https:\/\/aconteceunovale.com.br\/portal\/#website","url":"https:\/\/aconteceunovale.com.br\/portal\/","name":"Aconteceu no Vale","description":"Portal de Not\u00edcias","potentialAction":[{"@type":"SearchAction","target":{"@type":"EntryPoint","urlTemplate":"https:\/\/aconteceunovale.com.br\/portal\/?s={search_term_string}"},"query-input":{"@type":"PropertyValueSpecification","valueRequired":true,"valueName":"search_term_string"}}],"inLanguage":"pt-BR"},{"@type":"Person","@id":"https:\/\/aconteceunovale.com.br\/portal\/#\/schema\/person\/633529146f2c94272bef50ac2953d589","name":"Aconteceu no Vale","description":"Equipe de reportagem do Aconteceu no Vale, portal de not\u00edcias do Vale do Jequitinhonha, em Minas Gerais. Cobrimos as 51 cidades do Vale desde 2013. Sugest\u00f5es de pauta e pedidos de corre\u00e7\u00e3o: contato@aconteceunovale.com.br","sameAs":["http:\/\/www.aconteceunovale.com.br"],"url":"https:\/\/aconteceunovale.com.br\/portal\/?author=1"}]}},"_links":{"self":[{"href":"https:\/\/aconteceunovale.com.br\/portal\/index.php?rest_route=\/wp\/v2\/posts\/164288","targetHints":{"allow":["GET"]}}],"collection":[{"href":"https:\/\/aconteceunovale.com.br\/portal\/index.php?rest_route=\/wp\/v2\/posts"}],"about":[{"href":"https:\/\/aconteceunovale.com.br\/portal\/index.php?rest_route=\/wp\/v2\/types\/post"}],"author":[{"embeddable":true,"href":"https:\/\/aconteceunovale.com.br\/portal\/index.php?rest_route=\/wp\/v2\/users\/1"}],"replies":[{"embeddable":true,"href":"https:\/\/aconteceunovale.com.br\/portal\/index.php?rest_route=%2Fwp%2Fv2%2Fcomments&post=164288"}],"version-history":[{"count":1,"href":"https:\/\/aconteceunovale.com.br\/portal\/index.php?rest_route=\/wp\/v2\/posts\/164288\/revisions"}],"predecessor-version":[{"id":164289,"href":"https:\/\/aconteceunovale.com.br\/portal\/index.php?rest_route=\/wp\/v2\/posts\/164288\/revisions\/164289"}],"wp:featuredmedia":[{"embeddable":true,"href":"https:\/\/aconteceunovale.com.br\/portal\/index.php?rest_route=\/wp\/v2\/media\/163142"}],"wp:attachment":[{"href":"https:\/\/aconteceunovale.com.br\/portal\/index.php?rest_route=%2Fwp%2Fv2%2Fmedia&parent=164288"}],"wp:term":[{"taxonomy":"category","embeddable":true,"href":"https:\/\/aconteceunovale.com.br\/portal\/index.php?rest_route=%2Fwp%2Fv2%2Fcategories&post=164288"},{"taxonomy":"post_tag","embeddable":true,"href":"https:\/\/aconteceunovale.com.br\/portal\/index.php?rest_route=%2Fwp%2Fv2%2Ftags&post=164288"}],"curies":[{"name":"wp","href":"https:\/\/api.w.org\/{rel}","templated":true}]}}