{"id":164269,"date":"2020-06-16T10:32:08","date_gmt":"2020-06-16T13:32:08","guid":{"rendered":"https:\/\/aconteceunovale.com.br\/portal\/?p=164269"},"modified":"2026-09-02T18:08:44","modified_gmt":"2026-09-02T21:08:44","slug":"policia-federal-cumpre-mandados-em-acao-sobre-atos-antidemocraticos-em-seis-estados","status":"publish","type":"post","link":"https:\/\/aconteceunovale.com.br\/portal\/?p=164269","title":{"rendered":"Pol\u00edcia Federal cumpre mandados em a\u00e7\u00e3o sobre atos antidemocr\u00e1ticos em seis estados"},"content":{"rendered":"\n<p class=\"wp-block-paragraph\">A Pol\u00edcia Federal (PF) cumpre na manh\u00e3 de hoje (16\/6\/2020) 21 mandados de busca e apreens\u00e3o no \u00e2mbito do inqu\u00e9rito que apura viola\u00e7\u00f5es \u00e0 Lei de Seguran\u00e7a Nacional em atos de rua que, desde abril, pedem o fechamento do Congresso Nacional e do Supremo Tribunal Federal (STF).&nbsp;<\/p>\n\n\n\n<p class=\"wp-block-paragraph\">A ordens foram autorizadas pelo relator do inqu\u00e9rito no Supremo, ministro Alexandre de Moraes, a pedido do vice-procurador-geral da Rep\u00fablica, Humberto Jacques. As buscas t\u00eam o objetivo de colher provas a respeito da origem de recursos e a&nbsp;estrutura de financiamento dos atos, informou a PF.&nbsp;<\/p>\n\n\n\n<p class=\"wp-block-paragraph\">Uma das linhas de investiga\u00e7\u00e3o apura se os alvos das buscas &#8220;teriam agido articuladamente com agentes p\u00fablicos que det\u00eam prerrogativa de foro no STF para financiar e promover atos que se enquadram em pr\u00e1ticas tipificadas como crime pela Lei de Seguran\u00e7a Nacional (7.170\/1983)&#8221;, disse a Procuradoria-Geral da Rep\u00fablica em nota. &nbsp;<\/p>\n\n\n\n<p class=\"wp-block-paragraph\">Os mandados s\u00e3o cumpridos em S\u00e3o Paulo, Rio de Janeiro, Minas Gerais, Maranh\u00e3o, Santa Catarina e Distrito Federal. Entre os alvos, est\u00e3o o deputado Daniel Silveira (PSL-RJ) e o jornalista Allan dos Santos, respons\u00e1vel pelo site Ter\u00e7a Livre.&nbsp;<\/p>\n\n\n\n<p class=\"wp-block-paragraph\">Ontem (15), a PF cumpriu outros seis mandados de pris\u00e3o tempor\u00e1ria no \u00e2mbito do mesmo inqu\u00e9rito. A militante Sara Winter, l\u00edder de um grupo de apoio ao presidente Jair Bolsonaro chamado 300 do Brasil, estava entre os presos.&nbsp;<\/p>\n\n\n\n<p class=\"wp-block-paragraph\">Por ordem do governo do Distrito Federal (GDF), o&nbsp;acampamento do grupo foi retirado no s\u00e1bado (13) dos arredores da Esplanada dos Minist\u00e9rios, onde estava&nbsp;h\u00e1 diversas semanas.&nbsp;<\/p>\n\n\n\n<p class=\"wp-block-paragraph\">No domingo (14), o procurador-geral da Rep\u00fablica, Augusto Aras, decidiu&nbsp;abrir uma apura\u00e7\u00e3o pr\u00f3pria&nbsp;sobre um ataque com fogos artif\u00edcio que foram lan\u00e7ados contra a sede do Supremo na noite de s\u00e1bado. Ele determinou que informa\u00e7\u00f5es sobre o assunto sejam encaminhadas a seu vice, Humberto Jacques, que supervisiona o inqu\u00e9rito sobre atos antidemocr\u00e1ticos.<\/p>\n\n\n\n<p class=\"wp-block-paragraph\">Esse inqu\u00e9rito&nbsp;foi aberto em abril&nbsp;a pedido de Aras, depois de manifestantes levantarem faixas pedindo a interven\u00e7\u00e3o militar e o fechamento de institui\u00e7\u00f5es democr\u00e1ticas durante ato em apoio a Bolsonaro em Bras\u00edlia e outras cidades do pa\u00eds.&nbsp;<\/p>\n\n\n\n<p class=\"wp-block-paragraph\">&#8220;O Estado brasileiro admite \u00fanica ideologia que \u00e9 a do regime da democracia participativa. Qualquer atentado \u00e0 democracia afronta a Constitui\u00e7\u00e3o e a Lei de Seguran\u00e7a Nacional\u201d, escreveu Aras na ocasi\u00e3o.&nbsp;<\/p>\n\n\n\n<p class=\"has-background has-very-light-gray-background-color wp-block-paragraph\">Quer saber as not\u00edcias do <strong>Aconteceu no Vale<\/strong> em primeira m\u00e3o? Siga-nos no Facebook <a rel=\"noreferrer noopener\" href=\"http:\/\/facebook.com\/aconteceunovale\" target=\"_blank\">@aconteceunovale<\/a>, Twitter <a rel=\"noreferrer noopener\" href=\"https:\/\/twitter.com\/noticiadosvales\" target=\"_blank\">@noticiadosvales<\/a> e Instagram <a rel=\"noreferrer noopener\" href=\"https:\/\/www.instagram.com\/aconteceunovale\" target=\"_blank\">@aconteceunovale<\/a>.<\/p>\n","protected":false},"excerpt":{"rendered":"<p>A Pol\u00edcia Federal (PF) cumpre na manh\u00e3 de hoje (16\/6\/2020) 21 mandados de busca e apreens\u00e3o no \u00e2mbito do inqu\u00e9rito que apura viola\u00e7\u00f5es \u00e0 Lei de Seguran\u00e7a Nacional em atos de rua que, desde abril, pedem o fechamento do Congresso Nacional e do Supremo Tribunal Federal (STF).&nbsp; A ordens foram autorizadas pelo relator do inqu\u00e9rito [&hellip;]<\/p>\n","protected":false},"author":1,"featured_media":106843,"comment_status":"open","ping_status":"closed","sticky":false,"template":"","format":"standard","meta":{"amp_status":"","footnotes":""},"categories":[6],"tags":[223789,35211,223792,223579,223581,220887,223580,223582,48796,223791,223610,1018,20274,223586,223584,223585,184282,220341,172392,223609,190867,189979,223790,20966,772,223788,100912,223633,223630,223677,223676,223632,223629,223628,223631,223583,28511,28510],"class_list":["post-164269","post","type-post","status-publish","format-standard","has-post-thumbnail","hentry","category-br","tag-acao-sobre-atos-antidemocraticos","tag-alexandre-de-moraes","tag-allan-dos-santos","tag-ameacas-ao-stf","tag-ameacas-ao-supremo","tag-andre-mendonca","tag-ataques-ao-stf","tag-ataques-ao-supremo","tag-congresso-nacional","tag-daniel-silveira","tag-democracia-pressupoe-o-respeito-as-suas-instituicoes-democraticas","tag-destaque","tag-dias-toffoli","tag-dias-toffoli-diz-que-stf-jamais-se-sujeitara-a-nenhum-tipo-de-ameaca","tag-fogos-stf","tag-fogos-supremo","tag-ibaneis-rocha","tag-lei-de-seguranca-nacional","tag-ministro-alexandre-de-moraes","tag-ministro-da-justica-diz-que-democracia-pressupoe-respeito-as-instituicoes","tag-ministro-da-justica-e-seguranca-publica","tag-ministro-dias-toffoli","tag-operacao-contra-atos-antidemocraticos","tag-pf","tag-policia-federal","tag-policia-federal-cumpre-mandados-em-acao-sobre-atos-antidemocraticos-em-seis-estados","tag-presidente-do-supremo","tag-prisao-de-lider-do-movimento-300-do-brasil","tag-prisao-de-sara-winter","tag-procuradoria-geral-da-republica-abre-investigacao-sobre-ataque-com-fogos-contra-a-sede-do-stf","tag-procuradoria-geral-da-republica-abre-investigacao-sobre-ataque-com-fogos-contra-stf","tag-sara-fernanda-giromini","tag-sara-winter","tag-sara-winter-e-presa-pela-pf","tag-sara-winter-presa","tag-sergio-luiz-ferreira-de-souza","tag-stf","tag-supremo-tribunal-federal"],"yoast_head":"<!-- This site is optimized with the Yoast SEO plugin v28.3 - https:\/\/yoast.com\/product\/yoast-seo-wordpress\/ -->\n<title>Pol\u00edcia Federal cumpre mandados em a\u00e7\u00e3o sobre atos antidemocr\u00e1ticos em seis estados - Aconteceu no Vale<\/title>\n<meta name=\"robots\" content=\"index, follow, max-snippet:-1, max-image-preview:large, max-video-preview:-1\" \/>\n<link rel=\"canonical\" href=\"https:\/\/aconteceunovale.com.br\/portal\/?p=164269\" \/>\n<meta property=\"og:locale\" content=\"pt_BR\" \/>\n<meta property=\"og:type\" content=\"article\" \/>\n<meta property=\"og:title\" content=\"Pol\u00edcia Federal cumpre mandados em a\u00e7\u00e3o sobre atos antidemocr\u00e1ticos em seis estados - Aconteceu no Vale\" \/>\n<meta property=\"og:description\" content=\"A Pol\u00edcia Federal (PF) cumpre na manh\u00e3 de hoje (16\/6\/2020) 21 mandados de busca e apreens\u00e3o no \u00e2mbito do inqu\u00e9rito que apura viola\u00e7\u00f5es \u00e0 Lei de Seguran\u00e7a Nacional em atos de rua que, desde abril, pedem o fechamento do Congresso Nacional e do Supremo Tribunal Federal (STF).&nbsp; A ordens foram autorizadas pelo relator do inqu\u00e9rito [&hellip;]\" \/>\n<meta property=\"og:url\" content=\"https:\/\/aconteceunovale.com.br\/portal\/?p=164269\" \/>\n<meta property=\"og:site_name\" content=\"Aconteceu no Vale\" \/>\n<meta property=\"article:publisher\" content=\"https:\/\/www.facebook.com\/aconteceunovale\/\" \/>\n<meta property=\"article:published_time\" content=\"2020-06-16T13:32:08+00:00\" \/>\n<meta property=\"article:modified_time\" content=\"2026-09-02T21:08:44+00:00\" \/>\n<meta property=\"og:image\" content=\"https:\/\/aconteceunovale.com.br\/portal\/wp-content\/uploads\/2017\/01\/pf_operacao.jpg\" \/>\n\t<meta property=\"og:image:width\" content=\"678\" \/>\n\t<meta property=\"og:image:height\" content=\"298\" \/>\n\t<meta property=\"og:image:type\" content=\"image\/jpeg\" \/>\n<meta name=\"author\" content=\"Aconteceu no Vale\" \/>\n<meta name=\"twitter:card\" content=\"summary_large_image\" \/>\n<meta name=\"twitter:creator\" content=\"@noticiadosvales\" \/>\n<meta name=\"twitter:site\" content=\"@noticiadosvales\" \/>\n<meta name=\"twitter:label1\" content=\"Escrito por\" \/>\n\t<meta name=\"twitter:data1\" content=\"Aconteceu no Vale\" \/>\n\t<meta name=\"twitter:label2\" content=\"Est. tempo de leitura\" \/>\n\t<meta name=\"twitter:data2\" content=\"2 minutos\" \/>\n<script type=\"application\/ld+json\" class=\"yoast-schema-graph\">{\"@context\":\"https:\\\/\\\/schema.org\",\"@graph\":[{\"@type\":\"Article\",\"@id\":\"https:\\\/\\\/aconteceunovale.com.br\\\/portal\\\/?p=164269#article\",\"isPartOf\":{\"@id\":\"https:\\\/\\\/aconteceunovale.com.br\\\/portal\\\/?p=164269\"},\"author\":{\"name\":\"Aconteceu no Vale\",\"@id\":\"https:\\\/\\\/aconteceunovale.com.br\\\/portal\\\/#\\\/schema\\\/person\\\/633529146f2c94272bef50ac2953d589\"},\"headline\":\"Pol\u00edcia Federal cumpre mandados em a\u00e7\u00e3o sobre atos antidemocr\u00e1ticos em seis estados\",\"datePublished\":\"2020-06-16T13:32:08+00:00\",\"dateModified\":\"2026-09-02T21:08:44+00:00\",\"mainEntityOfPage\":{\"@id\":\"https:\\\/\\\/aconteceunovale.com.br\\\/portal\\\/?p=164269\"},\"wordCount\":455,\"commentCount\":0,\"image\":{\"@id\":\"https:\\\/\\\/aconteceunovale.com.br\\\/portal\\\/?p=164269#primaryimage\"},\"thumbnailUrl\":\"https:\\\/\\\/aconteceunovale.com.br\\\/portal\\\/wp-content\\\/uploads\\\/2017\\\/01\\\/pf_operacao.jpg\",\"keywords\":[\"A\u00e7\u00e3o sobre atos antidemocr\u00e1ticos\",\"Alexandre de Moraes\",\"Allan dos Santos\",\"Amea\u00e7as ao STF\",\"Amea\u00e7as ao Supremo\",\"Andre Mendon\u00e7a\",\"Ataques ao STF\",\"Ataques ao Supremo\",\"Congresso Nacional\",\"Daniel Silveira\",\"Democracia pressup\u00f5e o respeito \u00e0s suas institui\u00e7\u00f5es democr\u00e1ticas\",\"destaque\",\"Dias Toffoli\",\"Dias Toffoli diz que STF jamais se sujeitar\u00e1 a nenhum tipo de amea\u00e7a\",\"Fogos STF\",\"Fogos Supremo\",\"Ibaneis Rocha\",\"Lei de Seguran\u00e7a Nacional\",\"Ministro Alexandre de Moraes\",\"Ministro da Justi\u00e7a diz que democracia pressup\u00f5e respeito \u00e0s institui\u00e7\u00f5es\",\"ministro da Justi\u00e7a e Seguran\u00e7a P\u00fablica\",\"ministro Dias Toffoli\",\"Opera\u00e7\u00e3o contra atos antidemocr\u00e1ticos\",\"PF\",\"pol\u00edcia federal\",\"Pol\u00edcia Federal cumpre mandados em a\u00e7\u00e3o sobre atos antidemocr\u00e1ticos em seis estados\",\"presidente do Supremo\",\"Pris\u00e3o de l\u00edder do movimento 300 do Brasil\",\"Pris\u00e3o de Sara Winter\",\"Procuradoria Geral da Rep\u00fablica abre investiga\u00e7\u00e3o sobre ataque com fogos contra a sede do STF\",\"Procuradoria Geral da Rep\u00fablica abre investiga\u00e7\u00e3o sobre ataque com fogos contra STF\",\"Sara Fernanda Giromini\",\"Sara Winter\",\"Sara Winter \u00e9 presa pela PF\",\"Sara Winter presa\",\"S\u00e9rgio Luiz Ferreira de Souza\",\"STF\",\"Supremo Tribunal Federal\"],\"articleSection\":[\"Brasil\"],\"inLanguage\":\"pt-BR\",\"potentialAction\":[{\"@type\":\"CommentAction\",\"name\":\"Comment\",\"target\":[\"https:\\\/\\\/aconteceunovale.com.br\\\/portal\\\/?p=164269#respond\"]}]},{\"@type\":\"WebPage\",\"@id\":\"https:\\\/\\\/aconteceunovale.com.br\\\/portal\\\/?p=164269\",\"url\":\"https:\\\/\\\/aconteceunovale.com.br\\\/portal\\\/?p=164269\",\"name\":\"Pol\u00edcia Federal cumpre mandados em a\u00e7\u00e3o sobre atos antidemocr\u00e1ticos em seis estados - Aconteceu no Vale\",\"isPartOf\":{\"@id\":\"https:\\\/\\\/aconteceunovale.com.br\\\/portal\\\/#website\"},\"primaryImageOfPage\":{\"@id\":\"https:\\\/\\\/aconteceunovale.com.br\\\/portal\\\/?p=164269#primaryimage\"},\"image\":{\"@id\":\"https:\\\/\\\/aconteceunovale.com.br\\\/portal\\\/?p=164269#primaryimage\"},\"thumbnailUrl\":\"https:\\\/\\\/aconteceunovale.com.br\\\/portal\\\/wp-content\\\/uploads\\\/2017\\\/01\\\/pf_operacao.jpg\",\"datePublished\":\"2020-06-16T13:32:08+00:00\",\"dateModified\":\"2026-09-02T21:08:44+00:00\",\"author\":{\"@id\":\"https:\\\/\\\/aconteceunovale.com.br\\\/portal\\\/#\\\/schema\\\/person\\\/633529146f2c94272bef50ac2953d589\"},\"breadcrumb\":{\"@id\":\"https:\\\/\\\/aconteceunovale.com.br\\\/portal\\\/?p=164269#breadcrumb\"},\"inLanguage\":\"pt-BR\",\"potentialAction\":[{\"@type\":\"ReadAction\",\"target\":[\"https:\\\/\\\/aconteceunovale.com.br\\\/portal\\\/?p=164269\"]}]},{\"@type\":\"ImageObject\",\"inLanguage\":\"pt-BR\",\"@id\":\"https:\\\/\\\/aconteceunovale.com.br\\\/portal\\\/?p=164269#primaryimage\",\"url\":\"https:\\\/\\\/aconteceunovale.com.br\\\/portal\\\/wp-content\\\/uploads\\\/2017\\\/01\\\/pf_operacao.jpg\",\"contentUrl\":\"https:\\\/\\\/aconteceunovale.com.br\\\/portal\\\/wp-content\\\/uploads\\\/2017\\\/01\\\/pf_operacao.jpg\",\"width\":678,\"height\":298},{\"@type\":\"BreadcrumbList\",\"@id\":\"https:\\\/\\\/aconteceunovale.com.br\\\/portal\\\/?p=164269#breadcrumb\",\"itemListElement\":[{\"@type\":\"ListItem\",\"position\":1,\"name\":\"In\u00edcio\",\"item\":\"https:\\\/\\\/aconteceunovale.com.br\\\/portal\\\/\"},{\"@type\":\"ListItem\",\"position\":2,\"name\":\"Pol\u00edcia Federal cumpre mandados em a\u00e7\u00e3o sobre atos antidemocr\u00e1ticos em seis estados\"}]},{\"@type\":\"WebSite\",\"@id\":\"https:\\\/\\\/aconteceunovale.com.br\\\/portal\\\/#website\",\"url\":\"https:\\\/\\\/aconteceunovale.com.br\\\/portal\\\/\",\"name\":\"Aconteceu no Vale\",\"description\":\"Portal de Not\u00edcias\",\"potentialAction\":[{\"@type\":\"SearchAction\",\"target\":{\"@type\":\"EntryPoint\",\"urlTemplate\":\"https:\\\/\\\/aconteceunovale.com.br\\\/portal\\\/?s={search_term_string}\"},\"query-input\":{\"@type\":\"PropertyValueSpecification\",\"valueRequired\":true,\"valueName\":\"search_term_string\"}}],\"inLanguage\":\"pt-BR\"},{\"@type\":\"Person\",\"@id\":\"https:\\\/\\\/aconteceunovale.com.br\\\/portal\\\/#\\\/schema\\\/person\\\/633529146f2c94272bef50ac2953d589\",\"name\":\"Aconteceu no Vale\",\"description\":\"Equipe de reportagem do Aconteceu no Vale, portal de not\u00edcias do Vale do Jequitinhonha, em Minas Gerais. Cobrimos as 51 cidades do Vale desde 2013. Sugest\u00f5es de pauta e pedidos de corre\u00e7\u00e3o: contato@aconteceunovale.com.br\",\"sameAs\":[\"http:\\\/\\\/www.aconteceunovale.com.br\"],\"url\":\"https:\\\/\\\/aconteceunovale.com.br\\\/portal\\\/?author=1\"}]}<\/script>\n<!-- \/ Yoast SEO plugin. -->","yoast_head_json":{"title":"Pol\u00edcia Federal cumpre mandados em a\u00e7\u00e3o sobre atos antidemocr\u00e1ticos em seis estados - Aconteceu no Vale","robots":{"index":"index","follow":"follow","max-snippet":"max-snippet:-1","max-image-preview":"max-image-preview:large","max-video-preview":"max-video-preview:-1"},"canonical":"https:\/\/aconteceunovale.com.br\/portal\/?p=164269","og_locale":"pt_BR","og_type":"article","og_title":"Pol\u00edcia Federal cumpre mandados em a\u00e7\u00e3o sobre atos antidemocr\u00e1ticos em seis estados - Aconteceu no Vale","og_description":"A Pol\u00edcia Federal (PF) cumpre na manh\u00e3 de hoje (16\/6\/2020) 21 mandados de busca e apreens\u00e3o no \u00e2mbito do inqu\u00e9rito que apura viola\u00e7\u00f5es \u00e0 Lei de Seguran\u00e7a Nacional em atos de rua que, desde abril, pedem o fechamento do Congresso Nacional e do Supremo Tribunal Federal (STF).&nbsp; A ordens foram autorizadas pelo relator do inqu\u00e9rito [&hellip;]","og_url":"https:\/\/aconteceunovale.com.br\/portal\/?p=164269","og_site_name":"Aconteceu no Vale","article_publisher":"https:\/\/www.facebook.com\/aconteceunovale\/","article_published_time":"2020-06-16T13:32:08+00:00","article_modified_time":"2026-09-02T21:08:44+00:00","og_image":[{"width":678,"height":298,"url":"https:\/\/aconteceunovale.com.br\/portal\/wp-content\/uploads\/2017\/01\/pf_operacao.jpg","type":"image\/jpeg"}],"author":"Aconteceu no Vale","twitter_card":"summary_large_image","twitter_creator":"@noticiadosvales","twitter_site":"@noticiadosvales","twitter_misc":{"Escrito por":"Aconteceu no Vale","Est. tempo de leitura":"2 minutos"},"schema":{"@context":"https:\/\/schema.org","@graph":[{"@type":"Article","@id":"https:\/\/aconteceunovale.com.br\/portal\/?p=164269#article","isPartOf":{"@id":"https:\/\/aconteceunovale.com.br\/portal\/?p=164269"},"author":{"name":"Aconteceu no Vale","@id":"https:\/\/aconteceunovale.com.br\/portal\/#\/schema\/person\/633529146f2c94272bef50ac2953d589"},"headline":"Pol\u00edcia Federal cumpre mandados em a\u00e7\u00e3o sobre atos antidemocr\u00e1ticos em seis estados","datePublished":"2020-06-16T13:32:08+00:00","dateModified":"2026-09-02T21:08:44+00:00","mainEntityOfPage":{"@id":"https:\/\/aconteceunovale.com.br\/portal\/?p=164269"},"wordCount":455,"commentCount":0,"image":{"@id":"https:\/\/aconteceunovale.com.br\/portal\/?p=164269#primaryimage"},"thumbnailUrl":"https:\/\/aconteceunovale.com.br\/portal\/wp-content\/uploads\/2017\/01\/pf_operacao.jpg","keywords":["A\u00e7\u00e3o sobre atos antidemocr\u00e1ticos","Alexandre de Moraes","Allan dos Santos","Amea\u00e7as ao STF","Amea\u00e7as ao Supremo","Andre Mendon\u00e7a","Ataques ao STF","Ataques ao Supremo","Congresso Nacional","Daniel Silveira","Democracia pressup\u00f5e o respeito \u00e0s suas institui\u00e7\u00f5es democr\u00e1ticas","destaque","Dias Toffoli","Dias Toffoli diz que STF jamais se sujeitar\u00e1 a nenhum tipo de amea\u00e7a","Fogos STF","Fogos Supremo","Ibaneis Rocha","Lei de Seguran\u00e7a Nacional","Ministro Alexandre de Moraes","Ministro da Justi\u00e7a diz que democracia pressup\u00f5e respeito \u00e0s institui\u00e7\u00f5es","ministro da Justi\u00e7a e Seguran\u00e7a P\u00fablica","ministro Dias Toffoli","Opera\u00e7\u00e3o contra atos antidemocr\u00e1ticos","PF","pol\u00edcia federal","Pol\u00edcia Federal cumpre mandados em a\u00e7\u00e3o sobre atos antidemocr\u00e1ticos em seis estados","presidente do Supremo","Pris\u00e3o de l\u00edder do movimento 300 do Brasil","Pris\u00e3o de Sara Winter","Procuradoria Geral da Rep\u00fablica abre investiga\u00e7\u00e3o sobre ataque com fogos contra a sede do STF","Procuradoria Geral da Rep\u00fablica abre investiga\u00e7\u00e3o sobre ataque com fogos contra STF","Sara Fernanda Giromini","Sara Winter","Sara Winter \u00e9 presa pela PF","Sara Winter presa","S\u00e9rgio Luiz Ferreira de Souza","STF","Supremo Tribunal Federal"],"articleSection":["Brasil"],"inLanguage":"pt-BR","potentialAction":[{"@type":"CommentAction","name":"Comment","target":["https:\/\/aconteceunovale.com.br\/portal\/?p=164269#respond"]}]},{"@type":"WebPage","@id":"https:\/\/aconteceunovale.com.br\/portal\/?p=164269","url":"https:\/\/aconteceunovale.com.br\/portal\/?p=164269","name":"Pol\u00edcia Federal cumpre mandados em a\u00e7\u00e3o sobre atos antidemocr\u00e1ticos em seis estados - Aconteceu no Vale","isPartOf":{"@id":"https:\/\/aconteceunovale.com.br\/portal\/#website"},"primaryImageOfPage":{"@id":"https:\/\/aconteceunovale.com.br\/portal\/?p=164269#primaryimage"},"image":{"@id":"https:\/\/aconteceunovale.com.br\/portal\/?p=164269#primaryimage"},"thumbnailUrl":"https:\/\/aconteceunovale.com.br\/portal\/wp-content\/uploads\/2017\/01\/pf_operacao.jpg","datePublished":"2020-06-16T13:32:08+00:00","dateModified":"2026-09-02T21:08:44+00:00","author":{"@id":"https:\/\/aconteceunovale.com.br\/portal\/#\/schema\/person\/633529146f2c94272bef50ac2953d589"},"breadcrumb":{"@id":"https:\/\/aconteceunovale.com.br\/portal\/?p=164269#breadcrumb"},"inLanguage":"pt-BR","potentialAction":[{"@type":"ReadAction","target":["https:\/\/aconteceunovale.com.br\/portal\/?p=164269"]}]},{"@type":"ImageObject","inLanguage":"pt-BR","@id":"https:\/\/aconteceunovale.com.br\/portal\/?p=164269#primaryimage","url":"https:\/\/aconteceunovale.com.br\/portal\/wp-content\/uploads\/2017\/01\/pf_operacao.jpg","contentUrl":"https:\/\/aconteceunovale.com.br\/portal\/wp-content\/uploads\/2017\/01\/pf_operacao.jpg","width":678,"height":298},{"@type":"BreadcrumbList","@id":"https:\/\/aconteceunovale.com.br\/portal\/?p=164269#breadcrumb","itemListElement":[{"@type":"ListItem","position":1,"name":"In\u00edcio","item":"https:\/\/aconteceunovale.com.br\/portal\/"},{"@type":"ListItem","position":2,"name":"Pol\u00edcia Federal cumpre mandados em a\u00e7\u00e3o sobre atos antidemocr\u00e1ticos em seis estados"}]},{"@type":"WebSite","@id":"https:\/\/aconteceunovale.com.br\/portal\/#website","url":"https:\/\/aconteceunovale.com.br\/portal\/","name":"Aconteceu no Vale","description":"Portal de Not\u00edcias","potentialAction":[{"@type":"SearchAction","target":{"@type":"EntryPoint","urlTemplate":"https:\/\/aconteceunovale.com.br\/portal\/?s={search_term_string}"},"query-input":{"@type":"PropertyValueSpecification","valueRequired":true,"valueName":"search_term_string"}}],"inLanguage":"pt-BR"},{"@type":"Person","@id":"https:\/\/aconteceunovale.com.br\/portal\/#\/schema\/person\/633529146f2c94272bef50ac2953d589","name":"Aconteceu no Vale","description":"Equipe de reportagem do Aconteceu no Vale, portal de not\u00edcias do Vale do Jequitinhonha, em Minas Gerais. Cobrimos as 51 cidades do Vale desde 2013. Sugest\u00f5es de pauta e pedidos de corre\u00e7\u00e3o: contato@aconteceunovale.com.br","sameAs":["http:\/\/www.aconteceunovale.com.br"],"url":"https:\/\/aconteceunovale.com.br\/portal\/?author=1"}]}},"_links":{"self":[{"href":"https:\/\/aconteceunovale.com.br\/portal\/index.php?rest_route=\/wp\/v2\/posts\/164269","targetHints":{"allow":["GET"]}}],"collection":[{"href":"https:\/\/aconteceunovale.com.br\/portal\/index.php?rest_route=\/wp\/v2\/posts"}],"about":[{"href":"https:\/\/aconteceunovale.com.br\/portal\/index.php?rest_route=\/wp\/v2\/types\/post"}],"author":[{"embeddable":true,"href":"https:\/\/aconteceunovale.com.br\/portal\/index.php?rest_route=\/wp\/v2\/users\/1"}],"replies":[{"embeddable":true,"href":"https:\/\/aconteceunovale.com.br\/portal\/index.php?rest_route=%2Fwp%2Fv2%2Fcomments&post=164269"}],"version-history":[{"count":2,"href":"https:\/\/aconteceunovale.com.br\/portal\/index.php?rest_route=\/wp\/v2\/posts\/164269\/revisions"}],"predecessor-version":[{"id":164271,"href":"https:\/\/aconteceunovale.com.br\/portal\/index.php?rest_route=\/wp\/v2\/posts\/164269\/revisions\/164271"}],"wp:featuredmedia":[{"embeddable":true,"href":"https:\/\/aconteceunovale.com.br\/portal\/index.php?rest_route=\/wp\/v2\/media\/106843"}],"wp:attachment":[{"href":"https:\/\/aconteceunovale.com.br\/portal\/index.php?rest_route=%2Fwp%2Fv2%2Fmedia&parent=164269"}],"wp:term":[{"taxonomy":"category","embeddable":true,"href":"https:\/\/aconteceunovale.com.br\/portal\/index.php?rest_route=%2Fwp%2Fv2%2Fcategories&post=164269"},{"taxonomy":"post_tag","embeddable":true,"href":"https:\/\/aconteceunovale.com.br\/portal\/index.php?rest_route=%2Fwp%2Fv2%2Ftags&post=164269"}],"curies":[{"name":"wp","href":"https:\/\/api.w.org\/{rel}","templated":true}]}}