{"id":164264,"date":"2020-06-16T00:44:52","date_gmt":"2020-06-16T03:44:52","guid":{"rendered":"https:\/\/aconteceunovale.com.br\/portal\/?p=164264"},"modified":"2020-06-16T00:45:12","modified_gmt":"2020-06-16T03:45:12","slug":"coronel-fabriciano-timoteo-e-santana-do-paraiso-confirmam-33-novos-casos-de-covid-19","status":"publish","type":"post","link":"https:\/\/aconteceunovale.com.br\/portal\/?p=164264","title":{"rendered":"Coronel Fabriciano, Tim\u00f3teo e Santana do Para\u00edso confirmam 33 novos casos de Covid-19"},"content":{"rendered":"\n<p class=\"wp-block-paragraph\">A Prefeitura de Coronel Fabriciano (MG) confirmou, nesta segunda-feira (15\/6\/2020), nove novos casos de Covid-19. Com esses, o munic\u00edpio chegou a 253 moradores infectados pelo coronav\u00edrus.<\/p>\n\n\n\n<p class=\"wp-block-paragraph\">Do total de pacientes, segundo o boletim epidemiol\u00f3gico, 10 est\u00e3o internados, 61 cumprem isolamento domiciliar e um morreu. Outros 181 j\u00e1 se recuperaram da doen\u00e7a.<\/p>\n\n\n\n<p class=\"wp-block-paragraph\">Ainda de acordo com a Prefeitura, 263 casos suspeitos s\u00e3o investigados, dos quais tr\u00eas est\u00e3o hospitalizados. Outras 937 notifica\u00e7\u00f5es foram descartadas atrav\u00e9s de exame laboratorial ou crit\u00e9rio cl\u00ednico.<\/p>\n\n\n\n<figure class=\"wp-block-image size-large\"><img decoding=\"async\" src=\"https:\/\/aconteceu.info\/boletins\/corona_fabriciano_15junho.jpeg\" alt=\"\"\/><\/figure>\n\n\n\n<h2 class=\"wp-block-heading\"><strong>19 novos casos em Santana do Para\u00edso<\/strong><\/h2>\n\n\n\n<p class=\"wp-block-paragraph\">Em Santana do Para\u00edso, a prefeitura confirmou 19 novos casos de coronav\u00edrus. Segundo o munic\u00edpio, trata-se de nove mulheres (com idades entre 24 e 65 anos), nove homens (com idades entre 20 e 61 anos) e um adolescente de 10 anos.<\/p>\n\n\n\n<p class=\"wp-block-paragraph\">De acordo com a Secretaria Municipal de Sa\u00fade, 11 pacientes foram submetidos ao teste r\u00e1pido e oito por RT-PCR. Todos est\u00e3o em isolamento domiciliar.<\/p>\n\n\n\n<p class=\"wp-block-paragraph\">Com esses novos casos, o munic\u00edpio registra 185 pacientes infectados pelo v\u00edrus. Nove deles est\u00e3o internados, quatro morreram e 111 est\u00e3o recuperados.<\/p>\n\n\n\n<figure class=\"wp-block-image size-large\"><img decoding=\"async\" src=\"https:\/\/aconteceu.info\/boletins\/corona_paraiso_15junho.jpeg\" alt=\"\"\/><\/figure>\n\n\n\n<h2 class=\"wp-block-heading\"><strong>5 novos casos em Tim\u00f3teo<\/strong><\/h2>\n\n\n\n<p class=\"wp-block-paragraph\">A Prefeitura de Tim\u00f3teo confirmou, nesta segunda-feira (15), cinco novos casos de Covid-19. O n\u00famero total de infectados no munic\u00edpio subiu de 105 para 110.<\/p>\n\n\n\n<p class=\"wp-block-paragraph\">Conforme o boletim epidemiol\u00f3gico, 67 pacientes se recuperaram, dois est\u00e3o internados e 38 continuam em isolamento domiciliar. Tr\u00eas moradores que testaram positivo morreram, mas o \u00f3bito de um deles ocorreu em decorr\u00eancia de outra comorbidade.<\/p>\n\n\n\n<p class=\"wp-block-paragraph\">Ainda segundo o boletim, 109 casos est\u00e3o em investiga\u00e7\u00e3o, incluindo duas pessoas que est\u00e3o internadas. Outras 444 notifica\u00e7\u00f5es foram descartadas.<\/p>\n\n\n\n<figure class=\"wp-block-image size-large\"><img decoding=\"async\" src=\"https:\/\/aconteceu.info\/boletins\/corona_timoteo_15junho2.jpg\" alt=\"\"\/><\/figure>\n\n\n\n<p class=\"has-background has-very-light-gray-background-color wp-block-paragraph\">Quer saber as not\u00edcias do <strong>Aconteceu no Vale<\/strong> em primeira m\u00e3o? Siga-nos no Facebook <a rel=\"noreferrer noopener\" href=\"http:\/\/facebook.com\/aconteceunovale\" target=\"_blank\">@aconteceunovale<\/a>, Twitter <a rel=\"noreferrer noopener\" href=\"https:\/\/twitter.com\/noticiadosvales\" target=\"_blank\">@noticiadosvales<\/a> e Instagram <a rel=\"noreferrer noopener\" href=\"https:\/\/www.instagram.com\/aconteceunovale\" target=\"_blank\">@aconteceunovale<\/a>.<\/p>\n","protected":false},"excerpt":{"rendered":"<p>A Prefeitura de Coronel Fabriciano (MG) confirmou, nesta segunda-feira (15\/6\/2020), nove novos casos de Covid-19. Com esses, o munic\u00edpio chegou a 253 moradores infectados pelo coronav\u00edrus. Do total de pacientes, segundo o boletim epidemiol\u00f3gico, 10 est\u00e3o internados, 61 cumprem isolamento domiciliar e um morreu. Outros 181 j\u00e1 se recuperaram da doen\u00e7a. Ainda de acordo com [&hellip;]<\/p>\n","protected":false},"author":1,"featured_media":162950,"comment_status":"open","ping_status":"closed","sticky":false,"template":"","format":"standard","meta":{"amp_status":"","footnotes":""},"categories":[121,40242],"tags":[222392,222388,222274,222394,217870,218105,218108,1524,222503,223295,223294,222416,222395,217942,222393,222390,223296,137210,222502,222749,34360,45751,2101,222461,222860,223289,222391,222463,222823,1105,222389,222501,222862,223288],"class_list":["post-164264","post","type-post","status-publish","format-standard","has-post-thumbnail","hentry","category-leste","category-saude-2","tag-casos-de-coronavirus-em-santana-do-paraiso","tag-casos-de-coronavirus-em-timoteo","tag-casos-de-covid-19-em-coronel-fabriciano","tag-casos-de-covid-19-em-santana-do-paraiso","tag-coronavirus-em-coronel-fabriciano","tag-coronavirus-em-santana-do-paraiso","tag-coronavirus-em-timoteo","tag-coronel-fabriciano","tag-coronel-fabriciano-confirma-mais-seis-casos-de-covid-19","tag-coronel-fabriciano-foca-na-prevencao-e-na-recuperacao-de-vitimas-da-covid-19","tag-coronel-fabriciano-registra-primeiro-obito-por-covid-19","tag-coronel-fabriciano-registra-seis-novos-casos-de-covid-19","tag-coronel-fabriciano-tem-16-recuperados-da-covid-19","tag-covid-19-em-coronel-fabriciano","tag-covid-19-em-santana-do-paraiso","tag-covid-19-em-timoteo","tag-covid-19-indice-de-recuperados-em-coronel-fabriciano-e-de-quase-60-dos-doentes","tag-prefeitura-de-coronel-fabriciano","tag-prefeitura-de-coronel-fabriciano-confirma-mais-seis-casos-de-covid-19","tag-prefeitura-de-coronel-fabriciano-confirma-mais-sete-casos-de-covid-19","tag-prefeitura-de-santana-do-paraiso","tag-prefeitura-de-timoteo","tag-santana-do-paraiso","tag-santana-do-paraiso-registra-primeiro-obito-por-covid-19","tag-santana-do-paraiso-tem-63-casos-confirmados-de-covid-19","tag-sobe-para-187-o-numero-de-casos-confirmados-de-covid-19-em-coronel-fabriciano","tag-sobe-para-19-o-numero-de-casos-confirmados-de-covid-19-em-santana-do-paraiso","tag-sobe-para-29-o-numero-de-casos-confirmados-de-covid-19-em-timoteo","tag-sobe-para-94-o-numero-de-casos-confirmados-de-covid-19-em-coronel-fabriciano","tag-timoteo","tag-timoteo-registra-cinco-novos-casos-de-covid-19","tag-timoteo-registra-primeiro-obito-por-covid-19","tag-timoteo-tem-52-casos-confirmados-de-covid-19","tag-timoteo-tem-82-casos-confirmados-de-covid-19"],"yoast_head":"<!-- This site is optimized with the Yoast SEO plugin v28.3 - https:\/\/yoast.com\/product\/yoast-seo-wordpress\/ -->\n<title>Coronel Fabriciano, Tim\u00f3teo e Santana do Para\u00edso confirmam 33 novos casos de Covid-19 - Aconteceu no Vale<\/title>\n<meta name=\"robots\" content=\"index, follow, max-snippet:-1, max-image-preview:large, max-video-preview:-1\" \/>\n<link rel=\"canonical\" href=\"https:\/\/aconteceunovale.com.br\/portal\/?p=164264\" \/>\n<meta property=\"og:locale\" content=\"pt_BR\" \/>\n<meta property=\"og:type\" content=\"article\" \/>\n<meta property=\"og:title\" content=\"Coronel Fabriciano, Tim\u00f3teo e Santana do Para\u00edso confirmam 33 novos casos de Covid-19 - Aconteceu no Vale\" \/>\n<meta property=\"og:description\" content=\"A Prefeitura de Coronel Fabriciano (MG) confirmou, nesta segunda-feira (15\/6\/2020), nove novos casos de Covid-19. Com esses, o munic\u00edpio chegou a 253 moradores infectados pelo coronav\u00edrus. Do total de pacientes, segundo o boletim epidemiol\u00f3gico, 10 est\u00e3o internados, 61 cumprem isolamento domiciliar e um morreu. Outros 181 j\u00e1 se recuperaram da doen\u00e7a. Ainda de acordo com [&hellip;]\" \/>\n<meta property=\"og:url\" content=\"https:\/\/aconteceunovale.com.br\/portal\/?p=164264\" \/>\n<meta property=\"og:site_name\" content=\"Aconteceu no Vale\" \/>\n<meta property=\"article:publisher\" content=\"https:\/\/www.facebook.com\/aconteceunovale\/\" \/>\n<meta property=\"article:published_time\" content=\"2020-06-16T03:44:52+00:00\" \/>\n<meta property=\"article:modified_time\" content=\"2020-06-16T03:45:12+00:00\" \/>\n<meta property=\"og:image\" content=\"https:\/\/aconteceunovale.com.br\/portal\/wp-content\/uploads\/2020\/05\/santana_paraiso.jpg\" \/>\n\t<meta property=\"og:image:width\" content=\"650\" \/>\n\t<meta property=\"og:image:height\" content=\"436\" \/>\n\t<meta property=\"og:image:type\" content=\"image\/jpeg\" \/>\n<meta name=\"author\" content=\"Aconteceu no Vale\" \/>\n<meta name=\"twitter:card\" content=\"summary_large_image\" \/>\n<meta name=\"twitter:creator\" content=\"@noticiadosvales\" \/>\n<meta name=\"twitter:site\" content=\"@noticiadosvales\" \/>\n<meta name=\"twitter:label1\" content=\"Escrito por\" \/>\n\t<meta name=\"twitter:data1\" content=\"Aconteceu no Vale\" \/>\n\t<meta name=\"twitter:label2\" content=\"Est. tempo de leitura\" \/>\n\t<meta name=\"twitter:data2\" content=\"1 minuto\" \/>\n<script type=\"application\/ld+json\" class=\"yoast-schema-graph\">{\"@context\":\"https:\\\/\\\/schema.org\",\"@graph\":[{\"@type\":\"Article\",\"@id\":\"https:\\\/\\\/aconteceunovale.com.br\\\/portal\\\/?p=164264#article\",\"isPartOf\":{\"@id\":\"https:\\\/\\\/aconteceunovale.com.br\\\/portal\\\/?p=164264\"},\"author\":{\"name\":\"Aconteceu no Vale\",\"@id\":\"https:\\\/\\\/aconteceunovale.com.br\\\/portal\\\/#\\\/schema\\\/person\\\/633529146f2c94272bef50ac2953d589\"},\"headline\":\"Coronel Fabriciano, Tim\u00f3teo e Santana do Para\u00edso confirmam 33 novos casos de Covid-19\",\"datePublished\":\"2020-06-16T03:44:52+00:00\",\"dateModified\":\"2020-06-16T03:45:12+00:00\",\"mainEntityOfPage\":{\"@id\":\"https:\\\/\\\/aconteceunovale.com.br\\\/portal\\\/?p=164264\"},\"wordCount\":304,\"commentCount\":0,\"image\":{\"@id\":\"https:\\\/\\\/aconteceunovale.com.br\\\/portal\\\/?p=164264#primaryimage\"},\"thumbnailUrl\":\"https:\\\/\\\/aconteceunovale.com.br\\\/portal\\\/wp-content\\\/uploads\\\/2020\\\/05\\\/santana_paraiso.jpg\",\"keywords\":[\"Casos de coronav\u00edrus em Santana do Para\u00edso\",\"Casos de coronav\u00edrus em Tim\u00f3teo\",\"Casos de covid-19 em Coronel Fabriciano\",\"Casos de covid-19 em Santana do Para\u00edso\",\"Coronav\u00edrus em Coronel Fabriciano\",\"Coronav\u00edrus em Santana do Para\u00edso\",\"Coronav\u00edrus em Tim\u00f3teo\",\"Coronel Fabriciano\",\"Coronel Fabriciano confirma mais seis casos de Covid-19\",\"Coronel Fabriciano foca na preven\u00e7\u00e3o e na recupera\u00e7\u00e3o de v\u00edtimas da Covid-19\",\"Coronel Fabriciano registra primeiro \u00f3bito por Covid-19\",\"Coronel Fabriciano registra seis novos casos de Covid-19\",\"Coronel Fabriciano tem 16 recuperados da Covid-19\",\"Covid-19 em CORONEL FABRICIANO\",\"Covid-19 em Santana do Para\u00edso\",\"Covid-19 em Tim\u00f3teo\",\"Covid-19: \u00edndice de recuperados em Coronel Fabriciano \u00e9 de quase 60% dos doentes\",\"Prefeitura de Coronel Fabriciano\",\"Prefeitura de Coronel Fabriciano confirma mais seis casos de Covid-19\",\"Prefeitura de Coronel Fabriciano confirma mais sete casos de Covid-19\",\"prefeitura de Santana do Para\u00edso\",\"Prefeitura de Tim\u00f3teo\",\"Santana do Para\u00edso\",\"Santana do Para\u00edso registra primeiro \u00f3bito por Covid-19\",\"Santana do Para\u00edso tem 63 casos confirmados de Covid-19\",\"Sobe para 187 o n\u00famero de casos confirmados de Covid-19 em Coronel Fabriciano\",\"Sobe para 19 o n\u00famero de casos confirmados de Covid-19 em Santana do Para\u00edso\",\"Sobe para 29 o n\u00famero de casos confirmados de Covid-19 em Tim\u00f3teo\",\"Sobe para 94 o n\u00famero de casos confirmados de Covid-19 em Coronel Fabriciano\",\"Tim\u00f3teo\",\"Tim\u00f3teo registra cinco novos casos de Covid-19\",\"Tim\u00f3teo registra primeiro \u00f3bito por Covid-19\",\"Tim\u00f3teo tem 52 casos confirmados de Covid-19\",\"Tim\u00f3teo tem 82 casos confirmados de Covid-19\"],\"articleSection\":[\"Leste de Minas\",\"Sa\u00fade\"],\"inLanguage\":\"pt-BR\",\"potentialAction\":[{\"@type\":\"CommentAction\",\"name\":\"Comment\",\"target\":[\"https:\\\/\\\/aconteceunovale.com.br\\\/portal\\\/?p=164264#respond\"]}]},{\"@type\":\"WebPage\",\"@id\":\"https:\\\/\\\/aconteceunovale.com.br\\\/portal\\\/?p=164264\",\"url\":\"https:\\\/\\\/aconteceunovale.com.br\\\/portal\\\/?p=164264\",\"name\":\"Coronel Fabriciano, Tim\u00f3teo e Santana do Para\u00edso confirmam 33 novos casos de Covid-19 - Aconteceu no Vale\",\"isPartOf\":{\"@id\":\"https:\\\/\\\/aconteceunovale.com.br\\\/portal\\\/#website\"},\"primaryImageOfPage\":{\"@id\":\"https:\\\/\\\/aconteceunovale.com.br\\\/portal\\\/?p=164264#primaryimage\"},\"image\":{\"@id\":\"https:\\\/\\\/aconteceunovale.com.br\\\/portal\\\/?p=164264#primaryimage\"},\"thumbnailUrl\":\"https:\\\/\\\/aconteceunovale.com.br\\\/portal\\\/wp-content\\\/uploads\\\/2020\\\/05\\\/santana_paraiso.jpg\",\"datePublished\":\"2020-06-16T03:44:52+00:00\",\"dateModified\":\"2020-06-16T03:45:12+00:00\",\"author\":{\"@id\":\"https:\\\/\\\/aconteceunovale.com.br\\\/portal\\\/#\\\/schema\\\/person\\\/633529146f2c94272bef50ac2953d589\"},\"breadcrumb\":{\"@id\":\"https:\\\/\\\/aconteceunovale.com.br\\\/portal\\\/?p=164264#breadcrumb\"},\"inLanguage\":\"pt-BR\",\"potentialAction\":[{\"@type\":\"ReadAction\",\"target\":[\"https:\\\/\\\/aconteceunovale.com.br\\\/portal\\\/?p=164264\"]}]},{\"@type\":\"ImageObject\",\"inLanguage\":\"pt-BR\",\"@id\":\"https:\\\/\\\/aconteceunovale.com.br\\\/portal\\\/?p=164264#primaryimage\",\"url\":\"https:\\\/\\\/aconteceunovale.com.br\\\/portal\\\/wp-content\\\/uploads\\\/2020\\\/05\\\/santana_paraiso.jpg\",\"contentUrl\":\"https:\\\/\\\/aconteceunovale.com.br\\\/portal\\\/wp-content\\\/uploads\\\/2020\\\/05\\\/santana_paraiso.jpg\",\"width\":650,\"height\":436},{\"@type\":\"BreadcrumbList\",\"@id\":\"https:\\\/\\\/aconteceunovale.com.br\\\/portal\\\/?p=164264#breadcrumb\",\"itemListElement\":[{\"@type\":\"ListItem\",\"position\":1,\"name\":\"In\u00edcio\",\"item\":\"https:\\\/\\\/aconteceunovale.com.br\\\/portal\\\/\"},{\"@type\":\"ListItem\",\"position\":2,\"name\":\"Coronel Fabriciano, Tim\u00f3teo e Santana do Para\u00edso confirmam 33 novos casos de Covid-19\"}]},{\"@type\":\"WebSite\",\"@id\":\"https:\\\/\\\/aconteceunovale.com.br\\\/portal\\\/#website\",\"url\":\"https:\\\/\\\/aconteceunovale.com.br\\\/portal\\\/\",\"name\":\"Aconteceu no Vale\",\"description\":\"Portal de Not\u00edcias\",\"potentialAction\":[{\"@type\":\"SearchAction\",\"target\":{\"@type\":\"EntryPoint\",\"urlTemplate\":\"https:\\\/\\\/aconteceunovale.com.br\\\/portal\\\/?s={search_term_string}\"},\"query-input\":{\"@type\":\"PropertyValueSpecification\",\"valueRequired\":true,\"valueName\":\"search_term_string\"}}],\"inLanguage\":\"pt-BR\"},{\"@type\":\"Person\",\"@id\":\"https:\\\/\\\/aconteceunovale.com.br\\\/portal\\\/#\\\/schema\\\/person\\\/633529146f2c94272bef50ac2953d589\",\"name\":\"Aconteceu no Vale\",\"description\":\"Equipe de reportagem do Aconteceu no Vale, portal de not\u00edcias do Vale do Jequitinhonha, em Minas Gerais. Cobrimos as 51 cidades do Vale desde 2013. Sugest\u00f5es de pauta e pedidos de corre\u00e7\u00e3o: contato@aconteceunovale.com.br\",\"sameAs\":[\"http:\\\/\\\/www.aconteceunovale.com.br\"],\"url\":\"https:\\\/\\\/aconteceunovale.com.br\\\/portal\\\/?author=1\"}]}<\/script>\n<!-- \/ Yoast SEO plugin. -->","yoast_head_json":{"title":"Coronel Fabriciano, Tim\u00f3teo e Santana do Para\u00edso confirmam 33 novos casos de Covid-19 - Aconteceu no Vale","robots":{"index":"index","follow":"follow","max-snippet":"max-snippet:-1","max-image-preview":"max-image-preview:large","max-video-preview":"max-video-preview:-1"},"canonical":"https:\/\/aconteceunovale.com.br\/portal\/?p=164264","og_locale":"pt_BR","og_type":"article","og_title":"Coronel Fabriciano, Tim\u00f3teo e Santana do Para\u00edso confirmam 33 novos casos de Covid-19 - Aconteceu no Vale","og_description":"A Prefeitura de Coronel Fabriciano (MG) confirmou, nesta segunda-feira (15\/6\/2020), nove novos casos de Covid-19. Com esses, o munic\u00edpio chegou a 253 moradores infectados pelo coronav\u00edrus. Do total de pacientes, segundo o boletim epidemiol\u00f3gico, 10 est\u00e3o internados, 61 cumprem isolamento domiciliar e um morreu. Outros 181 j\u00e1 se recuperaram da doen\u00e7a. Ainda de acordo com [&hellip;]","og_url":"https:\/\/aconteceunovale.com.br\/portal\/?p=164264","og_site_name":"Aconteceu no Vale","article_publisher":"https:\/\/www.facebook.com\/aconteceunovale\/","article_published_time":"2020-06-16T03:44:52+00:00","article_modified_time":"2020-06-16T03:45:12+00:00","og_image":[{"width":650,"height":436,"url":"https:\/\/aconteceunovale.com.br\/portal\/wp-content\/uploads\/2020\/05\/santana_paraiso.jpg","type":"image\/jpeg"}],"author":"Aconteceu no Vale","twitter_card":"summary_large_image","twitter_creator":"@noticiadosvales","twitter_site":"@noticiadosvales","twitter_misc":{"Escrito por":"Aconteceu no Vale","Est. tempo de leitura":"1 minuto"},"schema":{"@context":"https:\/\/schema.org","@graph":[{"@type":"Article","@id":"https:\/\/aconteceunovale.com.br\/portal\/?p=164264#article","isPartOf":{"@id":"https:\/\/aconteceunovale.com.br\/portal\/?p=164264"},"author":{"name":"Aconteceu no Vale","@id":"https:\/\/aconteceunovale.com.br\/portal\/#\/schema\/person\/633529146f2c94272bef50ac2953d589"},"headline":"Coronel Fabriciano, Tim\u00f3teo e Santana do Para\u00edso confirmam 33 novos casos de Covid-19","datePublished":"2020-06-16T03:44:52+00:00","dateModified":"2020-06-16T03:45:12+00:00","mainEntityOfPage":{"@id":"https:\/\/aconteceunovale.com.br\/portal\/?p=164264"},"wordCount":304,"commentCount":0,"image":{"@id":"https:\/\/aconteceunovale.com.br\/portal\/?p=164264#primaryimage"},"thumbnailUrl":"https:\/\/aconteceunovale.com.br\/portal\/wp-content\/uploads\/2020\/05\/santana_paraiso.jpg","keywords":["Casos de coronav\u00edrus em Santana do Para\u00edso","Casos de coronav\u00edrus em Tim\u00f3teo","Casos de covid-19 em Coronel Fabriciano","Casos de covid-19 em Santana do Para\u00edso","Coronav\u00edrus em Coronel Fabriciano","Coronav\u00edrus em Santana do Para\u00edso","Coronav\u00edrus em Tim\u00f3teo","Coronel Fabriciano","Coronel Fabriciano confirma mais seis casos de Covid-19","Coronel Fabriciano foca na preven\u00e7\u00e3o e na recupera\u00e7\u00e3o de v\u00edtimas da Covid-19","Coronel Fabriciano registra primeiro \u00f3bito por Covid-19","Coronel Fabriciano registra seis novos casos de Covid-19","Coronel Fabriciano tem 16 recuperados da Covid-19","Covid-19 em CORONEL FABRICIANO","Covid-19 em Santana do Para\u00edso","Covid-19 em Tim\u00f3teo","Covid-19: \u00edndice de recuperados em Coronel Fabriciano \u00e9 de quase 60% dos doentes","Prefeitura de Coronel Fabriciano","Prefeitura de Coronel Fabriciano confirma mais seis casos de Covid-19","Prefeitura de Coronel Fabriciano confirma mais sete casos de Covid-19","prefeitura de Santana do Para\u00edso","Prefeitura de Tim\u00f3teo","Santana do Para\u00edso","Santana do Para\u00edso registra primeiro \u00f3bito por Covid-19","Santana do Para\u00edso tem 63 casos confirmados de Covid-19","Sobe para 187 o n\u00famero de casos confirmados de Covid-19 em Coronel Fabriciano","Sobe para 19 o n\u00famero de casos confirmados de Covid-19 em Santana do Para\u00edso","Sobe para 29 o n\u00famero de casos confirmados de Covid-19 em Tim\u00f3teo","Sobe para 94 o n\u00famero de casos confirmados de Covid-19 em Coronel Fabriciano","Tim\u00f3teo","Tim\u00f3teo registra cinco novos casos de Covid-19","Tim\u00f3teo registra primeiro \u00f3bito por Covid-19","Tim\u00f3teo tem 52 casos confirmados de Covid-19","Tim\u00f3teo tem 82 casos confirmados de Covid-19"],"articleSection":["Leste de Minas","Sa\u00fade"],"inLanguage":"pt-BR","potentialAction":[{"@type":"CommentAction","name":"Comment","target":["https:\/\/aconteceunovale.com.br\/portal\/?p=164264#respond"]}]},{"@type":"WebPage","@id":"https:\/\/aconteceunovale.com.br\/portal\/?p=164264","url":"https:\/\/aconteceunovale.com.br\/portal\/?p=164264","name":"Coronel Fabriciano, Tim\u00f3teo e Santana do Para\u00edso confirmam 33 novos casos de Covid-19 - Aconteceu no Vale","isPartOf":{"@id":"https:\/\/aconteceunovale.com.br\/portal\/#website"},"primaryImageOfPage":{"@id":"https:\/\/aconteceunovale.com.br\/portal\/?p=164264#primaryimage"},"image":{"@id":"https:\/\/aconteceunovale.com.br\/portal\/?p=164264#primaryimage"},"thumbnailUrl":"https:\/\/aconteceunovale.com.br\/portal\/wp-content\/uploads\/2020\/05\/santana_paraiso.jpg","datePublished":"2020-06-16T03:44:52+00:00","dateModified":"2020-06-16T03:45:12+00:00","author":{"@id":"https:\/\/aconteceunovale.com.br\/portal\/#\/schema\/person\/633529146f2c94272bef50ac2953d589"},"breadcrumb":{"@id":"https:\/\/aconteceunovale.com.br\/portal\/?p=164264#breadcrumb"},"inLanguage":"pt-BR","potentialAction":[{"@type":"ReadAction","target":["https:\/\/aconteceunovale.com.br\/portal\/?p=164264"]}]},{"@type":"ImageObject","inLanguage":"pt-BR","@id":"https:\/\/aconteceunovale.com.br\/portal\/?p=164264#primaryimage","url":"https:\/\/aconteceunovale.com.br\/portal\/wp-content\/uploads\/2020\/05\/santana_paraiso.jpg","contentUrl":"https:\/\/aconteceunovale.com.br\/portal\/wp-content\/uploads\/2020\/05\/santana_paraiso.jpg","width":650,"height":436},{"@type":"BreadcrumbList","@id":"https:\/\/aconteceunovale.com.br\/portal\/?p=164264#breadcrumb","itemListElement":[{"@type":"ListItem","position":1,"name":"In\u00edcio","item":"https:\/\/aconteceunovale.com.br\/portal\/"},{"@type":"ListItem","position":2,"name":"Coronel Fabriciano, Tim\u00f3teo e Santana do Para\u00edso confirmam 33 novos casos de Covid-19"}]},{"@type":"WebSite","@id":"https:\/\/aconteceunovale.com.br\/portal\/#website","url":"https:\/\/aconteceunovale.com.br\/portal\/","name":"Aconteceu no Vale","description":"Portal de Not\u00edcias","potentialAction":[{"@type":"SearchAction","target":{"@type":"EntryPoint","urlTemplate":"https:\/\/aconteceunovale.com.br\/portal\/?s={search_term_string}"},"query-input":{"@type":"PropertyValueSpecification","valueRequired":true,"valueName":"search_term_string"}}],"inLanguage":"pt-BR"},{"@type":"Person","@id":"https:\/\/aconteceunovale.com.br\/portal\/#\/schema\/person\/633529146f2c94272bef50ac2953d589","name":"Aconteceu no Vale","description":"Equipe de reportagem do Aconteceu no Vale, portal de not\u00edcias do Vale do Jequitinhonha, em Minas Gerais. Cobrimos as 51 cidades do Vale desde 2013. Sugest\u00f5es de pauta e pedidos de corre\u00e7\u00e3o: contato@aconteceunovale.com.br","sameAs":["http:\/\/www.aconteceunovale.com.br"],"url":"https:\/\/aconteceunovale.com.br\/portal\/?author=1"}]}},"_links":{"self":[{"href":"https:\/\/aconteceunovale.com.br\/portal\/index.php?rest_route=\/wp\/v2\/posts\/164264","targetHints":{"allow":["GET"]}}],"collection":[{"href":"https:\/\/aconteceunovale.com.br\/portal\/index.php?rest_route=\/wp\/v2\/posts"}],"about":[{"href":"https:\/\/aconteceunovale.com.br\/portal\/index.php?rest_route=\/wp\/v2\/types\/post"}],"author":[{"embeddable":true,"href":"https:\/\/aconteceunovale.com.br\/portal\/index.php?rest_route=\/wp\/v2\/users\/1"}],"replies":[{"embeddable":true,"href":"https:\/\/aconteceunovale.com.br\/portal\/index.php?rest_route=%2Fwp%2Fv2%2Fcomments&post=164264"}],"version-history":[{"count":1,"href":"https:\/\/aconteceunovale.com.br\/portal\/index.php?rest_route=\/wp\/v2\/posts\/164264\/revisions"}],"predecessor-version":[{"id":164265,"href":"https:\/\/aconteceunovale.com.br\/portal\/index.php?rest_route=\/wp\/v2\/posts\/164264\/revisions\/164265"}],"wp:featuredmedia":[{"embeddable":true,"href":"https:\/\/aconteceunovale.com.br\/portal\/index.php?rest_route=\/wp\/v2\/media\/162950"}],"wp:attachment":[{"href":"https:\/\/aconteceunovale.com.br\/portal\/index.php?rest_route=%2Fwp%2Fv2%2Fmedia&parent=164264"}],"wp:term":[{"taxonomy":"category","embeddable":true,"href":"https:\/\/aconteceunovale.com.br\/portal\/index.php?rest_route=%2Fwp%2Fv2%2Fcategories&post=164264"},{"taxonomy":"post_tag","embeddable":true,"href":"https:\/\/aconteceunovale.com.br\/portal\/index.php?rest_route=%2Fwp%2Fv2%2Ftags&post=164264"}],"curies":[{"name":"wp","href":"https:\/\/api.w.org\/{rel}","templated":true}]}}