{"id":164258,"date":"2020-06-16T00:11:47","date_gmt":"2020-06-16T03:11:47","guid":{"rendered":"https:\/\/aconteceunovale.com.br\/portal\/?p=164258"},"modified":"2020-06-16T00:12:01","modified_gmt":"2020-06-16T03:12:01","slug":"belo-oriente-registra-terceiro-obito-por-covid-19","status":"publish","type":"post","link":"https:\/\/aconteceunovale.com.br\/portal\/?p=164258","title":{"rendered":"Belo Oriente registra terceiro \u00f3bito por Covid-19"},"content":{"rendered":"\n<p class=\"wp-block-paragraph\">A Prefeitura de Belo Oriente confirmou, nesta segunda-feira (15\/6\/2020), mais uma morte por complica\u00e7\u00f5es causadas pelo novo coronav\u00edrus (Covid-19).<\/p>\n\n\n\n<p class=\"wp-block-paragraph\">De acordo com o munic\u00edpio, trata-se de um homem, de 75 anos, que passava por tratamento oncol\u00f3gico e apresentou problemas respirat\u00f3rios. Ele estava internado no Hospital M\u00e1rcio Cunha, em Ipatinga.<\/p>\n\n\n\n<p class=\"wp-block-paragraph\">Al\u00e9m do \u00f3bito, o munic\u00edpio confirmou mais quatro casos de Covid-19. O n\u00famero total de infectados subiu para 33.<\/p>\n\n\n\n<p class=\"wp-block-paragraph\">De acordo com o boletim epidemiol\u00f3gico, divulgado pelo munic\u00edpio no final da tarde, nove pacientes foram curados, 21 est\u00e3o em isolamento domiciliar e tr\u00eas morreram.<\/p>\n\n\n\n<figure class=\"wp-block-image size-large\"><img decoding=\"async\" src=\"https:\/\/aconteceu.info\/boletins\/corona_belooriente_15junho_1.jpg\" alt=\"\"\/><\/figure>\n\n\n\n<figure class=\"wp-block-image size-large\"><img decoding=\"async\" src=\"https:\/\/aconteceu.info\/boletins\/corona_belooriente_15junho_2.jpg\" alt=\"\"\/><\/figure>\n\n\n\n<p class=\"has-background has-very-light-gray-background-color wp-block-paragraph\">Quer saber as not\u00edcias do <strong>Aconteceu no Vale<\/strong> em primeira m\u00e3o? Siga-nos no Facebook <a rel=\"noreferrer noopener\" href=\"http:\/\/facebook.com\/aconteceunovale\" target=\"_blank\">@aconteceunovale<\/a>, Twitter <a rel=\"noreferrer noopener\" href=\"https:\/\/twitter.com\/noticiadosvales\" target=\"_blank\">@noticiadosvales<\/a> e Instagram <a rel=\"noreferrer noopener\" href=\"https:\/\/www.instagram.com\/aconteceunovale\" target=\"_blank\">@aconteceunovale<\/a>.<\/p>\n","protected":false},"excerpt":{"rendered":"<p>A Prefeitura de Belo Oriente confirmou, nesta segunda-feira (15\/6\/2020), mais uma morte por complica\u00e7\u00f5es causadas pelo novo coronav\u00edrus (Covid-19). De acordo com o munic\u00edpio, trata-se de um homem, de 75 anos, que passava por tratamento oncol\u00f3gico e apresentou problemas respirat\u00f3rios. Ele estava internado no Hospital M\u00e1rcio Cunha, em Ipatinga. Al\u00e9m do \u00f3bito, o munic\u00edpio confirmou [&hellip;]<\/p>\n","protected":false},"author":1,"featured_media":164259,"comment_status":"open","ping_status":"closed","sticky":false,"template":"","format":"standard","meta":{"amp_status":"","footnotes":""},"categories":[121,40242],"tags":[350,223781,223779,223780,223777,223778],"class_list":["post-164258","post","type-post","status-publish","format-standard","has-post-thumbnail","hentry","category-leste","category-saude-2","tag-belo-oriente","tag-belo-oriente-registra-terceiro-obito-por-covid-19","tag-casos-de-coronavirus-em-belo-oriente","tag-casos-de-covid-19-em-belo-oriente","tag-coronavirus-em-belo-oriente","tag-covid-19-em-belo-oriente"],"yoast_head":"<!-- This site is optimized with the Yoast SEO plugin v28.3 - https:\/\/yoast.com\/product\/yoast-seo-wordpress\/ -->\n<title>Belo Oriente registra terceiro \u00f3bito por Covid-19 - Aconteceu no Vale<\/title>\n<meta name=\"robots\" content=\"index, follow, max-snippet:-1, max-image-preview:large, max-video-preview:-1\" \/>\n<link rel=\"canonical\" href=\"https:\/\/aconteceunovale.com.br\/portal\/?p=164258\" \/>\n<meta property=\"og:locale\" content=\"pt_BR\" \/>\n<meta property=\"og:type\" content=\"article\" \/>\n<meta property=\"og:title\" content=\"Belo Oriente registra terceiro \u00f3bito por Covid-19 - Aconteceu no Vale\" \/>\n<meta property=\"og:description\" content=\"A Prefeitura de Belo Oriente confirmou, nesta segunda-feira (15\/6\/2020), mais uma morte por complica\u00e7\u00f5es causadas pelo novo coronav\u00edrus (Covid-19). De acordo com o munic\u00edpio, trata-se de um homem, de 75 anos, que passava por tratamento oncol\u00f3gico e apresentou problemas respirat\u00f3rios. Ele estava internado no Hospital M\u00e1rcio Cunha, em Ipatinga. Al\u00e9m do \u00f3bito, o munic\u00edpio confirmou [&hellip;]\" \/>\n<meta property=\"og:url\" content=\"https:\/\/aconteceunovale.com.br\/portal\/?p=164258\" \/>\n<meta property=\"og:site_name\" content=\"Aconteceu no Vale\" \/>\n<meta property=\"article:publisher\" content=\"https:\/\/www.facebook.com\/aconteceunovale\/\" \/>\n<meta property=\"article:published_time\" content=\"2020-06-16T03:11:47+00:00\" \/>\n<meta property=\"article:modified_time\" content=\"2020-06-16T03:12:01+00:00\" \/>\n<meta property=\"og:image\" content=\"https:\/\/aconteceunovale.com.br\/portal\/wp-content\/uploads\/2020\/06\/corona_belooriente_15junho_3.jpg\" \/>\n\t<meta property=\"og:image:width\" content=\"650\" \/>\n\t<meta property=\"og:image:height\" content=\"407\" \/>\n\t<meta property=\"og:image:type\" content=\"image\/jpeg\" \/>\n<meta name=\"author\" content=\"Aconteceu no Vale\" \/>\n<meta name=\"twitter:card\" content=\"summary_large_image\" \/>\n<meta name=\"twitter:creator\" content=\"@noticiadosvales\" \/>\n<meta name=\"twitter:site\" content=\"@noticiadosvales\" \/>\n<meta name=\"twitter:label1\" content=\"Escrito por\" \/>\n\t<meta name=\"twitter:data1\" content=\"Aconteceu no Vale\" \/>\n\t<meta name=\"twitter:label2\" content=\"Est. tempo de leitura\" \/>\n\t<meta name=\"twitter:data2\" content=\"1 minuto\" \/>\n<script type=\"application\/ld+json\" class=\"yoast-schema-graph\">{\"@context\":\"https:\\\/\\\/schema.org\",\"@graph\":[{\"@type\":\"Article\",\"@id\":\"https:\\\/\\\/aconteceunovale.com.br\\\/portal\\\/?p=164258#article\",\"isPartOf\":{\"@id\":\"https:\\\/\\\/aconteceunovale.com.br\\\/portal\\\/?p=164258\"},\"author\":{\"name\":\"Aconteceu no Vale\",\"@id\":\"https:\\\/\\\/aconteceunovale.com.br\\\/portal\\\/#\\\/schema\\\/person\\\/633529146f2c94272bef50ac2953d589\"},\"headline\":\"Belo Oriente registra terceiro \u00f3bito por Covid-19\",\"datePublished\":\"2020-06-16T03:11:47+00:00\",\"dateModified\":\"2020-06-16T03:12:01+00:00\",\"mainEntityOfPage\":{\"@id\":\"https:\\\/\\\/aconteceunovale.com.br\\\/portal\\\/?p=164258\"},\"wordCount\":131,\"commentCount\":0,\"image\":{\"@id\":\"https:\\\/\\\/aconteceunovale.com.br\\\/portal\\\/?p=164258#primaryimage\"},\"thumbnailUrl\":\"https:\\\/\\\/aconteceunovale.com.br\\\/portal\\\/wp-content\\\/uploads\\\/2020\\\/06\\\/corona_belooriente_15junho_3.jpg\",\"keywords\":[\"belo oriente\",\"Belo Oriente registra terceiro \u00f3bito por Covid-19\",\"Casos de coronav\u00edrus em Belo Oriente\",\"Casos de Covid-19 em Belo Oriente\",\"Coronav\u00edrus em Belo Oriente\",\"Covid-19 em Belo Oriente\"],\"articleSection\":[\"Leste de Minas\",\"Sa\u00fade\"],\"inLanguage\":\"pt-BR\",\"potentialAction\":[{\"@type\":\"CommentAction\",\"name\":\"Comment\",\"target\":[\"https:\\\/\\\/aconteceunovale.com.br\\\/portal\\\/?p=164258#respond\"]}]},{\"@type\":\"WebPage\",\"@id\":\"https:\\\/\\\/aconteceunovale.com.br\\\/portal\\\/?p=164258\",\"url\":\"https:\\\/\\\/aconteceunovale.com.br\\\/portal\\\/?p=164258\",\"name\":\"Belo Oriente registra terceiro \u00f3bito por Covid-19 - Aconteceu no Vale\",\"isPartOf\":{\"@id\":\"https:\\\/\\\/aconteceunovale.com.br\\\/portal\\\/#website\"},\"primaryImageOfPage\":{\"@id\":\"https:\\\/\\\/aconteceunovale.com.br\\\/portal\\\/?p=164258#primaryimage\"},\"image\":{\"@id\":\"https:\\\/\\\/aconteceunovale.com.br\\\/portal\\\/?p=164258#primaryimage\"},\"thumbnailUrl\":\"https:\\\/\\\/aconteceunovale.com.br\\\/portal\\\/wp-content\\\/uploads\\\/2020\\\/06\\\/corona_belooriente_15junho_3.jpg\",\"datePublished\":\"2020-06-16T03:11:47+00:00\",\"dateModified\":\"2020-06-16T03:12:01+00:00\",\"author\":{\"@id\":\"https:\\\/\\\/aconteceunovale.com.br\\\/portal\\\/#\\\/schema\\\/person\\\/633529146f2c94272bef50ac2953d589\"},\"breadcrumb\":{\"@id\":\"https:\\\/\\\/aconteceunovale.com.br\\\/portal\\\/?p=164258#breadcrumb\"},\"inLanguage\":\"pt-BR\",\"potentialAction\":[{\"@type\":\"ReadAction\",\"target\":[\"https:\\\/\\\/aconteceunovale.com.br\\\/portal\\\/?p=164258\"]}]},{\"@type\":\"ImageObject\",\"inLanguage\":\"pt-BR\",\"@id\":\"https:\\\/\\\/aconteceunovale.com.br\\\/portal\\\/?p=164258#primaryimage\",\"url\":\"https:\\\/\\\/aconteceunovale.com.br\\\/portal\\\/wp-content\\\/uploads\\\/2020\\\/06\\\/corona_belooriente_15junho_3.jpg\",\"contentUrl\":\"https:\\\/\\\/aconteceunovale.com.br\\\/portal\\\/wp-content\\\/uploads\\\/2020\\\/06\\\/corona_belooriente_15junho_3.jpg\",\"width\":650,\"height\":407},{\"@type\":\"BreadcrumbList\",\"@id\":\"https:\\\/\\\/aconteceunovale.com.br\\\/portal\\\/?p=164258#breadcrumb\",\"itemListElement\":[{\"@type\":\"ListItem\",\"position\":1,\"name\":\"In\u00edcio\",\"item\":\"https:\\\/\\\/aconteceunovale.com.br\\\/portal\\\/\"},{\"@type\":\"ListItem\",\"position\":2,\"name\":\"Belo Oriente registra terceiro \u00f3bito por Covid-19\"}]},{\"@type\":\"WebSite\",\"@id\":\"https:\\\/\\\/aconteceunovale.com.br\\\/portal\\\/#website\",\"url\":\"https:\\\/\\\/aconteceunovale.com.br\\\/portal\\\/\",\"name\":\"Aconteceu no Vale\",\"description\":\"Portal de Not\u00edcias\",\"potentialAction\":[{\"@type\":\"SearchAction\",\"target\":{\"@type\":\"EntryPoint\",\"urlTemplate\":\"https:\\\/\\\/aconteceunovale.com.br\\\/portal\\\/?s={search_term_string}\"},\"query-input\":{\"@type\":\"PropertyValueSpecification\",\"valueRequired\":true,\"valueName\":\"search_term_string\"}}],\"inLanguage\":\"pt-BR\"},{\"@type\":\"Person\",\"@id\":\"https:\\\/\\\/aconteceunovale.com.br\\\/portal\\\/#\\\/schema\\\/person\\\/633529146f2c94272bef50ac2953d589\",\"name\":\"Aconteceu no Vale\",\"description\":\"Equipe de reportagem do Aconteceu no Vale, portal de not\u00edcias do Vale do Jequitinhonha, em Minas Gerais. Cobrimos as 51 cidades do Vale desde 2013. Sugest\u00f5es de pauta e pedidos de corre\u00e7\u00e3o: contato@aconteceunovale.com.br\",\"sameAs\":[\"http:\\\/\\\/www.aconteceunovale.com.br\"],\"url\":\"https:\\\/\\\/aconteceunovale.com.br\\\/portal\\\/?author=1\"}]}<\/script>\n<!-- \/ Yoast SEO plugin. -->","yoast_head_json":{"title":"Belo Oriente registra terceiro \u00f3bito por Covid-19 - Aconteceu no Vale","robots":{"index":"index","follow":"follow","max-snippet":"max-snippet:-1","max-image-preview":"max-image-preview:large","max-video-preview":"max-video-preview:-1"},"canonical":"https:\/\/aconteceunovale.com.br\/portal\/?p=164258","og_locale":"pt_BR","og_type":"article","og_title":"Belo Oriente registra terceiro \u00f3bito por Covid-19 - Aconteceu no Vale","og_description":"A Prefeitura de Belo Oriente confirmou, nesta segunda-feira (15\/6\/2020), mais uma morte por complica\u00e7\u00f5es causadas pelo novo coronav\u00edrus (Covid-19). De acordo com o munic\u00edpio, trata-se de um homem, de 75 anos, que passava por tratamento oncol\u00f3gico e apresentou problemas respirat\u00f3rios. Ele estava internado no Hospital M\u00e1rcio Cunha, em Ipatinga. Al\u00e9m do \u00f3bito, o munic\u00edpio confirmou [&hellip;]","og_url":"https:\/\/aconteceunovale.com.br\/portal\/?p=164258","og_site_name":"Aconteceu no Vale","article_publisher":"https:\/\/www.facebook.com\/aconteceunovale\/","article_published_time":"2020-06-16T03:11:47+00:00","article_modified_time":"2020-06-16T03:12:01+00:00","og_image":[{"width":650,"height":407,"url":"https:\/\/aconteceunovale.com.br\/portal\/wp-content\/uploads\/2020\/06\/corona_belooriente_15junho_3.jpg","type":"image\/jpeg"}],"author":"Aconteceu no Vale","twitter_card":"summary_large_image","twitter_creator":"@noticiadosvales","twitter_site":"@noticiadosvales","twitter_misc":{"Escrito por":"Aconteceu no Vale","Est. tempo de leitura":"1 minuto"},"schema":{"@context":"https:\/\/schema.org","@graph":[{"@type":"Article","@id":"https:\/\/aconteceunovale.com.br\/portal\/?p=164258#article","isPartOf":{"@id":"https:\/\/aconteceunovale.com.br\/portal\/?p=164258"},"author":{"name":"Aconteceu no Vale","@id":"https:\/\/aconteceunovale.com.br\/portal\/#\/schema\/person\/633529146f2c94272bef50ac2953d589"},"headline":"Belo Oriente registra terceiro \u00f3bito por Covid-19","datePublished":"2020-06-16T03:11:47+00:00","dateModified":"2020-06-16T03:12:01+00:00","mainEntityOfPage":{"@id":"https:\/\/aconteceunovale.com.br\/portal\/?p=164258"},"wordCount":131,"commentCount":0,"image":{"@id":"https:\/\/aconteceunovale.com.br\/portal\/?p=164258#primaryimage"},"thumbnailUrl":"https:\/\/aconteceunovale.com.br\/portal\/wp-content\/uploads\/2020\/06\/corona_belooriente_15junho_3.jpg","keywords":["belo oriente","Belo Oriente registra terceiro \u00f3bito por Covid-19","Casos de coronav\u00edrus em Belo Oriente","Casos de Covid-19 em Belo Oriente","Coronav\u00edrus em Belo Oriente","Covid-19 em Belo Oriente"],"articleSection":["Leste de Minas","Sa\u00fade"],"inLanguage":"pt-BR","potentialAction":[{"@type":"CommentAction","name":"Comment","target":["https:\/\/aconteceunovale.com.br\/portal\/?p=164258#respond"]}]},{"@type":"WebPage","@id":"https:\/\/aconteceunovale.com.br\/portal\/?p=164258","url":"https:\/\/aconteceunovale.com.br\/portal\/?p=164258","name":"Belo Oriente registra terceiro \u00f3bito por Covid-19 - Aconteceu no Vale","isPartOf":{"@id":"https:\/\/aconteceunovale.com.br\/portal\/#website"},"primaryImageOfPage":{"@id":"https:\/\/aconteceunovale.com.br\/portal\/?p=164258#primaryimage"},"image":{"@id":"https:\/\/aconteceunovale.com.br\/portal\/?p=164258#primaryimage"},"thumbnailUrl":"https:\/\/aconteceunovale.com.br\/portal\/wp-content\/uploads\/2020\/06\/corona_belooriente_15junho_3.jpg","datePublished":"2020-06-16T03:11:47+00:00","dateModified":"2020-06-16T03:12:01+00:00","author":{"@id":"https:\/\/aconteceunovale.com.br\/portal\/#\/schema\/person\/633529146f2c94272bef50ac2953d589"},"breadcrumb":{"@id":"https:\/\/aconteceunovale.com.br\/portal\/?p=164258#breadcrumb"},"inLanguage":"pt-BR","potentialAction":[{"@type":"ReadAction","target":["https:\/\/aconteceunovale.com.br\/portal\/?p=164258"]}]},{"@type":"ImageObject","inLanguage":"pt-BR","@id":"https:\/\/aconteceunovale.com.br\/portal\/?p=164258#primaryimage","url":"https:\/\/aconteceunovale.com.br\/portal\/wp-content\/uploads\/2020\/06\/corona_belooriente_15junho_3.jpg","contentUrl":"https:\/\/aconteceunovale.com.br\/portal\/wp-content\/uploads\/2020\/06\/corona_belooriente_15junho_3.jpg","width":650,"height":407},{"@type":"BreadcrumbList","@id":"https:\/\/aconteceunovale.com.br\/portal\/?p=164258#breadcrumb","itemListElement":[{"@type":"ListItem","position":1,"name":"In\u00edcio","item":"https:\/\/aconteceunovale.com.br\/portal\/"},{"@type":"ListItem","position":2,"name":"Belo Oriente registra terceiro \u00f3bito por Covid-19"}]},{"@type":"WebSite","@id":"https:\/\/aconteceunovale.com.br\/portal\/#website","url":"https:\/\/aconteceunovale.com.br\/portal\/","name":"Aconteceu no Vale","description":"Portal de Not\u00edcias","potentialAction":[{"@type":"SearchAction","target":{"@type":"EntryPoint","urlTemplate":"https:\/\/aconteceunovale.com.br\/portal\/?s={search_term_string}"},"query-input":{"@type":"PropertyValueSpecification","valueRequired":true,"valueName":"search_term_string"}}],"inLanguage":"pt-BR"},{"@type":"Person","@id":"https:\/\/aconteceunovale.com.br\/portal\/#\/schema\/person\/633529146f2c94272bef50ac2953d589","name":"Aconteceu no Vale","description":"Equipe de reportagem do Aconteceu no Vale, portal de not\u00edcias do Vale do Jequitinhonha, em Minas Gerais. Cobrimos as 51 cidades do Vale desde 2013. Sugest\u00f5es de pauta e pedidos de corre\u00e7\u00e3o: contato@aconteceunovale.com.br","sameAs":["http:\/\/www.aconteceunovale.com.br"],"url":"https:\/\/aconteceunovale.com.br\/portal\/?author=1"}]}},"_links":{"self":[{"href":"https:\/\/aconteceunovale.com.br\/portal\/index.php?rest_route=\/wp\/v2\/posts\/164258","targetHints":{"allow":["GET"]}}],"collection":[{"href":"https:\/\/aconteceunovale.com.br\/portal\/index.php?rest_route=\/wp\/v2\/posts"}],"about":[{"href":"https:\/\/aconteceunovale.com.br\/portal\/index.php?rest_route=\/wp\/v2\/types\/post"}],"author":[{"embeddable":true,"href":"https:\/\/aconteceunovale.com.br\/portal\/index.php?rest_route=\/wp\/v2\/users\/1"}],"replies":[{"embeddable":true,"href":"https:\/\/aconteceunovale.com.br\/portal\/index.php?rest_route=%2Fwp%2Fv2%2Fcomments&post=164258"}],"version-history":[{"count":1,"href":"https:\/\/aconteceunovale.com.br\/portal\/index.php?rest_route=\/wp\/v2\/posts\/164258\/revisions"}],"predecessor-version":[{"id":164260,"href":"https:\/\/aconteceunovale.com.br\/portal\/index.php?rest_route=\/wp\/v2\/posts\/164258\/revisions\/164260"}],"wp:featuredmedia":[{"embeddable":true,"href":"https:\/\/aconteceunovale.com.br\/portal\/index.php?rest_route=\/wp\/v2\/media\/164259"}],"wp:attachment":[{"href":"https:\/\/aconteceunovale.com.br\/portal\/index.php?rest_route=%2Fwp%2Fv2%2Fmedia&parent=164258"}],"wp:term":[{"taxonomy":"category","embeddable":true,"href":"https:\/\/aconteceunovale.com.br\/portal\/index.php?rest_route=%2Fwp%2Fv2%2Fcategories&post=164258"},{"taxonomy":"post_tag","embeddable":true,"href":"https:\/\/aconteceunovale.com.br\/portal\/index.php?rest_route=%2Fwp%2Fv2%2Ftags&post=164258"}],"curies":[{"name":"wp","href":"https:\/\/api.w.org\/{rel}","templated":true}]}}