{"id":164241,"date":"2020-06-15T22:29:06","date_gmt":"2020-06-16T01:29:06","guid":{"rendered":"https:\/\/aconteceunovale.com.br\/portal\/?p=164241"},"modified":"2020-06-15T22:29:25","modified_gmt":"2020-06-16T01:29:25","slug":"malacacheta-tem-5-casos-confirmados-de-covid-19","status":"publish","type":"post","link":"https:\/\/aconteceunovale.com.br\/portal\/?p=164241","title":{"rendered":"Malacacheta tem 5 casos confirmados de Covid-19"},"content":{"rendered":"\n<p class=\"wp-block-paragraph\">A Prefeitura de Malacacheta (MG) confirmou, nesta segunda-feira (15\/6\/2020), um novo caso de Covid-19. Segundo informa\u00e7\u00f5es do boletim epidemiol\u00f3gico, o munic\u00edpio soma cinco pessoas atingidas pelo coronav\u00edrus. Desse total, tr\u00eas j\u00e1 est\u00e3o recuperados da doen\u00e7a.<\/p>\n\n\n\n<p class=\"wp-block-paragraph\">Ainda segundo a Prefeitura, sete moradores s\u00e3o monitorados por equipes de sa\u00fade e um est\u00e1 hospitalizado. O munic\u00edpio j\u00e1 descartou 22 notifica\u00e7\u00f5es de casos suspeitos e outros 19 cumpriram 14 dias de isolamento.<\/p>\n\n\n\n<p class=\"wp-block-paragraph\"><strong>Confira o boletim epidemiol\u00f3gico de 15\/6\/2020:<\/strong><\/p>\n\n\n\n<figure class=\"wp-block-image size-large\"><img decoding=\"async\" src=\"https:\/\/aconteceu.info\/boletins\/corona_malacacheta_15junho.jpg\" alt=\"\"\/><\/figure>\n\n\n\n<p class=\"has-background has-very-light-gray-background-color wp-block-paragraph\">Quer saber as not\u00edcias do <strong>Aconteceu no Vale<\/strong> em primeira m\u00e3o? Siga-nos no Facebook <a rel=\"noreferrer noopener\" href=\"http:\/\/facebook.com\/aconteceunovale\" target=\"_blank\">@aconteceunovale<\/a>, Twitter <a rel=\"noreferrer noopener\" href=\"https:\/\/twitter.com\/noticiadosvales\" target=\"_blank\">@noticiadosvales<\/a> e Instagram <a rel=\"noreferrer noopener\" href=\"https:\/\/www.instagram.com\/aconteceunovale\" target=\"_blank\">@aconteceunovale<\/a>.<\/p>\n","protected":false},"excerpt":{"rendered":"<p>A Prefeitura de Malacacheta (MG) confirmou, nesta segunda-feira (15\/6\/2020), um novo caso de Covid-19. Segundo informa\u00e7\u00f5es do boletim epidemiol\u00f3gico, o munic\u00edpio soma cinco pessoas atingidas pelo coronav\u00edrus. Desse total, tr\u00eas j\u00e1 est\u00e3o recuperados da doen\u00e7a. Ainda segundo a Prefeitura, sete moradores s\u00e3o monitorados por equipes de sa\u00fade e um est\u00e1 hospitalizado. O munic\u00edpio j\u00e1 descartou [&hellip;]<\/p>\n","protected":false},"author":1,"featured_media":164242,"comment_status":"open","ping_status":"closed","sticky":false,"template":"","format":"standard","meta":{"amp_status":"","footnotes":""},"categories":[40242,122],"tags":[223758,223759,223760,226,223757,89508],"class_list":["post-164241","post","type-post","status-publish","format-standard","has-post-thumbnail","hentry","category-saude-2","category-mucuri","tag-casos-de-covid-19-em-malacacheta","tag-coronavirus-em-malacacheta","tag-covid-19-em-malacacheta","tag-malacacheta","tag-malacacheta-tem-5-casos-confirmados-de-covid-19","tag-prefeitura-de-malacacheta"],"yoast_head":"<!-- This site is optimized with the Yoast SEO plugin v28.3 - https:\/\/yoast.com\/product\/yoast-seo-wordpress\/ -->\n<title>Malacacheta tem 5 casos confirmados de Covid-19 - Aconteceu no Vale<\/title>\n<meta name=\"robots\" content=\"index, follow, max-snippet:-1, max-image-preview:large, max-video-preview:-1\" \/>\n<link rel=\"canonical\" href=\"https:\/\/aconteceunovale.com.br\/portal\/?p=164241\" \/>\n<meta property=\"og:locale\" content=\"pt_BR\" \/>\n<meta property=\"og:type\" content=\"article\" \/>\n<meta property=\"og:title\" content=\"Malacacheta tem 5 casos confirmados de Covid-19 - Aconteceu no Vale\" \/>\n<meta property=\"og:description\" content=\"A Prefeitura de Malacacheta (MG) confirmou, nesta segunda-feira (15\/6\/2020), um novo caso de Covid-19. Segundo informa\u00e7\u00f5es do boletim epidemiol\u00f3gico, o munic\u00edpio soma cinco pessoas atingidas pelo coronav\u00edrus. Desse total, tr\u00eas j\u00e1 est\u00e3o recuperados da doen\u00e7a. Ainda segundo a Prefeitura, sete moradores s\u00e3o monitorados por equipes de sa\u00fade e um est\u00e1 hospitalizado. O munic\u00edpio j\u00e1 descartou [&hellip;]\" \/>\n<meta property=\"og:url\" content=\"https:\/\/aconteceunovale.com.br\/portal\/?p=164241\" \/>\n<meta property=\"og:site_name\" content=\"Aconteceu no Vale\" \/>\n<meta property=\"article:publisher\" content=\"https:\/\/www.facebook.com\/aconteceunovale\/\" \/>\n<meta property=\"article:published_time\" content=\"2020-06-16T01:29:06+00:00\" \/>\n<meta property=\"article:modified_time\" content=\"2020-06-16T01:29:25+00:00\" \/>\n<meta property=\"og:image\" content=\"https:\/\/aconteceunovale.com.br\/portal\/wp-content\/uploads\/2020\/06\/corona_malacacheta_15junho2.jpg\" \/>\n\t<meta property=\"og:image:width\" content=\"678\" \/>\n\t<meta property=\"og:image:height\" content=\"323\" \/>\n\t<meta property=\"og:image:type\" content=\"image\/jpeg\" \/>\n<meta name=\"author\" content=\"Aconteceu no Vale\" \/>\n<meta name=\"twitter:card\" content=\"summary_large_image\" \/>\n<meta name=\"twitter:creator\" content=\"@noticiadosvales\" \/>\n<meta name=\"twitter:site\" content=\"@noticiadosvales\" \/>\n<meta name=\"twitter:label1\" content=\"Escrito por\" \/>\n\t<meta name=\"twitter:data1\" content=\"Aconteceu no Vale\" \/>\n\t<meta name=\"twitter:label2\" content=\"Est. tempo de leitura\" \/>\n\t<meta name=\"twitter:data2\" content=\"1 minuto\" \/>\n<script type=\"application\/ld+json\" class=\"yoast-schema-graph\">{\"@context\":\"https:\\\/\\\/schema.org\",\"@graph\":[{\"@type\":\"Article\",\"@id\":\"https:\\\/\\\/aconteceunovale.com.br\\\/portal\\\/?p=164241#article\",\"isPartOf\":{\"@id\":\"https:\\\/\\\/aconteceunovale.com.br\\\/portal\\\/?p=164241\"},\"author\":{\"name\":\"Aconteceu no Vale\",\"@id\":\"https:\\\/\\\/aconteceunovale.com.br\\\/portal\\\/#\\\/schema\\\/person\\\/633529146f2c94272bef50ac2953d589\"},\"headline\":\"Malacacheta tem 5 casos confirmados de Covid-19\",\"datePublished\":\"2020-06-16T01:29:06+00:00\",\"dateModified\":\"2020-06-16T01:29:25+00:00\",\"mainEntityOfPage\":{\"@id\":\"https:\\\/\\\/aconteceunovale.com.br\\\/portal\\\/?p=164241\"},\"wordCount\":109,\"commentCount\":0,\"image\":{\"@id\":\"https:\\\/\\\/aconteceunovale.com.br\\\/portal\\\/?p=164241#primaryimage\"},\"thumbnailUrl\":\"https:\\\/\\\/aconteceunovale.com.br\\\/portal\\\/wp-content\\\/uploads\\\/2020\\\/06\\\/corona_malacacheta_15junho2.jpg\",\"keywords\":[\"Casos de covid-19 em Malacacheta\",\"Coronav\u00edrus em Malacacheta\",\"Covid-19 em Malacacheta\",\"Malacacheta\",\"Malacacheta tem 5 casos confirmados de Covid-19\",\"Prefeitura de Malacacheta\"],\"articleSection\":[\"Sa\u00fade\",\"Vale do Mucuri\"],\"inLanguage\":\"pt-BR\",\"potentialAction\":[{\"@type\":\"CommentAction\",\"name\":\"Comment\",\"target\":[\"https:\\\/\\\/aconteceunovale.com.br\\\/portal\\\/?p=164241#respond\"]}]},{\"@type\":\"WebPage\",\"@id\":\"https:\\\/\\\/aconteceunovale.com.br\\\/portal\\\/?p=164241\",\"url\":\"https:\\\/\\\/aconteceunovale.com.br\\\/portal\\\/?p=164241\",\"name\":\"Malacacheta tem 5 casos confirmados de Covid-19 - Aconteceu no Vale\",\"isPartOf\":{\"@id\":\"https:\\\/\\\/aconteceunovale.com.br\\\/portal\\\/#website\"},\"primaryImageOfPage\":{\"@id\":\"https:\\\/\\\/aconteceunovale.com.br\\\/portal\\\/?p=164241#primaryimage\"},\"image\":{\"@id\":\"https:\\\/\\\/aconteceunovale.com.br\\\/portal\\\/?p=164241#primaryimage\"},\"thumbnailUrl\":\"https:\\\/\\\/aconteceunovale.com.br\\\/portal\\\/wp-content\\\/uploads\\\/2020\\\/06\\\/corona_malacacheta_15junho2.jpg\",\"datePublished\":\"2020-06-16T01:29:06+00:00\",\"dateModified\":\"2020-06-16T01:29:25+00:00\",\"author\":{\"@id\":\"https:\\\/\\\/aconteceunovale.com.br\\\/portal\\\/#\\\/schema\\\/person\\\/633529146f2c94272bef50ac2953d589\"},\"breadcrumb\":{\"@id\":\"https:\\\/\\\/aconteceunovale.com.br\\\/portal\\\/?p=164241#breadcrumb\"},\"inLanguage\":\"pt-BR\",\"potentialAction\":[{\"@type\":\"ReadAction\",\"target\":[\"https:\\\/\\\/aconteceunovale.com.br\\\/portal\\\/?p=164241\"]}]},{\"@type\":\"ImageObject\",\"inLanguage\":\"pt-BR\",\"@id\":\"https:\\\/\\\/aconteceunovale.com.br\\\/portal\\\/?p=164241#primaryimage\",\"url\":\"https:\\\/\\\/aconteceunovale.com.br\\\/portal\\\/wp-content\\\/uploads\\\/2020\\\/06\\\/corona_malacacheta_15junho2.jpg\",\"contentUrl\":\"https:\\\/\\\/aconteceunovale.com.br\\\/portal\\\/wp-content\\\/uploads\\\/2020\\\/06\\\/corona_malacacheta_15junho2.jpg\",\"width\":678,\"height\":323},{\"@type\":\"BreadcrumbList\",\"@id\":\"https:\\\/\\\/aconteceunovale.com.br\\\/portal\\\/?p=164241#breadcrumb\",\"itemListElement\":[{\"@type\":\"ListItem\",\"position\":1,\"name\":\"In\u00edcio\",\"item\":\"https:\\\/\\\/aconteceunovale.com.br\\\/portal\\\/\"},{\"@type\":\"ListItem\",\"position\":2,\"name\":\"Malacacheta tem 5 casos confirmados de Covid-19\"}]},{\"@type\":\"WebSite\",\"@id\":\"https:\\\/\\\/aconteceunovale.com.br\\\/portal\\\/#website\",\"url\":\"https:\\\/\\\/aconteceunovale.com.br\\\/portal\\\/\",\"name\":\"Aconteceu no Vale\",\"description\":\"Portal de Not\u00edcias\",\"potentialAction\":[{\"@type\":\"SearchAction\",\"target\":{\"@type\":\"EntryPoint\",\"urlTemplate\":\"https:\\\/\\\/aconteceunovale.com.br\\\/portal\\\/?s={search_term_string}\"},\"query-input\":{\"@type\":\"PropertyValueSpecification\",\"valueRequired\":true,\"valueName\":\"search_term_string\"}}],\"inLanguage\":\"pt-BR\"},{\"@type\":\"Person\",\"@id\":\"https:\\\/\\\/aconteceunovale.com.br\\\/portal\\\/#\\\/schema\\\/person\\\/633529146f2c94272bef50ac2953d589\",\"name\":\"Aconteceu no Vale\",\"description\":\"Equipe de reportagem do Aconteceu no Vale, portal de not\u00edcias do Vale do Jequitinhonha, em Minas Gerais. Cobrimos as 51 cidades do Vale desde 2013. Sugest\u00f5es de pauta e pedidos de corre\u00e7\u00e3o: contato@aconteceunovale.com.br\",\"sameAs\":[\"http:\\\/\\\/www.aconteceunovale.com.br\"],\"url\":\"https:\\\/\\\/aconteceunovale.com.br\\\/portal\\\/?author=1\"}]}<\/script>\n<!-- \/ Yoast SEO plugin. -->","yoast_head_json":{"title":"Malacacheta tem 5 casos confirmados de Covid-19 - Aconteceu no Vale","robots":{"index":"index","follow":"follow","max-snippet":"max-snippet:-1","max-image-preview":"max-image-preview:large","max-video-preview":"max-video-preview:-1"},"canonical":"https:\/\/aconteceunovale.com.br\/portal\/?p=164241","og_locale":"pt_BR","og_type":"article","og_title":"Malacacheta tem 5 casos confirmados de Covid-19 - Aconteceu no Vale","og_description":"A Prefeitura de Malacacheta (MG) confirmou, nesta segunda-feira (15\/6\/2020), um novo caso de Covid-19. Segundo informa\u00e7\u00f5es do boletim epidemiol\u00f3gico, o munic\u00edpio soma cinco pessoas atingidas pelo coronav\u00edrus. Desse total, tr\u00eas j\u00e1 est\u00e3o recuperados da doen\u00e7a. Ainda segundo a Prefeitura, sete moradores s\u00e3o monitorados por equipes de sa\u00fade e um est\u00e1 hospitalizado. O munic\u00edpio j\u00e1 descartou [&hellip;]","og_url":"https:\/\/aconteceunovale.com.br\/portal\/?p=164241","og_site_name":"Aconteceu no Vale","article_publisher":"https:\/\/www.facebook.com\/aconteceunovale\/","article_published_time":"2020-06-16T01:29:06+00:00","article_modified_time":"2020-06-16T01:29:25+00:00","og_image":[{"width":678,"height":323,"url":"https:\/\/aconteceunovale.com.br\/portal\/wp-content\/uploads\/2020\/06\/corona_malacacheta_15junho2.jpg","type":"image\/jpeg"}],"author":"Aconteceu no Vale","twitter_card":"summary_large_image","twitter_creator":"@noticiadosvales","twitter_site":"@noticiadosvales","twitter_misc":{"Escrito por":"Aconteceu no Vale","Est. tempo de leitura":"1 minuto"},"schema":{"@context":"https:\/\/schema.org","@graph":[{"@type":"Article","@id":"https:\/\/aconteceunovale.com.br\/portal\/?p=164241#article","isPartOf":{"@id":"https:\/\/aconteceunovale.com.br\/portal\/?p=164241"},"author":{"name":"Aconteceu no Vale","@id":"https:\/\/aconteceunovale.com.br\/portal\/#\/schema\/person\/633529146f2c94272bef50ac2953d589"},"headline":"Malacacheta tem 5 casos confirmados de Covid-19","datePublished":"2020-06-16T01:29:06+00:00","dateModified":"2020-06-16T01:29:25+00:00","mainEntityOfPage":{"@id":"https:\/\/aconteceunovale.com.br\/portal\/?p=164241"},"wordCount":109,"commentCount":0,"image":{"@id":"https:\/\/aconteceunovale.com.br\/portal\/?p=164241#primaryimage"},"thumbnailUrl":"https:\/\/aconteceunovale.com.br\/portal\/wp-content\/uploads\/2020\/06\/corona_malacacheta_15junho2.jpg","keywords":["Casos de covid-19 em Malacacheta","Coronav\u00edrus em Malacacheta","Covid-19 em Malacacheta","Malacacheta","Malacacheta tem 5 casos confirmados de Covid-19","Prefeitura de Malacacheta"],"articleSection":["Sa\u00fade","Vale do Mucuri"],"inLanguage":"pt-BR","potentialAction":[{"@type":"CommentAction","name":"Comment","target":["https:\/\/aconteceunovale.com.br\/portal\/?p=164241#respond"]}]},{"@type":"WebPage","@id":"https:\/\/aconteceunovale.com.br\/portal\/?p=164241","url":"https:\/\/aconteceunovale.com.br\/portal\/?p=164241","name":"Malacacheta tem 5 casos confirmados de Covid-19 - Aconteceu no Vale","isPartOf":{"@id":"https:\/\/aconteceunovale.com.br\/portal\/#website"},"primaryImageOfPage":{"@id":"https:\/\/aconteceunovale.com.br\/portal\/?p=164241#primaryimage"},"image":{"@id":"https:\/\/aconteceunovale.com.br\/portal\/?p=164241#primaryimage"},"thumbnailUrl":"https:\/\/aconteceunovale.com.br\/portal\/wp-content\/uploads\/2020\/06\/corona_malacacheta_15junho2.jpg","datePublished":"2020-06-16T01:29:06+00:00","dateModified":"2020-06-16T01:29:25+00:00","author":{"@id":"https:\/\/aconteceunovale.com.br\/portal\/#\/schema\/person\/633529146f2c94272bef50ac2953d589"},"breadcrumb":{"@id":"https:\/\/aconteceunovale.com.br\/portal\/?p=164241#breadcrumb"},"inLanguage":"pt-BR","potentialAction":[{"@type":"ReadAction","target":["https:\/\/aconteceunovale.com.br\/portal\/?p=164241"]}]},{"@type":"ImageObject","inLanguage":"pt-BR","@id":"https:\/\/aconteceunovale.com.br\/portal\/?p=164241#primaryimage","url":"https:\/\/aconteceunovale.com.br\/portal\/wp-content\/uploads\/2020\/06\/corona_malacacheta_15junho2.jpg","contentUrl":"https:\/\/aconteceunovale.com.br\/portal\/wp-content\/uploads\/2020\/06\/corona_malacacheta_15junho2.jpg","width":678,"height":323},{"@type":"BreadcrumbList","@id":"https:\/\/aconteceunovale.com.br\/portal\/?p=164241#breadcrumb","itemListElement":[{"@type":"ListItem","position":1,"name":"In\u00edcio","item":"https:\/\/aconteceunovale.com.br\/portal\/"},{"@type":"ListItem","position":2,"name":"Malacacheta tem 5 casos confirmados de Covid-19"}]},{"@type":"WebSite","@id":"https:\/\/aconteceunovale.com.br\/portal\/#website","url":"https:\/\/aconteceunovale.com.br\/portal\/","name":"Aconteceu no Vale","description":"Portal de Not\u00edcias","potentialAction":[{"@type":"SearchAction","target":{"@type":"EntryPoint","urlTemplate":"https:\/\/aconteceunovale.com.br\/portal\/?s={search_term_string}"},"query-input":{"@type":"PropertyValueSpecification","valueRequired":true,"valueName":"search_term_string"}}],"inLanguage":"pt-BR"},{"@type":"Person","@id":"https:\/\/aconteceunovale.com.br\/portal\/#\/schema\/person\/633529146f2c94272bef50ac2953d589","name":"Aconteceu no Vale","description":"Equipe de reportagem do Aconteceu no Vale, portal de not\u00edcias do Vale do Jequitinhonha, em Minas Gerais. Cobrimos as 51 cidades do Vale desde 2013. Sugest\u00f5es de pauta e pedidos de corre\u00e7\u00e3o: contato@aconteceunovale.com.br","sameAs":["http:\/\/www.aconteceunovale.com.br"],"url":"https:\/\/aconteceunovale.com.br\/portal\/?author=1"}]}},"_links":{"self":[{"href":"https:\/\/aconteceunovale.com.br\/portal\/index.php?rest_route=\/wp\/v2\/posts\/164241","targetHints":{"allow":["GET"]}}],"collection":[{"href":"https:\/\/aconteceunovale.com.br\/portal\/index.php?rest_route=\/wp\/v2\/posts"}],"about":[{"href":"https:\/\/aconteceunovale.com.br\/portal\/index.php?rest_route=\/wp\/v2\/types\/post"}],"author":[{"embeddable":true,"href":"https:\/\/aconteceunovale.com.br\/portal\/index.php?rest_route=\/wp\/v2\/users\/1"}],"replies":[{"embeddable":true,"href":"https:\/\/aconteceunovale.com.br\/portal\/index.php?rest_route=%2Fwp%2Fv2%2Fcomments&post=164241"}],"version-history":[{"count":1,"href":"https:\/\/aconteceunovale.com.br\/portal\/index.php?rest_route=\/wp\/v2\/posts\/164241\/revisions"}],"predecessor-version":[{"id":164243,"href":"https:\/\/aconteceunovale.com.br\/portal\/index.php?rest_route=\/wp\/v2\/posts\/164241\/revisions\/164243"}],"wp:featuredmedia":[{"embeddable":true,"href":"https:\/\/aconteceunovale.com.br\/portal\/index.php?rest_route=\/wp\/v2\/media\/164242"}],"wp:attachment":[{"href":"https:\/\/aconteceunovale.com.br\/portal\/index.php?rest_route=%2Fwp%2Fv2%2Fmedia&parent=164241"}],"wp:term":[{"taxonomy":"category","embeddable":true,"href":"https:\/\/aconteceunovale.com.br\/portal\/index.php?rest_route=%2Fwp%2Fv2%2Fcategories&post=164241"},{"taxonomy":"post_tag","embeddable":true,"href":"https:\/\/aconteceunovale.com.br\/portal\/index.php?rest_route=%2Fwp%2Fv2%2Ftags&post=164241"}],"curies":[{"name":"wp","href":"https:\/\/api.w.org\/{rel}","templated":true}]}}