{"id":164238,"date":"2020-06-15T21:46:34","date_gmt":"2020-06-16T00:46:34","guid":{"rendered":"https:\/\/aconteceunovale.com.br\/portal\/?p=164238"},"modified":"2026-09-02T13:56:54","modified_gmt":"2026-09-02T16:56:54","slug":"prefeitura-de-virgem-da-lapa-confirma-primeiro-caso-de-covid-19","status":"publish","type":"post","link":"https:\/\/aconteceunovale.com.br\/portal\/?p=164238","title":{"rendered":"Prefeitura de Virgem da Lapa confirma primeiro caso de Covid-19"},"content":{"rendered":"\n<p class=\"wp-block-paragraph\">A Prefeitura de Virgem da Lapa (MG) confirmou nesta segunda-feira, 15 de junho de 2020, o primeiro caso de Covid-19 no munic\u00edpio. Trata-se de uma pessoa jovem, do sexo feminino, moradora do distrito de S\u00e3o Jo\u00e3o do Vacaria. Segundo a Secretaria Municipal de Sa\u00fade, a paciente encontra-se bem, em isolamento domiciliar e apresenta sintomas gripais leves.<\/p>\n\n\n\n<p class=\"wp-block-paragraph\"><em>&#8220;Tivemos outros 03 casos suspeitos notificados que tamb\u00e9m est\u00e3o em isolamento domiciliar, e 01 (um) caso que estava em isolamento foi liberado depois de cumprir os 14 dias de quarentena. Os nossos profissionais est\u00e3o monitorando todos os pacientes que est\u00e3o em isolamento domiciliar diariamente&#8221;<\/em>, diz nota da Prefeitura.<\/p>\n\n\n\n<p class=\"wp-block-paragraph\">A Administra\u00e7\u00e3o Municipal tamb\u00e9m refor\u00e7ou as medidas de preven\u00e7\u00e3o contra o coronav\u00edrus. <em>&#8220;A Prefeitura de Virgem da Lapa pede para todos redobrarem os cuidados, usando m\u00e1scaras, lavar bem as m\u00e3os com \u00e1gua e sab\u00e3o ou \u00e1lcool em gel e evitar sair de casa sem necessidade. Contamos com a colabora\u00e7\u00e3o de todos&#8221;.<\/em><\/p>\n\n\n\n<h2 class=\"wp-block-heading\"><strong>Boletim atualizado<\/strong><\/h2>\n\n\n\n<p class=\"wp-block-paragraph\">Segundo a Prefeitura, em boletim epidemiol\u00f3gico atualizado no in\u00edcio da noite, 36 casos suspeitos da doen\u00e7a foram notificados no per\u00edodo de 16\/3 a 15\/6\/2020. Desse total, 27 pacientes encerraram o monitoramento sem necessidade de coleta de material para exames e cinco permanecem em isolamento domiciliar. Outras tr\u00eas notifica\u00e7\u00f5es foram descartadas atrav\u00e9s de teste.<\/p>\n\n\n\n<p class=\"wp-block-paragraph\"><strong>Confira o boletim epidemiol\u00f3gico de 15\/6\/2020:<\/strong><\/p>\n\n\n\n<figure class=\"wp-block-image size-large\"><img decoding=\"async\" src=\"https:\/\/aconteceu.info\/boletins\/corona_vdl_15junho.jpg\" alt=\"\"\/><\/figure>\n\n\n\n<p class=\"has-background has-very-light-gray-background-color wp-block-paragraph\">Quer saber as not\u00edcias do <strong>Aconteceu no Vale<\/strong> em primeira m\u00e3o? Siga-nos no Facebook <a rel=\"noreferrer noopener\" href=\"http:\/\/facebook.com\/aconteceunovale\" target=\"_blank\">@aconteceunovale<\/a>, Twitter <a rel=\"noreferrer noopener\" href=\"https:\/\/twitter.com\/noticiadosvales\" target=\"_blank\">@noticiadosvales<\/a> e Instagram <a rel=\"noreferrer noopener\" href=\"https:\/\/www.instagram.com\/aconteceunovale\" target=\"_blank\">@aconteceunovale<\/a>.<\/p>\n","protected":false},"excerpt":{"rendered":"<p>A Prefeitura de Virgem da Lapa (MG) confirmou nesta segunda-feira, 15 de junho de 2020, o primeiro caso de Covid-19 no munic\u00edpio. Trata-se de uma pessoa jovem, do sexo feminino, moradora do distrito de S\u00e3o Jo\u00e3o do Vacaria. Segundo a Secretaria Municipal de Sa\u00fade, a paciente encontra-se bem, em isolamento domiciliar e apresenta sintomas gripais [&hellip;]<\/p>\n","protected":false},"author":1,"featured_media":164239,"comment_status":"open","ping_status":"closed","sticky":false,"template":"","format":"standard","meta":{"amp_status":"","footnotes":""},"categories":[120,272578],"tags":[223756,223752,223753,223754,223755,223751,52179,482],"class_list":["post-164238","post","type-post","status-publish","format-standard","has-post-thumbnail","hentry","category-jequi","category-virgem-da-lapa","tag-caso-de-coronavirus-em-sao-joao-do-vacaria","tag-casos-de-coronavirus-em-virgem-da-lapa","tag-casos-de-covid-19-em-virgem-da-lapa","tag-coronavirus-em-virgem-da-lapa","tag-covid-19-em-virgem-da-lapa","tag-prefeitura-de-virgem-da-lapa-confirma-primeiro-caso-de-covid-19","tag-sao-joao-do-vacaria","tag-virgem-da-lapa"],"yoast_head":"<!-- This site is optimized with the Yoast SEO plugin v28.3 - https:\/\/yoast.com\/product\/yoast-seo-wordpress\/ -->\n<title>Prefeitura de Virgem da Lapa confirma primeiro caso de Covid-19 - Aconteceu no Vale<\/title>\n<meta name=\"robots\" content=\"index, follow, max-snippet:-1, max-image-preview:large, max-video-preview:-1\" \/>\n<link rel=\"canonical\" href=\"https:\/\/aconteceunovale.com.br\/portal\/?p=164238\" \/>\n<meta property=\"og:locale\" content=\"pt_BR\" \/>\n<meta property=\"og:type\" content=\"article\" \/>\n<meta property=\"og:title\" content=\"Prefeitura de Virgem da Lapa confirma primeiro caso de Covid-19 - Aconteceu no Vale\" \/>\n<meta property=\"og:description\" content=\"A Prefeitura de Virgem da Lapa (MG) confirmou nesta segunda-feira, 15 de junho de 2020, o primeiro caso de Covid-19 no munic\u00edpio. Trata-se de uma pessoa jovem, do sexo feminino, moradora do distrito de S\u00e3o Jo\u00e3o do Vacaria. Segundo a Secretaria Municipal de Sa\u00fade, a paciente encontra-se bem, em isolamento domiciliar e apresenta sintomas gripais [&hellip;]\" \/>\n<meta property=\"og:url\" content=\"https:\/\/aconteceunovale.com.br\/portal\/?p=164238\" \/>\n<meta property=\"og:site_name\" content=\"Aconteceu no Vale\" \/>\n<meta property=\"article:publisher\" content=\"https:\/\/www.facebook.com\/aconteceunovale\/\" \/>\n<meta property=\"article:published_time\" content=\"2020-06-16T00:46:34+00:00\" \/>\n<meta property=\"article:modified_time\" content=\"2026-09-02T16:56:54+00:00\" \/>\n<meta property=\"og:image\" content=\"https:\/\/aconteceunovale.com.br\/portal\/wp-content\/uploads\/2020\/06\/corona_vdl_15junho2.jpg\" \/>\n\t<meta property=\"og:image:width\" content=\"678\" \/>\n\t<meta property=\"og:image:height\" content=\"392\" \/>\n\t<meta property=\"og:image:type\" content=\"image\/jpeg\" \/>\n<meta name=\"author\" content=\"Aconteceu no Vale\" \/>\n<meta name=\"twitter:card\" content=\"summary_large_image\" \/>\n<meta name=\"twitter:creator\" content=\"@noticiadosvales\" \/>\n<meta name=\"twitter:site\" content=\"@noticiadosvales\" \/>\n<meta name=\"twitter:label1\" content=\"Escrito por\" \/>\n\t<meta name=\"twitter:data1\" content=\"Aconteceu no Vale\" \/>\n\t<meta name=\"twitter:label2\" content=\"Est. tempo de leitura\" \/>\n\t<meta name=\"twitter:data2\" content=\"1 minuto\" \/>\n<script type=\"application\/ld+json\" class=\"yoast-schema-graph\">{\"@context\":\"https:\\\/\\\/schema.org\",\"@graph\":[{\"@type\":\"Article\",\"@id\":\"https:\\\/\\\/aconteceunovale.com.br\\\/portal\\\/?p=164238#article\",\"isPartOf\":{\"@id\":\"https:\\\/\\\/aconteceunovale.com.br\\\/portal\\\/?p=164238\"},\"author\":{\"name\":\"Aconteceu no Vale\",\"@id\":\"https:\\\/\\\/aconteceunovale.com.br\\\/portal\\\/#\\\/schema\\\/person\\\/633529146f2c94272bef50ac2953d589\"},\"headline\":\"Prefeitura de Virgem da Lapa confirma primeiro caso de Covid-19\",\"datePublished\":\"2020-06-16T00:46:34+00:00\",\"dateModified\":\"2026-09-02T16:56:54+00:00\",\"mainEntityOfPage\":{\"@id\":\"https:\\\/\\\/aconteceunovale.com.br\\\/portal\\\/?p=164238\"},\"wordCount\":263,\"commentCount\":0,\"image\":{\"@id\":\"https:\\\/\\\/aconteceunovale.com.br\\\/portal\\\/?p=164238#primaryimage\"},\"thumbnailUrl\":\"https:\\\/\\\/aconteceunovale.com.br\\\/portal\\\/wp-content\\\/uploads\\\/2020\\\/06\\\/corona_vdl_15junho2.jpg\",\"keywords\":[\"Caso de coronav\u00edrus em S\u00e3o Jo\u00e3o do Vacaria\",\"Casos de coronav\u00edrus em Virgem da Lapa\",\"Casos de covid-19 em Virgem da Lapa\",\"Coronav\u00edrus em Virgem da Lapa\",\"Covid-19 em Virgem da Lapa\",\"Prefeitura de Virgem da Lapa confirma primeiro caso de Covid-19\",\"s\u00e3o jo\u00e3o do vacaria\",\"Virgem da Lapa\"],\"articleSection\":[\"Vale do Jequitinhonha\",\"Virgem da Lapa\"],\"inLanguage\":\"pt-BR\",\"potentialAction\":[{\"@type\":\"CommentAction\",\"name\":\"Comment\",\"target\":[\"https:\\\/\\\/aconteceunovale.com.br\\\/portal\\\/?p=164238#respond\"]}]},{\"@type\":\"WebPage\",\"@id\":\"https:\\\/\\\/aconteceunovale.com.br\\\/portal\\\/?p=164238\",\"url\":\"https:\\\/\\\/aconteceunovale.com.br\\\/portal\\\/?p=164238\",\"name\":\"Prefeitura de Virgem da Lapa confirma primeiro caso de Covid-19 - Aconteceu no Vale\",\"isPartOf\":{\"@id\":\"https:\\\/\\\/aconteceunovale.com.br\\\/portal\\\/#website\"},\"primaryImageOfPage\":{\"@id\":\"https:\\\/\\\/aconteceunovale.com.br\\\/portal\\\/?p=164238#primaryimage\"},\"image\":{\"@id\":\"https:\\\/\\\/aconteceunovale.com.br\\\/portal\\\/?p=164238#primaryimage\"},\"thumbnailUrl\":\"https:\\\/\\\/aconteceunovale.com.br\\\/portal\\\/wp-content\\\/uploads\\\/2020\\\/06\\\/corona_vdl_15junho2.jpg\",\"datePublished\":\"2020-06-16T00:46:34+00:00\",\"dateModified\":\"2026-09-02T16:56:54+00:00\",\"author\":{\"@id\":\"https:\\\/\\\/aconteceunovale.com.br\\\/portal\\\/#\\\/schema\\\/person\\\/633529146f2c94272bef50ac2953d589\"},\"breadcrumb\":{\"@id\":\"https:\\\/\\\/aconteceunovale.com.br\\\/portal\\\/?p=164238#breadcrumb\"},\"inLanguage\":\"pt-BR\",\"potentialAction\":[{\"@type\":\"ReadAction\",\"target\":[\"https:\\\/\\\/aconteceunovale.com.br\\\/portal\\\/?p=164238\"]}]},{\"@type\":\"ImageObject\",\"inLanguage\":\"pt-BR\",\"@id\":\"https:\\\/\\\/aconteceunovale.com.br\\\/portal\\\/?p=164238#primaryimage\",\"url\":\"https:\\\/\\\/aconteceunovale.com.br\\\/portal\\\/wp-content\\\/uploads\\\/2020\\\/06\\\/corona_vdl_15junho2.jpg\",\"contentUrl\":\"https:\\\/\\\/aconteceunovale.com.br\\\/portal\\\/wp-content\\\/uploads\\\/2020\\\/06\\\/corona_vdl_15junho2.jpg\",\"width\":678,\"height\":392},{\"@type\":\"BreadcrumbList\",\"@id\":\"https:\\\/\\\/aconteceunovale.com.br\\\/portal\\\/?p=164238#breadcrumb\",\"itemListElement\":[{\"@type\":\"ListItem\",\"position\":1,\"name\":\"In\u00edcio\",\"item\":\"https:\\\/\\\/aconteceunovale.com.br\\\/portal\\\/\"},{\"@type\":\"ListItem\",\"position\":2,\"name\":\"Prefeitura de Virgem da Lapa confirma primeiro caso de Covid-19\"}]},{\"@type\":\"WebSite\",\"@id\":\"https:\\\/\\\/aconteceunovale.com.br\\\/portal\\\/#website\",\"url\":\"https:\\\/\\\/aconteceunovale.com.br\\\/portal\\\/\",\"name\":\"Aconteceu no Vale\",\"description\":\"Portal de Not\u00edcias\",\"potentialAction\":[{\"@type\":\"SearchAction\",\"target\":{\"@type\":\"EntryPoint\",\"urlTemplate\":\"https:\\\/\\\/aconteceunovale.com.br\\\/portal\\\/?s={search_term_string}\"},\"query-input\":{\"@type\":\"PropertyValueSpecification\",\"valueRequired\":true,\"valueName\":\"search_term_string\"}}],\"inLanguage\":\"pt-BR\"},{\"@type\":\"Person\",\"@id\":\"https:\\\/\\\/aconteceunovale.com.br\\\/portal\\\/#\\\/schema\\\/person\\\/633529146f2c94272bef50ac2953d589\",\"name\":\"Aconteceu no Vale\",\"description\":\"Equipe de reportagem do Aconteceu no Vale, portal de not\u00edcias do Vale do Jequitinhonha, em Minas Gerais. Cobrimos as 51 cidades do Vale desde 2013. Sugest\u00f5es de pauta e pedidos de corre\u00e7\u00e3o: contato@aconteceunovale.com.br\",\"sameAs\":[\"http:\\\/\\\/www.aconteceunovale.com.br\"],\"url\":\"https:\\\/\\\/aconteceunovale.com.br\\\/portal\\\/?author=1\"}]}<\/script>\n<!-- \/ Yoast SEO plugin. -->","yoast_head_json":{"title":"Prefeitura de Virgem da Lapa confirma primeiro caso de Covid-19 - Aconteceu no Vale","robots":{"index":"index","follow":"follow","max-snippet":"max-snippet:-1","max-image-preview":"max-image-preview:large","max-video-preview":"max-video-preview:-1"},"canonical":"https:\/\/aconteceunovale.com.br\/portal\/?p=164238","og_locale":"pt_BR","og_type":"article","og_title":"Prefeitura de Virgem da Lapa confirma primeiro caso de Covid-19 - Aconteceu no Vale","og_description":"A Prefeitura de Virgem da Lapa (MG) confirmou nesta segunda-feira, 15 de junho de 2020, o primeiro caso de Covid-19 no munic\u00edpio. Trata-se de uma pessoa jovem, do sexo feminino, moradora do distrito de S\u00e3o Jo\u00e3o do Vacaria. Segundo a Secretaria Municipal de Sa\u00fade, a paciente encontra-se bem, em isolamento domiciliar e apresenta sintomas gripais [&hellip;]","og_url":"https:\/\/aconteceunovale.com.br\/portal\/?p=164238","og_site_name":"Aconteceu no Vale","article_publisher":"https:\/\/www.facebook.com\/aconteceunovale\/","article_published_time":"2020-06-16T00:46:34+00:00","article_modified_time":"2026-09-02T16:56:54+00:00","og_image":[{"width":678,"height":392,"url":"https:\/\/aconteceunovale.com.br\/portal\/wp-content\/uploads\/2020\/06\/corona_vdl_15junho2.jpg","type":"image\/jpeg"}],"author":"Aconteceu no Vale","twitter_card":"summary_large_image","twitter_creator":"@noticiadosvales","twitter_site":"@noticiadosvales","twitter_misc":{"Escrito por":"Aconteceu no Vale","Est. tempo de leitura":"1 minuto"},"schema":{"@context":"https:\/\/schema.org","@graph":[{"@type":"Article","@id":"https:\/\/aconteceunovale.com.br\/portal\/?p=164238#article","isPartOf":{"@id":"https:\/\/aconteceunovale.com.br\/portal\/?p=164238"},"author":{"name":"Aconteceu no Vale","@id":"https:\/\/aconteceunovale.com.br\/portal\/#\/schema\/person\/633529146f2c94272bef50ac2953d589"},"headline":"Prefeitura de Virgem da Lapa confirma primeiro caso de Covid-19","datePublished":"2020-06-16T00:46:34+00:00","dateModified":"2026-09-02T16:56:54+00:00","mainEntityOfPage":{"@id":"https:\/\/aconteceunovale.com.br\/portal\/?p=164238"},"wordCount":263,"commentCount":0,"image":{"@id":"https:\/\/aconteceunovale.com.br\/portal\/?p=164238#primaryimage"},"thumbnailUrl":"https:\/\/aconteceunovale.com.br\/portal\/wp-content\/uploads\/2020\/06\/corona_vdl_15junho2.jpg","keywords":["Caso de coronav\u00edrus em S\u00e3o Jo\u00e3o do Vacaria","Casos de coronav\u00edrus em Virgem da Lapa","Casos de covid-19 em Virgem da Lapa","Coronav\u00edrus em Virgem da Lapa","Covid-19 em Virgem da Lapa","Prefeitura de Virgem da Lapa confirma primeiro caso de Covid-19","s\u00e3o jo\u00e3o do vacaria","Virgem da Lapa"],"articleSection":["Vale do Jequitinhonha","Virgem da Lapa"],"inLanguage":"pt-BR","potentialAction":[{"@type":"CommentAction","name":"Comment","target":["https:\/\/aconteceunovale.com.br\/portal\/?p=164238#respond"]}]},{"@type":"WebPage","@id":"https:\/\/aconteceunovale.com.br\/portal\/?p=164238","url":"https:\/\/aconteceunovale.com.br\/portal\/?p=164238","name":"Prefeitura de Virgem da Lapa confirma primeiro caso de Covid-19 - Aconteceu no Vale","isPartOf":{"@id":"https:\/\/aconteceunovale.com.br\/portal\/#website"},"primaryImageOfPage":{"@id":"https:\/\/aconteceunovale.com.br\/portal\/?p=164238#primaryimage"},"image":{"@id":"https:\/\/aconteceunovale.com.br\/portal\/?p=164238#primaryimage"},"thumbnailUrl":"https:\/\/aconteceunovale.com.br\/portal\/wp-content\/uploads\/2020\/06\/corona_vdl_15junho2.jpg","datePublished":"2020-06-16T00:46:34+00:00","dateModified":"2026-09-02T16:56:54+00:00","author":{"@id":"https:\/\/aconteceunovale.com.br\/portal\/#\/schema\/person\/633529146f2c94272bef50ac2953d589"},"breadcrumb":{"@id":"https:\/\/aconteceunovale.com.br\/portal\/?p=164238#breadcrumb"},"inLanguage":"pt-BR","potentialAction":[{"@type":"ReadAction","target":["https:\/\/aconteceunovale.com.br\/portal\/?p=164238"]}]},{"@type":"ImageObject","inLanguage":"pt-BR","@id":"https:\/\/aconteceunovale.com.br\/portal\/?p=164238#primaryimage","url":"https:\/\/aconteceunovale.com.br\/portal\/wp-content\/uploads\/2020\/06\/corona_vdl_15junho2.jpg","contentUrl":"https:\/\/aconteceunovale.com.br\/portal\/wp-content\/uploads\/2020\/06\/corona_vdl_15junho2.jpg","width":678,"height":392},{"@type":"BreadcrumbList","@id":"https:\/\/aconteceunovale.com.br\/portal\/?p=164238#breadcrumb","itemListElement":[{"@type":"ListItem","position":1,"name":"In\u00edcio","item":"https:\/\/aconteceunovale.com.br\/portal\/"},{"@type":"ListItem","position":2,"name":"Prefeitura de Virgem da Lapa confirma primeiro caso de Covid-19"}]},{"@type":"WebSite","@id":"https:\/\/aconteceunovale.com.br\/portal\/#website","url":"https:\/\/aconteceunovale.com.br\/portal\/","name":"Aconteceu no Vale","description":"Portal de Not\u00edcias","potentialAction":[{"@type":"SearchAction","target":{"@type":"EntryPoint","urlTemplate":"https:\/\/aconteceunovale.com.br\/portal\/?s={search_term_string}"},"query-input":{"@type":"PropertyValueSpecification","valueRequired":true,"valueName":"search_term_string"}}],"inLanguage":"pt-BR"},{"@type":"Person","@id":"https:\/\/aconteceunovale.com.br\/portal\/#\/schema\/person\/633529146f2c94272bef50ac2953d589","name":"Aconteceu no Vale","description":"Equipe de reportagem do Aconteceu no Vale, portal de not\u00edcias do Vale do Jequitinhonha, em Minas Gerais. Cobrimos as 51 cidades do Vale desde 2013. Sugest\u00f5es de pauta e pedidos de corre\u00e7\u00e3o: contato@aconteceunovale.com.br","sameAs":["http:\/\/www.aconteceunovale.com.br"],"url":"https:\/\/aconteceunovale.com.br\/portal\/?author=1"}]}},"_links":{"self":[{"href":"https:\/\/aconteceunovale.com.br\/portal\/index.php?rest_route=\/wp\/v2\/posts\/164238","targetHints":{"allow":["GET"]}}],"collection":[{"href":"https:\/\/aconteceunovale.com.br\/portal\/index.php?rest_route=\/wp\/v2\/posts"}],"about":[{"href":"https:\/\/aconteceunovale.com.br\/portal\/index.php?rest_route=\/wp\/v2\/types\/post"}],"author":[{"embeddable":true,"href":"https:\/\/aconteceunovale.com.br\/portal\/index.php?rest_route=\/wp\/v2\/users\/1"}],"replies":[{"embeddable":true,"href":"https:\/\/aconteceunovale.com.br\/portal\/index.php?rest_route=%2Fwp%2Fv2%2Fcomments&post=164238"}],"version-history":[{"count":1,"href":"https:\/\/aconteceunovale.com.br\/portal\/index.php?rest_route=\/wp\/v2\/posts\/164238\/revisions"}],"predecessor-version":[{"id":164240,"href":"https:\/\/aconteceunovale.com.br\/portal\/index.php?rest_route=\/wp\/v2\/posts\/164238\/revisions\/164240"}],"wp:featuredmedia":[{"embeddable":true,"href":"https:\/\/aconteceunovale.com.br\/portal\/index.php?rest_route=\/wp\/v2\/media\/164239"}],"wp:attachment":[{"href":"https:\/\/aconteceunovale.com.br\/portal\/index.php?rest_route=%2Fwp%2Fv2%2Fmedia&parent=164238"}],"wp:term":[{"taxonomy":"category","embeddable":true,"href":"https:\/\/aconteceunovale.com.br\/portal\/index.php?rest_route=%2Fwp%2Fv2%2Fcategories&post=164238"},{"taxonomy":"post_tag","embeddable":true,"href":"https:\/\/aconteceunovale.com.br\/portal\/index.php?rest_route=%2Fwp%2Fv2%2Ftags&post=164238"}],"curies":[{"name":"wp","href":"https:\/\/api.w.org\/{rel}","templated":true}]}}