{"id":164234,"date":"2020-06-15T21:22:11","date_gmt":"2020-06-16T00:22:11","guid":{"rendered":"https:\/\/aconteceunovale.com.br\/portal\/?p=164234"},"modified":"2020-06-15T21:22:29","modified_gmt":"2020-06-16T00:22:29","slug":"homem-e-assassinado-na-zona-rural-de-malacacheta","status":"publish","type":"post","link":"https:\/\/aconteceunovale.com.br\/portal\/?p=164234","title":{"rendered":"Homem \u00e9 assassinado na zona rural de Malacacheta"},"content":{"rendered":"\n<p class=\"wp-block-paragraph\">Um homem de 37 anos foi assassinado de forma b\u00e1rbara em um s\u00edtio na zona rural de Malacacheta, pr\u00f3ximo \u00e0 divisa com o munic\u00edpio de Francisc\u00f3polis, no Vale do Mucuri, na manh\u00e3 desta segunda-feira (15\/6\/2020). Dois suspeitos do crime, de 21 e 45 anos, s\u00e3o procurados pela pol\u00edcia.<\/p>\n\n\n\n<p class=\"wp-block-paragraph\">Segundo informa\u00e7\u00f5es da Pol\u00edcia Militar (PM), o crime aconteceu em uma propriedade rural localizada \u00e0s margens de uma estrada vicinal que liga Malacacheta ao povoado de Norete. Os suspeitos armaram uma emboscada e mataram a v\u00edtima Edenilson Alves Macedo. Logo em seguida, conforme a ocorr\u00eancia, a dupla enterrou o corpo.<\/p>\n\n\n\n<p class=\"wp-block-paragraph\">A Pol\u00edcia Militar foi comunicada atrav\u00e9s de uma den\u00fancia an\u00f4nima e, ao chegar no local, os militares seguiram um rastro de sangue at\u00e9 uma \u00e1rea escavada, onde localizaram o corpo de Edenilson enterrado em cova rasa. &nbsp;<\/p>\n\n\n\n<p class=\"wp-block-paragraph\">A Per\u00edcia da Pol\u00edcia Civil foi acionada e constatou que a v\u00edtima foi amarrada e assassinada com cortes no pesco\u00e7o, al\u00e9m de pauladas na cabe\u00e7a.<\/p>\n\n\n\n<p class=\"wp-block-paragraph\">Segundo o Tenente Adeilton, da Pol\u00edcia Militar de Malacacheta, os suspeitos j\u00e1 planejavam o crime h\u00e1 algum tempo. Possivelmente a v\u00edtima foi atra\u00edda para uma emboscada ao ser chamado para fazer um servi\u00e7o. Logo pela manh\u00e3, Edenilson saiu de casa para se encontrar com uma pessoa e horas depois foi encontrado morto.<\/p>\n\n\n\n<p class=\"wp-block-paragraph\">A motiva\u00e7\u00e3o do crime pode estar relacionada a uma d\u00edvida no valor de R$ 5.000,00 referente a um carro que um dos suspeitos comprou da v\u00edtima, como tamb\u00e9m pode ter motiva\u00e7\u00e3o passional. O caso ser\u00e1 investigado pela Pol\u00edcia Civil.\u00a0<\/p>\n\n\n\n<figure class=\"wp-block-gallery columns-1 is-cropped wp-block-gallery-1 is-layout-flex wp-block-gallery-is-layout-flex\"><ul class=\"blocks-gallery-grid\"><li class=\"blocks-gallery-item\"><figure><img loading=\"lazy\" decoding=\"async\" width=\"678\" height=\"382\" src=\"https:\/\/aconteceunovale.com.br\/portal\/wp-content\/uploads\/2020\/06\/homicidio_malacacheta_2.jpg\" alt=\"\" data-id=\"164235\" data-full-url=\"https:\/\/aconteceunovale.com.br\/portal\/wp-content\/uploads\/2020\/06\/homicidio_malacacheta_2.jpg\" data-link=\"https:\/\/aconteceunovale.com.br\/portal\/?attachment_id=164235\" class=\"wp-image-164235\" srcset=\"https:\/\/aconteceunovale.com.br\/portal\/wp-content\/uploads\/2020\/06\/homicidio_malacacheta_2.jpg 678w, https:\/\/aconteceunovale.com.br\/portal\/wp-content\/uploads\/2020\/06\/homicidio_malacacheta_2-300x169.jpg 300w\" sizes=\"auto, (max-width: 678px) 100vw, 678px\" \/><figcaption class=\"blocks-gallery-item__caption\"><em>V\u00edtima tinha 37 anos &#8211; Foto: Reprodu\u00e7\u00e3o<\/em><\/figcaption><\/figure><\/li><\/ul><\/figure>\n\n\n\n<p class=\"has-background has-very-light-gray-background-color wp-block-paragraph\">Quer saber as not\u00edcias do <strong>Aconteceu no Vale<\/strong> em primeira m\u00e3o? Siga-nos no Facebook <a rel=\"noreferrer noopener\" href=\"http:\/\/facebook.com\/aconteceunovale\" target=\"_blank\">@aconteceunovale<\/a>, Twitter <a rel=\"noreferrer noopener\" href=\"https:\/\/twitter.com\/noticiadosvales\" target=\"_blank\">@noticiadosvales<\/a> e Instagram <a rel=\"noreferrer noopener\" href=\"https:\/\/www.instagram.com\/aconteceunovale\" target=\"_blank\">@aconteceunovale<\/a>.<\/p>\n","protected":false},"excerpt":{"rendered":"<p>Um homem de 37 anos foi assassinado de forma b\u00e1rbara em um s\u00edtio na zona rural de Malacacheta, pr\u00f3ximo \u00e0 divisa com o munic\u00edpio de Francisc\u00f3polis, no Vale do Mucuri, na manh\u00e3 desta segunda-feira (15\/6\/2020). Dois suspeitos do crime, de 21 e 45 anos, s\u00e3o procurados pela pol\u00edcia. Segundo informa\u00e7\u00f5es da Pol\u00edcia Militar (PM), o [&hellip;]<\/p>\n","protected":false},"author":1,"featured_media":164236,"comment_status":"open","ping_status":"closed","sticky":false,"template":"","format":"standard","meta":{"amp_status":"","footnotes":""},"categories":[122],"tags":[29972,223744,64273,1018,223749,1089,223743,223748,37914,226,223745,223746,223747,223750,164],"class_list":["post-164234","post","type-post","status-publish","format-standard","has-post-thumbnail","hentry","category-mucuri","tag-assassinato-em-malacacheta","tag-corpo-enterrado-em-malacacheta","tag-crime-barbaro-em-malacacheta","tag-destaque","tag-edenilson-alves-macedo","tag-franciscopolis","tag-homem-e-assassinado-na-zona-rural-de-malacacheta","tag-homem-morto-e-enterrado-em-malacacheta","tag-homicidio-em-malacacheta","tag-malacacheta","tag-morte-de-homem-em-malacacheta","tag-pm-de-malacacheta","tag-policia-militar-de-malacacheta","tag-tenente-adeilton","tag-teofilo-otoni"],"yoast_head":"<!-- This site is optimized with the Yoast SEO plugin v28.3 - https:\/\/yoast.com\/product\/yoast-seo-wordpress\/ -->\n<title>Homem \u00e9 assassinado na zona rural de Malacacheta - Aconteceu no Vale<\/title>\n<meta name=\"robots\" content=\"index, follow, max-snippet:-1, max-image-preview:large, max-video-preview:-1\" \/>\n<link rel=\"canonical\" href=\"https:\/\/aconteceunovale.com.br\/portal\/?p=164234\" \/>\n<meta property=\"og:locale\" content=\"pt_BR\" \/>\n<meta property=\"og:type\" content=\"article\" \/>\n<meta property=\"og:title\" content=\"Homem \u00e9 assassinado na zona rural de Malacacheta - Aconteceu no Vale\" \/>\n<meta property=\"og:description\" content=\"Um homem de 37 anos foi assassinado de forma b\u00e1rbara em um s\u00edtio na zona rural de Malacacheta, pr\u00f3ximo \u00e0 divisa com o munic\u00edpio de Francisc\u00f3polis, no Vale do Mucuri, na manh\u00e3 desta segunda-feira (15\/6\/2020). Dois suspeitos do crime, de 21 e 45 anos, s\u00e3o procurados pela pol\u00edcia. Segundo informa\u00e7\u00f5es da Pol\u00edcia Militar (PM), o [&hellip;]\" \/>\n<meta property=\"og:url\" content=\"https:\/\/aconteceunovale.com.br\/portal\/?p=164234\" \/>\n<meta property=\"og:site_name\" content=\"Aconteceu no Vale\" \/>\n<meta property=\"article:publisher\" content=\"https:\/\/www.facebook.com\/aconteceunovale\/\" \/>\n<meta property=\"article:published_time\" content=\"2020-06-16T00:22:11+00:00\" \/>\n<meta property=\"article:modified_time\" content=\"2020-06-16T00:22:29+00:00\" \/>\n<meta property=\"og:image\" content=\"https:\/\/aconteceunovale.com.br\/portal\/wp-content\/uploads\/2020\/06\/homicidio_malacacheta_1.jpg\" \/>\n\t<meta property=\"og:image:width\" content=\"678\" \/>\n\t<meta property=\"og:image:height\" content=\"382\" \/>\n\t<meta property=\"og:image:type\" content=\"image\/jpeg\" \/>\n<meta name=\"author\" content=\"Aconteceu no Vale\" \/>\n<meta name=\"twitter:card\" content=\"summary_large_image\" \/>\n<meta name=\"twitter:creator\" content=\"@noticiadosvales\" \/>\n<meta name=\"twitter:site\" content=\"@noticiadosvales\" \/>\n<meta name=\"twitter:label1\" content=\"Escrito por\" \/>\n\t<meta name=\"twitter:data1\" content=\"Aconteceu no Vale\" \/>\n\t<meta name=\"twitter:label2\" content=\"Est. tempo de leitura\" \/>\n\t<meta name=\"twitter:data2\" content=\"2 minutos\" \/>\n<script type=\"application\/ld+json\" class=\"yoast-schema-graph\">{\"@context\":\"https:\\\/\\\/schema.org\",\"@graph\":[{\"@type\":\"Article\",\"@id\":\"https:\\\/\\\/aconteceunovale.com.br\\\/portal\\\/?p=164234#article\",\"isPartOf\":{\"@id\":\"https:\\\/\\\/aconteceunovale.com.br\\\/portal\\\/?p=164234\"},\"author\":{\"name\":\"Aconteceu no Vale\",\"@id\":\"https:\\\/\\\/aconteceunovale.com.br\\\/portal\\\/#\\\/schema\\\/person\\\/633529146f2c94272bef50ac2953d589\"},\"headline\":\"Homem \u00e9 assassinado na zona rural de Malacacheta\",\"datePublished\":\"2020-06-16T00:22:11+00:00\",\"dateModified\":\"2020-06-16T00:22:29+00:00\",\"mainEntityOfPage\":{\"@id\":\"https:\\\/\\\/aconteceunovale.com.br\\\/portal\\\/?p=164234\"},\"wordCount\":313,\"commentCount\":0,\"image\":{\"@id\":\"https:\\\/\\\/aconteceunovale.com.br\\\/portal\\\/?p=164234#primaryimage\"},\"thumbnailUrl\":\"https:\\\/\\\/aconteceunovale.com.br\\\/portal\\\/wp-content\\\/uploads\\\/2020\\\/06\\\/homicidio_malacacheta_1.jpg\",\"keywords\":[\"assassinato em malacacheta\",\"Corpo enterrado em Malacacheta\",\"crime b\u00e1rbaro em malacacheta\",\"destaque\",\"Edenilson Alves Macedo\",\"francisc\u00f3polis\",\"Homem \u00e9 assassinado na zona rural de Malacacheta\",\"Homem morto e enterrado em Malacacheta\",\"homic\u00eddio em malacacheta\",\"Malacacheta\",\"Morte de homem em Malacacheta\",\"PM de Malacacheta\",\"Pol\u00edcia Militar de Malacacheta\",\"Tenente Adeilton\",\"Te\u00f3filo Otoni\"],\"articleSection\":[\"Vale do Mucuri\"],\"inLanguage\":\"pt-BR\",\"potentialAction\":[{\"@type\":\"CommentAction\",\"name\":\"Comment\",\"target\":[\"https:\\\/\\\/aconteceunovale.com.br\\\/portal\\\/?p=164234#respond\"]}]},{\"@type\":\"WebPage\",\"@id\":\"https:\\\/\\\/aconteceunovale.com.br\\\/portal\\\/?p=164234\",\"url\":\"https:\\\/\\\/aconteceunovale.com.br\\\/portal\\\/?p=164234\",\"name\":\"Homem \u00e9 assassinado na zona rural de Malacacheta - Aconteceu no Vale\",\"isPartOf\":{\"@id\":\"https:\\\/\\\/aconteceunovale.com.br\\\/portal\\\/#website\"},\"primaryImageOfPage\":{\"@id\":\"https:\\\/\\\/aconteceunovale.com.br\\\/portal\\\/?p=164234#primaryimage\"},\"image\":{\"@id\":\"https:\\\/\\\/aconteceunovale.com.br\\\/portal\\\/?p=164234#primaryimage\"},\"thumbnailUrl\":\"https:\\\/\\\/aconteceunovale.com.br\\\/portal\\\/wp-content\\\/uploads\\\/2020\\\/06\\\/homicidio_malacacheta_1.jpg\",\"datePublished\":\"2020-06-16T00:22:11+00:00\",\"dateModified\":\"2020-06-16T00:22:29+00:00\",\"author\":{\"@id\":\"https:\\\/\\\/aconteceunovale.com.br\\\/portal\\\/#\\\/schema\\\/person\\\/633529146f2c94272bef50ac2953d589\"},\"breadcrumb\":{\"@id\":\"https:\\\/\\\/aconteceunovale.com.br\\\/portal\\\/?p=164234#breadcrumb\"},\"inLanguage\":\"pt-BR\",\"potentialAction\":[{\"@type\":\"ReadAction\",\"target\":[\"https:\\\/\\\/aconteceunovale.com.br\\\/portal\\\/?p=164234\"]}]},{\"@type\":\"ImageObject\",\"inLanguage\":\"pt-BR\",\"@id\":\"https:\\\/\\\/aconteceunovale.com.br\\\/portal\\\/?p=164234#primaryimage\",\"url\":\"https:\\\/\\\/aconteceunovale.com.br\\\/portal\\\/wp-content\\\/uploads\\\/2020\\\/06\\\/homicidio_malacacheta_1.jpg\",\"contentUrl\":\"https:\\\/\\\/aconteceunovale.com.br\\\/portal\\\/wp-content\\\/uploads\\\/2020\\\/06\\\/homicidio_malacacheta_1.jpg\",\"width\":678,\"height\":382},{\"@type\":\"BreadcrumbList\",\"@id\":\"https:\\\/\\\/aconteceunovale.com.br\\\/portal\\\/?p=164234#breadcrumb\",\"itemListElement\":[{\"@type\":\"ListItem\",\"position\":1,\"name\":\"In\u00edcio\",\"item\":\"https:\\\/\\\/aconteceunovale.com.br\\\/portal\\\/\"},{\"@type\":\"ListItem\",\"position\":2,\"name\":\"Homem \u00e9 assassinado na zona rural de Malacacheta\"}]},{\"@type\":\"WebSite\",\"@id\":\"https:\\\/\\\/aconteceunovale.com.br\\\/portal\\\/#website\",\"url\":\"https:\\\/\\\/aconteceunovale.com.br\\\/portal\\\/\",\"name\":\"Aconteceu no Vale\",\"description\":\"Portal de Not\u00edcias\",\"potentialAction\":[{\"@type\":\"SearchAction\",\"target\":{\"@type\":\"EntryPoint\",\"urlTemplate\":\"https:\\\/\\\/aconteceunovale.com.br\\\/portal\\\/?s={search_term_string}\"},\"query-input\":{\"@type\":\"PropertyValueSpecification\",\"valueRequired\":true,\"valueName\":\"search_term_string\"}}],\"inLanguage\":\"pt-BR\"},{\"@type\":\"Person\",\"@id\":\"https:\\\/\\\/aconteceunovale.com.br\\\/portal\\\/#\\\/schema\\\/person\\\/633529146f2c94272bef50ac2953d589\",\"name\":\"Aconteceu no Vale\",\"description\":\"Equipe de reportagem do Aconteceu no Vale, portal de not\u00edcias do Vale do Jequitinhonha, em Minas Gerais. Cobrimos as 51 cidades do Vale desde 2013. Sugest\u00f5es de pauta e pedidos de corre\u00e7\u00e3o: contato@aconteceunovale.com.br\",\"sameAs\":[\"http:\\\/\\\/www.aconteceunovale.com.br\"],\"url\":\"https:\\\/\\\/aconteceunovale.com.br\\\/portal\\\/?author=1\"}]}<\/script>\n<!-- \/ Yoast SEO plugin. -->","yoast_head_json":{"title":"Homem \u00e9 assassinado na zona rural de Malacacheta - Aconteceu no Vale","robots":{"index":"index","follow":"follow","max-snippet":"max-snippet:-1","max-image-preview":"max-image-preview:large","max-video-preview":"max-video-preview:-1"},"canonical":"https:\/\/aconteceunovale.com.br\/portal\/?p=164234","og_locale":"pt_BR","og_type":"article","og_title":"Homem \u00e9 assassinado na zona rural de Malacacheta - Aconteceu no Vale","og_description":"Um homem de 37 anos foi assassinado de forma b\u00e1rbara em um s\u00edtio na zona rural de Malacacheta, pr\u00f3ximo \u00e0 divisa com o munic\u00edpio de Francisc\u00f3polis, no Vale do Mucuri, na manh\u00e3 desta segunda-feira (15\/6\/2020). Dois suspeitos do crime, de 21 e 45 anos, s\u00e3o procurados pela pol\u00edcia. Segundo informa\u00e7\u00f5es da Pol\u00edcia Militar (PM), o [&hellip;]","og_url":"https:\/\/aconteceunovale.com.br\/portal\/?p=164234","og_site_name":"Aconteceu no Vale","article_publisher":"https:\/\/www.facebook.com\/aconteceunovale\/","article_published_time":"2020-06-16T00:22:11+00:00","article_modified_time":"2020-06-16T00:22:29+00:00","og_image":[{"width":678,"height":382,"url":"https:\/\/aconteceunovale.com.br\/portal\/wp-content\/uploads\/2020\/06\/homicidio_malacacheta_1.jpg","type":"image\/jpeg"}],"author":"Aconteceu no Vale","twitter_card":"summary_large_image","twitter_creator":"@noticiadosvales","twitter_site":"@noticiadosvales","twitter_misc":{"Escrito por":"Aconteceu no Vale","Est. tempo de leitura":"2 minutos"},"schema":{"@context":"https:\/\/schema.org","@graph":[{"@type":"Article","@id":"https:\/\/aconteceunovale.com.br\/portal\/?p=164234#article","isPartOf":{"@id":"https:\/\/aconteceunovale.com.br\/portal\/?p=164234"},"author":{"name":"Aconteceu no Vale","@id":"https:\/\/aconteceunovale.com.br\/portal\/#\/schema\/person\/633529146f2c94272bef50ac2953d589"},"headline":"Homem \u00e9 assassinado na zona rural de Malacacheta","datePublished":"2020-06-16T00:22:11+00:00","dateModified":"2020-06-16T00:22:29+00:00","mainEntityOfPage":{"@id":"https:\/\/aconteceunovale.com.br\/portal\/?p=164234"},"wordCount":313,"commentCount":0,"image":{"@id":"https:\/\/aconteceunovale.com.br\/portal\/?p=164234#primaryimage"},"thumbnailUrl":"https:\/\/aconteceunovale.com.br\/portal\/wp-content\/uploads\/2020\/06\/homicidio_malacacheta_1.jpg","keywords":["assassinato em malacacheta","Corpo enterrado em Malacacheta","crime b\u00e1rbaro em malacacheta","destaque","Edenilson Alves Macedo","francisc\u00f3polis","Homem \u00e9 assassinado na zona rural de Malacacheta","Homem morto e enterrado em Malacacheta","homic\u00eddio em malacacheta","Malacacheta","Morte de homem em Malacacheta","PM de Malacacheta","Pol\u00edcia Militar de Malacacheta","Tenente Adeilton","Te\u00f3filo Otoni"],"articleSection":["Vale do Mucuri"],"inLanguage":"pt-BR","potentialAction":[{"@type":"CommentAction","name":"Comment","target":["https:\/\/aconteceunovale.com.br\/portal\/?p=164234#respond"]}]},{"@type":"WebPage","@id":"https:\/\/aconteceunovale.com.br\/portal\/?p=164234","url":"https:\/\/aconteceunovale.com.br\/portal\/?p=164234","name":"Homem \u00e9 assassinado na zona rural de Malacacheta - Aconteceu no Vale","isPartOf":{"@id":"https:\/\/aconteceunovale.com.br\/portal\/#website"},"primaryImageOfPage":{"@id":"https:\/\/aconteceunovale.com.br\/portal\/?p=164234#primaryimage"},"image":{"@id":"https:\/\/aconteceunovale.com.br\/portal\/?p=164234#primaryimage"},"thumbnailUrl":"https:\/\/aconteceunovale.com.br\/portal\/wp-content\/uploads\/2020\/06\/homicidio_malacacheta_1.jpg","datePublished":"2020-06-16T00:22:11+00:00","dateModified":"2020-06-16T00:22:29+00:00","author":{"@id":"https:\/\/aconteceunovale.com.br\/portal\/#\/schema\/person\/633529146f2c94272bef50ac2953d589"},"breadcrumb":{"@id":"https:\/\/aconteceunovale.com.br\/portal\/?p=164234#breadcrumb"},"inLanguage":"pt-BR","potentialAction":[{"@type":"ReadAction","target":["https:\/\/aconteceunovale.com.br\/portal\/?p=164234"]}]},{"@type":"ImageObject","inLanguage":"pt-BR","@id":"https:\/\/aconteceunovale.com.br\/portal\/?p=164234#primaryimage","url":"https:\/\/aconteceunovale.com.br\/portal\/wp-content\/uploads\/2020\/06\/homicidio_malacacheta_1.jpg","contentUrl":"https:\/\/aconteceunovale.com.br\/portal\/wp-content\/uploads\/2020\/06\/homicidio_malacacheta_1.jpg","width":678,"height":382},{"@type":"BreadcrumbList","@id":"https:\/\/aconteceunovale.com.br\/portal\/?p=164234#breadcrumb","itemListElement":[{"@type":"ListItem","position":1,"name":"In\u00edcio","item":"https:\/\/aconteceunovale.com.br\/portal\/"},{"@type":"ListItem","position":2,"name":"Homem \u00e9 assassinado na zona rural de Malacacheta"}]},{"@type":"WebSite","@id":"https:\/\/aconteceunovale.com.br\/portal\/#website","url":"https:\/\/aconteceunovale.com.br\/portal\/","name":"Aconteceu no Vale","description":"Portal de Not\u00edcias","potentialAction":[{"@type":"SearchAction","target":{"@type":"EntryPoint","urlTemplate":"https:\/\/aconteceunovale.com.br\/portal\/?s={search_term_string}"},"query-input":{"@type":"PropertyValueSpecification","valueRequired":true,"valueName":"search_term_string"}}],"inLanguage":"pt-BR"},{"@type":"Person","@id":"https:\/\/aconteceunovale.com.br\/portal\/#\/schema\/person\/633529146f2c94272bef50ac2953d589","name":"Aconteceu no Vale","description":"Equipe de reportagem do Aconteceu no Vale, portal de not\u00edcias do Vale do Jequitinhonha, em Minas Gerais. Cobrimos as 51 cidades do Vale desde 2013. Sugest\u00f5es de pauta e pedidos de corre\u00e7\u00e3o: contato@aconteceunovale.com.br","sameAs":["http:\/\/www.aconteceunovale.com.br"],"url":"https:\/\/aconteceunovale.com.br\/portal\/?author=1"}]}},"_links":{"self":[{"href":"https:\/\/aconteceunovale.com.br\/portal\/index.php?rest_route=\/wp\/v2\/posts\/164234","targetHints":{"allow":["GET"]}}],"collection":[{"href":"https:\/\/aconteceunovale.com.br\/portal\/index.php?rest_route=\/wp\/v2\/posts"}],"about":[{"href":"https:\/\/aconteceunovale.com.br\/portal\/index.php?rest_route=\/wp\/v2\/types\/post"}],"author":[{"embeddable":true,"href":"https:\/\/aconteceunovale.com.br\/portal\/index.php?rest_route=\/wp\/v2\/users\/1"}],"replies":[{"embeddable":true,"href":"https:\/\/aconteceunovale.com.br\/portal\/index.php?rest_route=%2Fwp%2Fv2%2Fcomments&post=164234"}],"version-history":[{"count":1,"href":"https:\/\/aconteceunovale.com.br\/portal\/index.php?rest_route=\/wp\/v2\/posts\/164234\/revisions"}],"predecessor-version":[{"id":164237,"href":"https:\/\/aconteceunovale.com.br\/portal\/index.php?rest_route=\/wp\/v2\/posts\/164234\/revisions\/164237"}],"wp:featuredmedia":[{"embeddable":true,"href":"https:\/\/aconteceunovale.com.br\/portal\/index.php?rest_route=\/wp\/v2\/media\/164236"}],"wp:attachment":[{"href":"https:\/\/aconteceunovale.com.br\/portal\/index.php?rest_route=%2Fwp%2Fv2%2Fmedia&parent=164234"}],"wp:term":[{"taxonomy":"category","embeddable":true,"href":"https:\/\/aconteceunovale.com.br\/portal\/index.php?rest_route=%2Fwp%2Fv2%2Fcategories&post=164234"},{"taxonomy":"post_tag","embeddable":true,"href":"https:\/\/aconteceunovale.com.br\/portal\/index.php?rest_route=%2Fwp%2Fv2%2Ftags&post=164234"}],"curies":[{"name":"wp","href":"https:\/\/api.w.org\/{rel}","templated":true}]}}